{"id":56824,"date":"2014-11-09T14:00:25","date_gmt":"2014-11-09T17:00:25","guid":{"rendered":"http:\/\/www.24baires.com\/?p=56824"},"modified":"2014-11-09T12:10:41","modified_gmt":"2014-11-09T15:10:41","slug":"somos-un-estado-presente-una-realidad-concreta-que-gestiona-dijo-alicia-kirchner","status":"publish","type":"post","link":"http:\/\/www.24baires.com\/?p=56824","title":{"rendered":"\u00abSomos un Estado presente, una realidad concreta que gestiona\u00bb, dijo Alicia Kirchner"},"content":{"rendered":"<p><img data-recalc-dims=\"1\" loading=\"lazy\" decoding=\"async\" class=\"aligncenter wp-image-31691\" src=\"https:\/\/i0.wp.com\/www.24baires.com\/wp-content\/uploads\/2013\/09\/ALicia-k.jpg?resize=560%2C373\" alt=\"ALicia k\" width=\"560\" height=\"373\" srcset=\"https:\/\/i0.wp.com\/www.24baires.com\/wp-content\/uploads\/2013\/09\/ALicia-k.jpg?w=510 510w, https:\/\/i0.wp.com\/www.24baires.com\/wp-content\/uploads\/2013\/09\/ALicia-k.jpg?resize=300%2C200 300w\" sizes=\"auto, (max-width: 560px) 100vw, 560px\" \/>La Ministra de Desarrollo Social, Alicia Kirchner, critic\u00f3 a los dirigentes de la oposici\u00f3n que \u201cest\u00e1n pidiendo a gritos debilidad institucional\u201d y destac\u00f3 que el proyecto pol\u00edtico que conduce la presidenta Cristina Fern\u00e1ndez de Kirchner es \u201cun Estado presente, una realidad concreta que gestiona y resuelve\u201d.<!--more--><\/p>\n<p>En una columna de opini\u00f3n publicada hoy por el diario Tiempo Argentino, la ministra fustig\u00f3 a la oposici\u00f3n \u201cblindada por algunos medios\u201d y le atribuy\u00f3 la intenci\u00f3n de que \u201clas decisiones importantes se las dejemos al pr\u00f3ximo gobierno\u201d.<\/p>\n<p>De esta manera, la funcionaria nacional apunt\u00f3 contra quienes \u201cse declaman republicanos in extremis\u201d pero al mismo tiempo \u201cest\u00e1n pidiendo a gritos debilidad institucional\u201d.<\/p>\n<p>\u201cLo peor es que muchos de los que parlotean han formado parte de un gobierno que apenas cumpli\u00f3 el 50% de su gesti\u00f3n\u201d, se\u00f1al\u00f3 Kirchner en clara alusi\u00f3n al gobierno de la Alianza encabezado por el ex presidente Fernando De la R\u00faa, al tiempo que record\u00f3 que la salida de ese gobierno \u201cpuso en una situaci\u00f3n de riesgo a las instituciones\u201d.<\/p>\n<p>Finalmente, la funcionaria asegur\u00f3 que \u201cno van a detenernos\u201d quienes \u201chace rato han cruzado la l\u00ednea que divide la cr\u00edtica del rid\u00edculo\u201d, y defini\u00f3 al proyecto nacional que conduce la presidenta Cristina Fern\u00e1ndez de Kirchner como \u201cun Estado presente, una realidad concreta que gestiona y resuelve siempre mirando al pueblo a los ojos, sabiendo que todav\u00eda hay mucho por hacer y que no podemos permitirnos habladur\u00edas\u201d.<\/p>\n<p>&nbsp;<\/p>\n<p>&nbsp;<\/p>\n<p>&nbsp;<\/p>\n<p>&nbsp;<\/p>\n<p>&nbsp;<\/p>\n<p>&nbsp;<\/p>\n<p>&nbsp;<\/p>\n<p>&nbsp;<\/p>\n<p>&nbsp;<\/p>\n<p>&nbsp;<\/p>\n<p>&nbsp;<\/p>\n<p>&nbsp;<\/p>\n<p>&nbsp;<\/p>\n<p>&nbsp;<\/p>\n<p>&nbsp;<\/p>\n<p>&nbsp;<\/p>\n","protected":false},"excerpt":{"rendered":"<p>La Ministra de Desarrollo Social, Alicia Kirchner, critic\u00f3 a los dirigentes de la oposici\u00f3n que \u201cest\u00e1n pidiendo a gritos debilidad institucional\u201d y destac\u00f3 que el proyecto pol\u00edtico que conduce la presidenta Cristina Fern\u00e1ndez de Kirchner es \u201cun Estado presente, una realidad concreta que gestiona y resuelve\u201d.<\/p>\n","protected":false},"author":8,"featured_media":0,"comment_status":"open","ping_status":"open","sticky":false,"template":"","format":"standard","meta":{"_jetpack_newsletter_access":"","_jetpack_dont_email_post_to_subs":false,"_jetpack_newsletter_tier_id":0,"_jetpack_memberships_contains_paywalled_content":false,"_jetpack_memberships_contains_paid_content":false,"footnotes":""},"categories":[51],"tags":[],"class_list":["post-56824","post","type-post","status-publish","format-standard","hentry","category-politica"],"jetpack_shortlink":"https:\/\/wp.me\/p2JWE0-eMw","jetpack-related-posts":[{"id":18288,"url":"http:\/\/www.24baires.com\/?p=18288","url_meta":{"origin":56824,"position":0},"title":"Castagneto: A. Kirchner explic\u00f3 que los planes \u00abse aplican bajo dos ejes: la familia y el trabajo\u201d","author":"AF","date":"13\/03\/2013","format":false,"excerpt":"El Secretario de Coordinaci\u00f3n y Monitoreo Institucional en Desarrollo Social, Carlos Castagneto, cit\u00f3 a N\u00e9stor Kirchner y dijo que \u201cpara los derechos no hay techo\u201d. Asimismo, destac\u00f3 que \u201chay un antes y un despu\u00e9s de Alicia Kirchner que instal\u00f3 la palabra derecho y ha cambiado totalmente la realidad\u201d. En primera\u2026","rel":"","context":"En \u00abPol\u00edtica\u00bb","block_context":{"text":"Pol\u00edtica","link":"http:\/\/www.24baires.com\/?cat=51"},"img":{"alt_text":"","src":"","width":0,"height":0},"classes":[]},{"id":117991,"url":"http:\/\/www.24baires.com\/?p=117991","url_meta":{"origin":56824,"position":1},"title":"Cristina: \u00abLa pandemia va a pasar y tendremos que hacernos cargo del muerto que nos dejaron\u00bb","author":"AF","date":"12\/08\/2021","format":false,"excerpt":"La vicepresidenta particip\u00f3 del lanzamiento del nuevo plan Qunita. Consider\u00f3 adem\u00e1s que la oposici\u00f3n se \"dedic\u00f3 a construir otro relato con una formidable maquinaria medi\u00e1tica\", cuando atribu\u00edan a la cuarentena la crisis y no a la pandemia que afectaba al mundo. La vicepresidenta, Cristina Fern\u00e1ndez de Kirchner, subray\u00f3 que la\u2026","rel":"","context":"En \u00abPol\u00edtica\u00bb","block_context":{"text":"Pol\u00edtica","link":"http:\/\/www.24baires.com\/?cat=51"},"img":{"alt_text":"","src":"https:\/\/i0.wp.com\/www.24baires.com\/wp-content\/uploads\/2021\/08\/cfk.jpg?resize=350%2C200","width":350,"height":200,"srcset":"https:\/\/i0.wp.com\/www.24baires.com\/wp-content\/uploads\/2021\/08\/cfk.jpg?resize=350%2C200 1x, https:\/\/i0.wp.com\/www.24baires.com\/wp-content\/uploads\/2021\/08\/cfk.jpg?resize=525%2C300 1.5x"},"classes":[]},{"id":119118,"url":"http:\/\/www.24baires.com\/?p=119118","url_meta":{"origin":56824,"position":2},"title":"El oficialismo convoca a la oposici\u00f3n al di\u00e1logo","author":"AF","date":"20\/07\/2022","format":false,"excerpt":"Las palabras del gobernador bonaerense se suman al llamado que realiz\u00f3 la vicepresidenta Cristina Kirchner en sus \u00faltimas apariciones p\u00fablicas y las expresiones de principio de mes del ministro \"Wado\" de Pedro. Desde el massismo tambi\u00e9n piden lograr consenso b\u00e1sicos. En un contexto econ\u00f3mico complejo, mientras avanzan las reuniones de\u2026","rel":"","context":"En \u00abPol\u00edtica\u00bb","block_context":{"text":"Pol\u00edtica","link":"http:\/\/www.24baires.com\/?cat=51"},"img":{"alt_text":"","src":"https:\/\/i0.wp.com\/www.24baires.com\/wp-content\/uploads\/2021\/12\/axel-kicillof-1jpg.jpg?resize=350%2C200","width":350,"height":200,"srcset":"https:\/\/i0.wp.com\/www.24baires.com\/wp-content\/uploads\/2021\/12\/axel-kicillof-1jpg.jpg?resize=350%2C200 1x, https:\/\/i0.wp.com\/www.24baires.com\/wp-content\/uploads\/2021\/12\/axel-kicillof-1jpg.jpg?resize=525%2C300 1.5x, https:\/\/i0.wp.com\/www.24baires.com\/wp-content\/uploads\/2021\/12\/axel-kicillof-1jpg.jpg?resize=700%2C400 2x"},"classes":[]},{"id":100442,"url":"http:\/\/www.24baires.com\/?p=100442","url_meta":{"origin":56824,"position":3},"title":"CFK: \u00abEl \u00fanico argumento es la persecuci\u00f3n pol\u00edtica\u00bb","author":"AF","date":"08\/02\/2018","format":false,"excerpt":"La ex presidenta atribuy\u00f3 la denuncia por \"da\u00f1os y perjuicios\" por 22.500 millones pesos de Javier Iguacel, titular de Vialidad, a la campa\u00f1a instrumentada en su contra por el Gobierno. Marc\u00f3 las contradicciones de la presentaci\u00f3n judicial y pidi\u00f3 que se cite como testigos a todos los que fueron jefes\u2026","rel":"","context":"En \u00abPol\u00edtica\u00bb","block_context":{"text":"Pol\u00edtica","link":"http:\/\/www.24baires.com\/?cat=51"},"img":{"alt_text":"","src":"https:\/\/i0.wp.com\/www.24baires.com\/wp-content\/uploads\/2017\/09\/cristina.jpg?resize=350%2C200","width":350,"height":200,"srcset":"https:\/\/i0.wp.com\/www.24baires.com\/wp-content\/uploads\/2017\/09\/cristina.jpg?resize=350%2C200 1x, https:\/\/i0.wp.com\/www.24baires.com\/wp-content\/uploads\/2017\/09\/cristina.jpg?resize=525%2C300 1.5x"},"classes":[]},{"id":119328,"url":"http:\/\/www.24baires.com\/?p=119328","url_meta":{"origin":56824,"position":4},"title":"Alberto: \u00abLos inculpados hablaban de que el pr\u00f3ximo soy yo\u00bb","author":"AF","date":"12\/09\/2022","format":false,"excerpt":"En una entrevista con el canal Telecinco Alberto Fern\u00e1ndez revel\u00f3 que los autores del ataque a la Vicepresidenta tambi\u00e9n lo ten\u00edan a \u00e9l como objetivo y agreg\u00f3 que \"es una banda de sinverg\u00fcenzas capaces de hacer semejante atrocidad\". El presidente Alberto Fern\u00e1ndez revel\u00f3 este lunes que los detenidos por el\u2026","rel":"","context":"En \u00abPol\u00edtica\u00bb","block_context":{"text":"Pol\u00edtica","link":"http:\/\/www.24baires.com\/?cat=51"},"img":{"alt_text":"","src":"https:\/\/i0.wp.com\/www.24baires.com\/wp-content\/uploads\/2022\/09\/alberto.jpg?resize=350%2C200","width":350,"height":200,"srcset":"https:\/\/i0.wp.com\/www.24baires.com\/wp-content\/uploads\/2022\/09\/alberto.jpg?resize=350%2C200 1x, https:\/\/i0.wp.com\/www.24baires.com\/wp-content\/uploads\/2022\/09\/alberto.jpg?resize=525%2C300 1.5x, https:\/\/i0.wp.com\/www.24baires.com\/wp-content\/uploads\/2022\/09\/alberto.jpg?resize=700%2C400 2x"},"classes":[]},{"id":13770,"url":"http:\/\/www.24baires.com\/?p=13770","url_meta":{"origin":56824,"position":5},"title":"\u00abAc\u00e1 no hay espacio para los mediocres\u00bb lanz\u00f3 Alicia Kirchner","author":"Grupo Sierra","date":"27\/01\/2013","format":false,"excerpt":"MAR DEL PLATA.- La ministra de Desarrollo Social Alicia Kirchner encabez\u00f3 anoche en el balneario 12 del complejo Punta Mogotes, un encuentro con m\u00e1s de 500 intendentes de distintas ciudades y pueblos del pa\u00eds. La funcionaria nacional explic\u00f3 que \u201cla idea de este encuentro es compartir esta la fortaleza de\u2026","rel":"","context":"En \u00abPol\u00edtica\u00bb","block_context":{"text":"Pol\u00edtica","link":"http:\/\/www.24baires.com\/?cat=51"},"img":{"alt_text":"","src":"https:\/\/i0.wp.com\/www.24baires.com\/wp-content\/uploads\/2013\/01\/alicia_kirchner_jornadas.jpg?resize=350%2C200","width":350,"height":200,"srcset":"https:\/\/i0.wp.com\/www.24baires.com\/wp-content\/uploads\/2013\/01\/alicia_kirchner_jornadas.jpg?resize=350%2C200 1x, https:\/\/i0.wp.com\/www.24baires.com\/wp-content\/uploads\/2013\/01\/alicia_kirchner_jornadas.jpg?resize=525%2C300 1.5x"},"classes":[]}],"jetpack_sharing_enabled":true,"jetpack_likes_enabled":true,"jetpack_featured_media_url":"","_links":{"self":[{"href":"http:\/\/www.24baires.com\/index.php?rest_route=\/wp\/v2\/posts\/56824","targetHints":{"allow":["GET"]}}],"collection":[{"href":"http:\/\/www.24baires.com\/index.php?rest_route=\/wp\/v2\/posts"}],"about":[{"href":"http:\/\/www.24baires.com\/index.php?rest_route=\/wp\/v2\/types\/post"}],"author":[{"embeddable":true,"href":"http:\/\/www.24baires.com\/index.php?rest_route=\/wp\/v2\/users\/8"}],"replies":[{"embeddable":true,"href":"http:\/\/www.24baires.com\/index.php?rest_route=%2Fwp%2Fv2%2Fcomments&post=56824"}],"version-history":[{"count":1,"href":"http:\/\/www.24baires.com\/index.php?rest_route=\/wp\/v2\/posts\/56824\/revisions"}],"predecessor-version":[{"id":56825,"href":"http:\/\/www.24baires.com\/index.php?rest_route=\/wp\/v2\/posts\/56824\/revisions\/56825"}],"wp:attachment":[{"href":"http:\/\/www.24baires.com\/index.php?rest_route=%2Fwp%2Fv2%2Fmedia&parent=56824"}],"wp:term":[{"taxonomy":"category","embeddable":true,"href":"http:\/\/www.24baires.com\/index.php?rest_route=%2Fwp%2Fv2%2Fcategories&post=56824"},{"taxonomy":"post_tag","embeddable":true,"href":"http:\/\/www.24baires.com\/index.php?rest_route=%2Fwp%2Fv2%2Ftags&post=56824"}],"curies":[{"name":"wp","href":"https:\/\/api.w.org\/{rel}","templated":true}]}}