{"id":56809,"date":"2014-11-09T10:00:11","date_gmt":"2014-11-09T13:00:11","guid":{"rendered":"http:\/\/www.24baires.com\/?p=56809"},"modified":"2014-11-09T13:29:18","modified_gmt":"2014-11-09T16:29:18","slug":"nuevo-parte-medico-de-cristina-presenta-buena-evolucion-clinica","status":"publish","type":"post","link":"http:\/\/www.24baires.com\/?p=56809","title":{"rendered":"Nuevo parte m\u00e9dico de Cristina: \u00abPresenta buena evoluci\u00f3n cl\u00ednica\u00bb"},"content":{"rendered":"<p><img data-recalc-dims=\"1\" loading=\"lazy\" decoding=\"async\" class=\"aligncenter size-full wp-image-47480\" src=\"https:\/\/i0.wp.com\/www.24baires.com\/wp-content\/uploads\/2014\/06\/cristina-rating-2.jpg?resize=560%2C354\" alt=\"cristina rating 2\" width=\"560\" height=\"354\" srcset=\"https:\/\/i0.wp.com\/www.24baires.com\/wp-content\/uploads\/2014\/06\/cristina-rating-2.jpg?w=560 560w, https:\/\/i0.wp.com\/www.24baires.com\/wp-content\/uploads\/2014\/06\/cristina-rating-2.jpg?resize=300%2C189 300w\" sizes=\"auto, (max-width: 560px) 100vw, 560px\" \/>La presidenta Cristina Fern\u00e1ndez de Kirchner \u201cpresenta buena evoluci\u00f3n cl\u00ednica e imagenol\u00f3gica\u201d, al cumplirse su sexto d\u00eda de internaci\u00f3n en el sanatorio Otamendi, seg\u00fan se indic\u00f3 en un nuevo parte m\u00e9dico firmado por los integrantes de la unidad m\u00e9dica presidencial.<!--more--><\/p>\n<p>\u201cLa se\u00f1ora Presidenta de la Naci\u00f3n, Doctora Cristina Fern\u00e1ndez de Kirchner, cursa el sexto d\u00eda de internaci\u00f3n por un cuadro de sigmoiditis. Presenta buena evoluci\u00f3n cl\u00ednica e imagenol\u00f3gica, contin\u00faa con dieta especial y tratamiento sintom\u00e1tico y antibi\u00f3tico\u201d, indica el parte que lleva la firma de los doctores Marcelo Ballesteros y Daniel Fern\u00e1ndez.<\/p>\n<p>\u201cPermanece internada para completar el tratamiento, con control evolutivo\u201d, concluye el comunicado de tres p\u00e1rrafos distribuido por Presidencia de la Naci\u00f3n.<\/p>\n<p>&nbsp;<\/p>\n<p>&nbsp;<\/p>\n<p>&nbsp;<\/p>\n<p>&nbsp;<\/p>\n<p>&nbsp;<\/p>\n<p>&nbsp;<\/p>\n<p>&nbsp;<\/p>\n<p>&nbsp;<\/p>\n<p>&nbsp;<\/p>\n<p>&nbsp;<\/p>\n<p>&nbsp;<\/p>\n<p>&nbsp;<\/p>\n","protected":false},"excerpt":{"rendered":"<p>La presidenta Cristina Fern\u00e1ndez de Kirchner \u201cpresenta buena evoluci\u00f3n cl\u00ednica e imagenol\u00f3gica\u201d, al cumplirse su sexto d\u00eda de internaci\u00f3n en el sanatorio Otamendi, seg\u00fan se indic\u00f3 en un nuevo parte m\u00e9dico firmado por los integrantes de la unidad m\u00e9dica presidencial.<\/p>\n","protected":false},"author":8,"featured_media":0,"comment_status":"open","ping_status":"open","sticky":false,"template":"","format":"standard","meta":{"_jetpack_newsletter_access":"","_jetpack_dont_email_post_to_subs":false,"_jetpack_newsletter_tier_id":0,"_jetpack_memberships_contains_paywalled_content":false,"_jetpack_memberships_contains_paid_content":false,"footnotes":""},"categories":[51],"tags":[],"class_list":["post-56809","post","type-post","status-publish","format-standard","hentry","category-politica"],"jetpack_shortlink":"https:\/\/wp.me\/p2JWE0-eMh","jetpack-related-posts":[{"id":56828,"url":"http:\/\/www.24baires.com\/?p=56828","url_meta":{"origin":56809,"position":0},"title":"Le dieron el alta a Cristina Kirchner","author":"GB","date":"09\/11\/2014","format":false,"excerpt":"Tras una semana internada en el sanatorio Otamendi, la Presidente fue dada de alta y deber\u00e1 descansar unos d\u00edas antes de volver a las actividades normales. Tras cumplir hoy una semana de internaci\u00f3n en una cl\u00ednica del barrio de Balvanera bajo tratamiento antibi\u00f3tico por presentar un cuadro de sigmoiditis, la\u2026","rel":"","context":"En \u00abPol\u00edtica\u00bb","block_context":{"text":"Pol\u00edtica","link":"http:\/\/www.24baires.com\/?cat=51"},"img":{"alt_text":"vuelta cristina","src":"https:\/\/i0.wp.com\/www.24baires.com\/wp-content\/uploads\/2013\/11\/vuelta-cristina.jpg?resize=350%2C200","width":350,"height":200,"srcset":"https:\/\/i0.wp.com\/www.24baires.com\/wp-content\/uploads\/2013\/11\/vuelta-cristina.jpg?resize=350%2C200 1x, https:\/\/i0.wp.com\/www.24baires.com\/wp-content\/uploads\/2013\/11\/vuelta-cristina.jpg?resize=525%2C300 1.5x"},"classes":[]},{"id":56767,"url":"http:\/\/www.24baires.com\/?p=56767","url_meta":{"origin":56809,"position":1},"title":"\u00abDieta y tratamiento especial\u00bb para Cristina","author":"Grupo Sierra","date":"07\/11\/2014","format":false,"excerpt":"En un nuevo parte de la Unidad M\u00e9dica, se informa que la Presidenta de la Naci\u00f3n pas\u00f3 su quinto d\u00eda de internaci\u00f3n por un cuadro de sigmoiditis cumpliendo tratamiento, con estudios de rutina y control evolutivo. La presidenta de la Naci\u00f3n, Cristina Fern\u00e1ndez de Kirchner, \"se encuentra estable, con dieta\u2026","rel":"","context":"En \u00abGeneral\u00bb","block_context":{"text":"General","link":"http:\/\/www.24baires.com\/?cat=67"},"img":{"alt_text":"cristina","src":"https:\/\/i0.wp.com\/www.24baires.com\/wp-content\/uploads\/2014\/10\/cristina4.jpg?resize=350%2C200","width":350,"height":200,"srcset":"https:\/\/i0.wp.com\/www.24baires.com\/wp-content\/uploads\/2014\/10\/cristina4.jpg?resize=350%2C200 1x, https:\/\/i0.wp.com\/www.24baires.com\/wp-content\/uploads\/2014\/10\/cristina4.jpg?resize=525%2C300 1.5x"},"classes":[]},{"id":56459,"url":"http:\/\/www.24baires.com\/?p=56459","url_meta":{"origin":56809,"position":2},"title":"Internaron a Cristina en el Sanatorio Otamendi por un cuadro febril","author":"GB","date":"02\/11\/2014","format":false,"excerpt":"La Unidad m\u00e9dica presidencial inform\u00f3 que la mandataria \"presenta un cuadro febril infecciooso\" y que \"debido a ello se decidi\u00f3 su internaci\u00f3n para estudio y control\". La presidenta Cristina Fern\u00e1ndez de Kirchner fue internada en el sanatorio Otamendi por presentar un \"cuadro febril infeccioso\", inform\u00f3 esta noche la Unidad M\u00e9dica\u2026","rel":"","context":"En \u00abPol\u00edtica\u00bb","block_context":{"text":"Pol\u00edtica","link":"http:\/\/www.24baires.com\/?cat=51"},"img":{"alt_text":"cristina23","src":"https:\/\/i0.wp.com\/www.24baires.com\/wp-content\/uploads\/2014\/10\/cristina23.jpg?resize=350%2C200","width":350,"height":200,"srcset":"https:\/\/i0.wp.com\/www.24baires.com\/wp-content\/uploads\/2014\/10\/cristina23.jpg?resize=350%2C200 1x, https:\/\/i0.wp.com\/www.24baires.com\/wp-content\/uploads\/2014\/10\/cristina23.jpg?resize=525%2C300 1.5x"},"classes":[]},{"id":56715,"url":"http:\/\/www.24baires.com\/?p=56715","url_meta":{"origin":56809,"position":3},"title":"Cristina contin\u00faa internada pero se encuentra estable","author":"Grupo Sierra","date":"06\/11\/2014","format":false,"excerpt":"El parte m\u00e9dico a\u00f1ade que la Presidenta \"se encuentra con dieta especial, cumpliendo tratamiento sintom\u00e1tico y antibi\u00f3tico y que contin\u00faa internada para completar el tratamiento, con control cl\u00ednico y estudios de rutina\". El parte, difundido en la Casa de Gobierno, expresa que la mandataria \"cursa el cuarto d\u00eda de internaci\u00f3n\u2026","rel":"","context":"En \u00abGeneral\u00bb","block_context":{"text":"General","link":"http:\/\/www.24baires.com\/?cat=67"},"img":{"alt_text":"vuelta cristina","src":"https:\/\/i0.wp.com\/www.24baires.com\/wp-content\/uploads\/2013\/11\/vuelta-cristina.jpg?resize=350%2C200","width":350,"height":200,"srcset":"https:\/\/i0.wp.com\/www.24baires.com\/wp-content\/uploads\/2013\/11\/vuelta-cristina.jpg?resize=350%2C200 1x, https:\/\/i0.wp.com\/www.24baires.com\/wp-content\/uploads\/2013\/11\/vuelta-cristina.jpg?resize=525%2C300 1.5x"},"classes":[]},{"id":39500,"url":"http:\/\/www.24baires.com\/?p=39500","url_meta":{"origin":56809,"position":4},"title":"Cristina realizar\u00e1 un tratamiento por inflamaci\u00f3n en la zona lumbar","author":"Grupo Sierra","date":"30\/01\/2014","format":false,"excerpt":"La presidenta Cristina Fern\u00e1ndez de Kirchner se atendi\u00f3 anoche el hospital Universitario Austral de Pilar, donde se le indic\u00f3 un tratamiento \"fisio-kin\u00e9sico\" y controles perid\u00f3dicos \"para constatar su evoluci\u00f3n\". En dos comunicados, emitidos por el Hospital Austral y difundidos la Secretar\u00eda de Comunicaci\u00f3n P\u00fablica, se se\u00f1ala textualmente: \"La doctora Cristina\u2026","rel":"","context":"En \u00abPol\u00edtica\u00bb","block_context":{"text":"Pol\u00edtica","link":"http:\/\/www.24baires.com\/?cat=51"},"img":{"alt_text":"cristina saqueos","src":"https:\/\/i0.wp.com\/www.24baires.com\/wp-content\/uploads\/2013\/12\/cristina-saqueos.jpg?resize=350%2C200","width":350,"height":200,"srcset":"https:\/\/i0.wp.com\/www.24baires.com\/wp-content\/uploads\/2013\/12\/cristina-saqueos.jpg?resize=350%2C200 1x, https:\/\/i0.wp.com\/www.24baires.com\/wp-content\/uploads\/2013\/12\/cristina-saqueos.jpg?resize=525%2C300 1.5x"},"classes":[]},{"id":35001,"url":"http:\/\/www.24baires.com\/?p=35001","url_meta":{"origin":56809,"position":5},"title":"El lunes 18 Cristina retomar\u00e1 sus actividades","author":"GB","date":"11\/11\/2013","format":false,"excerpt":"Lo inform\u00f3 el secretario de Comunicaci\u00f3n P\u00fablica, Alfredo Scoccimarro. La presidenta Cristina Fern\u00e1ndez de Kirchner retomar\u00e1 sus actividades el pr\u00f3ximo lunes 18 de noviembre, tras confirmarse en los \u00faltimos estudios que se le practicaron que presenta un buen estado de salud, ya recuperada de la intervenci\u00f3n quir\u00fargica a la que\u2026","rel":"","context":"En \u00abPol\u00edtica\u00bb","block_context":{"text":"Pol\u00edtica","link":"http:\/\/www.24baires.com\/?cat=51"},"img":{"alt_text":"operacion cristina","src":"https:\/\/i0.wp.com\/www.24baires.com\/wp-content\/uploads\/2013\/10\/operacion-cristina.jpg?resize=350%2C200","width":350,"height":200,"srcset":"https:\/\/i0.wp.com\/www.24baires.com\/wp-content\/uploads\/2013\/10\/operacion-cristina.jpg?resize=350%2C200 1x, https:\/\/i0.wp.com\/www.24baires.com\/wp-content\/uploads\/2013\/10\/operacion-cristina.jpg?resize=525%2C300 1.5x"},"classes":[]}],"jetpack_sharing_enabled":true,"jetpack_likes_enabled":true,"jetpack_featured_media_url":"","_links":{"self":[{"href":"http:\/\/www.24baires.com\/index.php?rest_route=\/wp\/v2\/posts\/56809","targetHints":{"allow":["GET"]}}],"collection":[{"href":"http:\/\/www.24baires.com\/index.php?rest_route=\/wp\/v2\/posts"}],"about":[{"href":"http:\/\/www.24baires.com\/index.php?rest_route=\/wp\/v2\/types\/post"}],"author":[{"embeddable":true,"href":"http:\/\/www.24baires.com\/index.php?rest_route=\/wp\/v2\/users\/8"}],"replies":[{"embeddable":true,"href":"http:\/\/www.24baires.com\/index.php?rest_route=%2Fwp%2Fv2%2Fcomments&post=56809"}],"version-history":[{"count":1,"href":"http:\/\/www.24baires.com\/index.php?rest_route=\/wp\/v2\/posts\/56809\/revisions"}],"predecessor-version":[{"id":56810,"href":"http:\/\/www.24baires.com\/index.php?rest_route=\/wp\/v2\/posts\/56809\/revisions\/56810"}],"wp:attachment":[{"href":"http:\/\/www.24baires.com\/index.php?rest_route=%2Fwp%2Fv2%2Fmedia&parent=56809"}],"wp:term":[{"taxonomy":"category","embeddable":true,"href":"http:\/\/www.24baires.com\/index.php?rest_route=%2Fwp%2Fv2%2Fcategories&post=56809"},{"taxonomy":"post_tag","embeddable":true,"href":"http:\/\/www.24baires.com\/index.php?rest_route=%2Fwp%2Fv2%2Ftags&post=56809"}],"curies":[{"name":"wp","href":"https:\/\/api.w.org\/{rel}","templated":true}]}}