{"id":56789,"date":"2014-11-08T17:00:08","date_gmt":"2014-11-08T20:00:08","guid":{"rendered":"http:\/\/www.24baires.com\/?p=56789"},"modified":"2014-11-09T09:48:58","modified_gmt":"2014-11-09T12:48:58","slug":"larroque-tildo-de-temerarias-las-acusaciones-a-maximo-por-el-incendio","status":"publish","type":"post","link":"http:\/\/www.24baires.com\/?p=56789","title":{"rendered":"Larroque tild\u00f3 de \u00abtemerarias\u00bb las acusaciones a M\u00e1ximo por el incendio"},"content":{"rendered":"<p><img data-recalc-dims=\"1\" loading=\"lazy\" decoding=\"async\" class=\"aligncenter size-full wp-image-31892\" src=\"https:\/\/i0.wp.com\/www.24baires.com\/wp-content\/uploads\/2013\/09\/larroque-cuervo.jpg?resize=560%2C331\" alt=\"larroque cuervo\" width=\"560\" height=\"331\" srcset=\"https:\/\/i0.wp.com\/www.24baires.com\/wp-content\/uploads\/2013\/09\/larroque-cuervo.jpg?w=560 560w, https:\/\/i0.wp.com\/www.24baires.com\/wp-content\/uploads\/2013\/09\/larroque-cuervo.jpg?resize=300%2C177 300w\" sizes=\"auto, (max-width: 560px) 100vw, 560px\" \/>El secretario general de La C\u00e1mpora, Andr\u00e9s Larroque, indic\u00f3 que \u00absi alguien tiene una denuncia tiene que ir a la Justicia\u00bb en relaci\u00f3n al incendio de un supermercado en Puerto Madryn del que intentaron responsabilizar a M\u00e1ximo Kirchner.<!--more--><\/p>\n<p>\u201cSi alguien tiene una acusaci\u00f3n de ese tipo en primer lugar lo que tiene que hacer es dirigirse a la justicia. Entonces, la primera confusi\u00f3n de aquellos que se rasgan las vestiduras defendiendo las instituciones es ir a llevar tama\u00f1a acusaci\u00f3n, absolutamente irracional y temeraria, a un altar de las corporaciones como es Clar\u00edn\u00bb, dijo Larroque en radio Del Plata.<\/p>\n<p>As\u00ed se refiri\u00f3 a las acusaciones sobre M\u00e1ximo Kirchner respecto de un incendio que se registr\u00f3 en una sucursal de Hipertehuelche, un mercado de venta de materiales para la construcci\u00f3n del diputado radical Eduardo Costa, aunque ni siquiera el radicalismo provincial respald\u00f3 la acusaci\u00f3n.<\/p>\n<p>\u00abNo tiene mucho sentido. Seg\u00fan esta gente, (M\u00e1ximo) pasa de estar con la playstation a tener un lanzallamas\u201d, ironiz\u00f3 Larroque a prop\u00f3sito de las acusaciones de la esposa de Costa, la referente provincial de la Coalici\u00f3n C\u00edvica, Mariana Zuvic.<\/p>\n<p>Tambi\u00e9n dijo que la versi\u00f3n period\u00edstica sugiere que hay un \u00abestado de violencia en la sociedad\u00bb intentando poner \u00abde fondo al kirchnerismo\u00bb y \u00abno son afirmaciones inocentes, tienen que ver con un supuesto estado de violencia que se habr\u00eda generado este tiempo de la pol\u00edtica argentina, cuando yo me quiero preguntar en realidad qui\u00e9nes son los que generan esta violencia\u00bb.<\/p>\n<p>&nbsp;<\/p>\n","protected":false},"excerpt":{"rendered":"<p>El secretario general de La C\u00e1mpora, Andr\u00e9s Larroque, indic\u00f3 que \u00absi alguien tiene una denuncia tiene que ir a la Justicia\u00bb en relaci\u00f3n al incendio de un supermercado en Puerto Madryn del que intentaron responsabilizar a M\u00e1ximo Kirchner.<\/p>\n","protected":false},"author":11,"featured_media":0,"comment_status":"open","ping_status":"open","sticky":false,"template":"","format":"standard","meta":{"_jetpack_newsletter_access":"","_jetpack_dont_email_post_to_subs":false,"_jetpack_newsletter_tier_id":0,"_jetpack_memberships_contains_paywalled_content":false,"_jetpack_memberships_contains_paid_content":false,"footnotes":""},"categories":[51],"tags":[],"class_list":["post-56789","post","type-post","status-publish","format-standard","hentry","category-politica"],"jetpack_shortlink":"https:\/\/wp.me\/p2JWE0-eLX","jetpack-related-posts":[{"id":114902,"url":"http:\/\/www.24baires.com\/?p=114902","url_meta":{"origin":56789,"position":0},"title":"Larroque: \u00abEn este contexto dif\u00edcil nosotros venimos a poner todo y un poco m\u00e1s\u00bb","author":"AF","date":"04\/05\/2020","format":false,"excerpt":"El gobernador Axel Kicillof le tom\u00f3 el juramento al flamante ministro de Desarrollo de la Comunidad de la Provincia, Andr\u00e9s Larroque. Presencia de intendentes, M\u00e1ximo Kirchner y Sergio Massa, entre otros. El gobernador Axel Kicillof le tom\u00f3 juramento al nuevo ministro de Desarrollo de la Comunidad de la Provincia de\u2026","rel":"","context":"En \u00abProvincia\u00bb","block_context":{"text":"Provincia","link":"http:\/\/www.24baires.com\/?cat=40"},"img":{"alt_text":"","src":"https:\/\/i0.wp.com\/www.24baires.com\/wp-content\/uploads\/2020\/05\/kici-larroque.jpg?resize=350%2C200","width":350,"height":200,"srcset":"https:\/\/i0.wp.com\/www.24baires.com\/wp-content\/uploads\/2020\/05\/kici-larroque.jpg?resize=350%2C200 1x, https:\/\/i0.wp.com\/www.24baires.com\/wp-content\/uploads\/2020\/05\/kici-larroque.jpg?resize=525%2C300 1.5x"},"classes":[]},{"id":63813,"url":"http:\/\/www.24baires.com\/?p=63813","url_meta":{"origin":56789,"position":1},"title":"\u00abSi hay alguien oscuro en este pa\u00eds, \u00e9se es Mauricio Macri\u00bb, dijo Larroque","author":"GB","date":"01\/04\/2015","format":false,"excerpt":"El referente de La C\u00e1mpora respondi\u00f3 as\u00ed a las declaraciones del l\u00edder del PRO, quien asegur\u00f3 que \"es bueno que M\u00e1ximo Kirchner haya salido de la oscuridad\", luego de que concediera una extensa entrevista radial. El diputado nacional Andr\u00e9s Larroque (FPV) sostuvo este mi\u00e9rcoles que \"si hay alguien oscuro en\u2026","rel":"","context":"En \u00abPol\u00edtica\u00bb","block_context":{"text":"Pol\u00edtica","link":"http:\/\/www.24baires.com\/?cat=51"},"img":{"alt_text":"larroque cuervo","src":"https:\/\/i0.wp.com\/www.24baires.com\/wp-content\/uploads\/2013\/09\/larroque-cuervo.jpg?resize=350%2C200","width":350,"height":200,"srcset":"https:\/\/i0.wp.com\/www.24baires.com\/wp-content\/uploads\/2013\/09\/larroque-cuervo.jpg?resize=350%2C200 1x, https:\/\/i0.wp.com\/www.24baires.com\/wp-content\/uploads\/2013\/09\/larroque-cuervo.jpg?resize=525%2C300 1.5x"},"classes":[]},{"id":59018,"url":"http:\/\/www.24baires.com\/?p=59018","url_meta":{"origin":56789,"position":2},"title":"Clar\u00edn le cay\u00f3 a Larroque y Cristina lo defendi\u00f3","author":"Grupo Sierra","date":"22\/12\/2014","format":false,"excerpt":"La presidenta Cristina Fern\u00e1ndez de Kirchner calific\u00f3 esta tarde de \"imperdible\" al art\u00edculo del diputado nacional Andr\u00e9s Larroque publicado hoy en el portal de la agencia de noticias T\u00e9lam, en el que el legislador rechaza la portada de ayer del diario Clar\u00edn que se refiere a la mandataria y a\u2026","rel":"","context":"En \u00abPol\u00edtica\u00bb","block_context":{"text":"Pol\u00edtica","link":"http:\/\/www.24baires.com\/?cat=51"},"img":{"alt_text":"","src":"https:\/\/i0.wp.com\/www.24baires.com\/wp-content\/uploads\/2014\/12\/cristina-larroque-tw.jpg?resize=350%2C200","width":350,"height":200,"srcset":"https:\/\/i0.wp.com\/www.24baires.com\/wp-content\/uploads\/2014\/12\/cristina-larroque-tw.jpg?resize=350%2C200 1x, https:\/\/i0.wp.com\/www.24baires.com\/wp-content\/uploads\/2014\/12\/cristina-larroque-tw.jpg?resize=525%2C300 1.5x"},"classes":[]},{"id":100871,"url":"http:\/\/www.24baires.com\/?p=100871","url_meta":{"origin":56789,"position":3},"title":"Cristina Kirchner va a juicio oral por el memor\u00e1ndum con Ir\u00e1n","author":"GB","date":"05\/03\/2018","format":false,"excerpt":"El juez Claudio Bonadio cerr\u00f3 la instrucci\u00f3n y elev\u00f3 la causa por las cusas en las que tambi\u00e9n ser\u00e1n juzgados Carlos Zannini y H\u00e9ctor Timerman, entre otros exfuncionarios. El juez Claudio Bonadio elev\u00f3 a juicio oral el juicio por el memor\u00e1ndum con Ir\u00e1n, por el que ser\u00e1n juzgado la expresidenta\u2026","rel":"","context":"En \u00abPol\u00edtica\u00bb","block_context":{"text":"Pol\u00edtica","link":"http:\/\/www.24baires.com\/?cat=51"},"img":{"alt_text":"","src":"https:\/\/i0.wp.com\/www.24baires.com\/wp-content\/uploads\/2017\/10\/cristina-1.jpg?resize=350%2C200","width":350,"height":200,"srcset":"https:\/\/i0.wp.com\/www.24baires.com\/wp-content\/uploads\/2017\/10\/cristina-1.jpg?resize=350%2C200 1x, https:\/\/i0.wp.com\/www.24baires.com\/wp-content\/uploads\/2017\/10\/cristina-1.jpg?resize=525%2C300 1.5x"},"classes":[]},{"id":59061,"url":"http:\/\/www.24baires.com\/?p=59061","url_meta":{"origin":56789,"position":4},"title":"Larroque: \u00abClar\u00edn se qued\u00f3 sin agenda\u00bb","author":"AF","date":"23\/12\/2014","format":false,"excerpt":"El diputado nacional Andr\u00e9s Larroque (Frente para la Victoria) asegur\u00f3 hoy que Clar\u00edn \u201cse ha quedado sin agenda\u201d y cuestion\u00f3 el \u201cataque indiscriminado de ese multimedio\u201d al gobierno nacional, al sostener que refleja \u201cla impotencia frente a la consolidaci\u00f3n del proyecto pol\u00edtico\u201d que encabeza la presidenta Cristina Fern\u00e1ndez de Kirchner.\u2026","rel":"","context":"En \u00abMedios\u00bb","block_context":{"text":"Medios","link":"http:\/\/www.24baires.com\/?cat=54"},"img":{"alt_text":"larroque cuervo","src":"https:\/\/i0.wp.com\/www.24baires.com\/wp-content\/uploads\/2013\/09\/larroque-cuervo.jpg?resize=350%2C200","width":350,"height":200,"srcset":"https:\/\/i0.wp.com\/www.24baires.com\/wp-content\/uploads\/2013\/09\/larroque-cuervo.jpg?resize=350%2C200 1x, https:\/\/i0.wp.com\/www.24baires.com\/wp-content\/uploads\/2013\/09\/larroque-cuervo.jpg?resize=525%2C300 1.5x"},"classes":[]},{"id":105173,"url":"http:\/\/www.24baires.com\/?p=105173","url_meta":{"origin":56789,"position":5},"title":"\u00abSer\u00eda aberrante formar un frente opositor sin el kirchnerismo\u00bb","author":"GB","date":"30\/10\/2018","format":false,"excerpt":"El intendente de Tigre afirm\u00f3 que CFK y Massa tienen \"ideas en com\u00fan\" y pidi\u00f3 que confluyan en un mismo frente. Larroque le abri\u00f3 las puertas al exdiputado y dijo que \"el \u00fanico l\u00edmite es Macri\". El intendente de Tigre, Julio Zamora, opin\u00f3 que ser\u00eda \"aberrante\" excluir al kirchnerismo del\u2026","rel":"","context":"En \u00abPol\u00edtica\u00bb","block_context":{"text":"Pol\u00edtica","link":"http:\/\/www.24baires.com\/?cat=51"},"img":{"alt_text":"","src":"https:\/\/i0.wp.com\/www.24baires.com\/wp-content\/uploads\/2018\/10\/massa-zamora.jpg?resize=350%2C200","width":350,"height":200,"srcset":"https:\/\/i0.wp.com\/www.24baires.com\/wp-content\/uploads\/2018\/10\/massa-zamora.jpg?resize=350%2C200 1x, https:\/\/i0.wp.com\/www.24baires.com\/wp-content\/uploads\/2018\/10\/massa-zamora.jpg?resize=525%2C300 1.5x"},"classes":[]}],"jetpack_sharing_enabled":true,"jetpack_likes_enabled":true,"jetpack_featured_media_url":"","_links":{"self":[{"href":"http:\/\/www.24baires.com\/index.php?rest_route=\/wp\/v2\/posts\/56789","targetHints":{"allow":["GET"]}}],"collection":[{"href":"http:\/\/www.24baires.com\/index.php?rest_route=\/wp\/v2\/posts"}],"about":[{"href":"http:\/\/www.24baires.com\/index.php?rest_route=\/wp\/v2\/types\/post"}],"author":[{"embeddable":true,"href":"http:\/\/www.24baires.com\/index.php?rest_route=\/wp\/v2\/users\/11"}],"replies":[{"embeddable":true,"href":"http:\/\/www.24baires.com\/index.php?rest_route=%2Fwp%2Fv2%2Fcomments&post=56789"}],"version-history":[{"count":1,"href":"http:\/\/www.24baires.com\/index.php?rest_route=\/wp\/v2\/posts\/56789\/revisions"}],"predecessor-version":[{"id":56790,"href":"http:\/\/www.24baires.com\/index.php?rest_route=\/wp\/v2\/posts\/56789\/revisions\/56790"}],"wp:attachment":[{"href":"http:\/\/www.24baires.com\/index.php?rest_route=%2Fwp%2Fv2%2Fmedia&parent=56789"}],"wp:term":[{"taxonomy":"category","embeddable":true,"href":"http:\/\/www.24baires.com\/index.php?rest_route=%2Fwp%2Fv2%2Fcategories&post=56789"},{"taxonomy":"post_tag","embeddable":true,"href":"http:\/\/www.24baires.com\/index.php?rest_route=%2Fwp%2Fv2%2Ftags&post=56789"}],"curies":[{"name":"wp","href":"https:\/\/api.w.org\/{rel}","templated":true}]}}