{"id":56750,"date":"2014-11-07T15:00:47","date_gmt":"2014-11-07T18:00:47","guid":{"rendered":"http:\/\/www.24baires.com\/?p=56750"},"modified":"2014-11-07T15:00:47","modified_gmt":"2014-11-07T18:00:47","slug":"el-gobierno-reestatizo-el-servicio-de-trenes-de-larga-distancia","status":"publish","type":"post","link":"http:\/\/www.24baires.com\/?p=56750","title":{"rendered":"El Gobierno reestatiz\u00f3 el servicio de trenes de larga distancia"},"content":{"rendered":"<p><img data-recalc-dims=\"1\" loading=\"lazy\" decoding=\"async\" src=\"https:\/\/i0.wp.com\/www.24baires.com\/wp-content\/uploads\/2014\/01\/randazzo-1.jpg?resize=560%2C333\" alt=\"randazzo 1\" width=\"560\" height=\"333\" class=\"aligncenter size-full wp-image-38437\" srcset=\"https:\/\/i0.wp.com\/www.24baires.com\/wp-content\/uploads\/2014\/01\/randazzo-1.jpg?w=560 560w, https:\/\/i0.wp.com\/www.24baires.com\/wp-content\/uploads\/2014\/01\/randazzo-1.jpg?resize=300%2C178 300w\" sizes=\"auto, (max-width: 560px) 100vw, 560px\" \/>Lo anunci\u00f3 el ministro de Transporte, Florencio Randazzo. A partir de ma\u00f1ana, el Estado tomar\u00e1 control de los servicios que van de Retiro a Rosario, a C\u00f3rdoba y a Tucum\u00e1n. <!--more--><\/p>\n","protected":false},"excerpt":{"rendered":"<p>Lo anunci\u00f3 el ministro de Transporte, Florencio Randazzo. A partir de ma\u00f1ana, el Estado tomar\u00e1 control de los servicios que van de Retiro a Rosario, a C\u00f3rdoba y a Tucum\u00e1n.<\/p>\n","protected":false},"author":8,"featured_media":0,"comment_status":"open","ping_status":"open","sticky":false,"template":"","format":"standard","meta":{"_jetpack_newsletter_access":"","_jetpack_dont_email_post_to_subs":false,"_jetpack_newsletter_tier_id":0,"_jetpack_memberships_contains_paywalled_content":false,"_jetpack_memberships_contains_paid_content":false,"footnotes":""},"categories":[51],"tags":[],"class_list":["post-56750","post","type-post","status-publish","format-standard","hentry","category-politica"],"jetpack_shortlink":"https:\/\/wp.me\/p2JWE0-eLk","jetpack-related-posts":[{"id":115747,"url":"http:\/\/www.24baires.com\/?p=115747","url_meta":{"origin":56750,"position":0},"title":"Once municipios bonaerenses se movieron de fase","author":"GB","date":"27\/07\/2020","format":false,"excerpt":"De acuerdo al listado semanal que difunde el gobierno de Axel Kicillof los mayores cambios se dieron de la fase 5 a la 4 donde seis comunas retrocedieron por su situaci\u00f3n epidemiol\u00f3gica. Hay un distrito que cay\u00f3 en fase 3 y otros tres subieron a la quinta. El Gobierno bonaerense\u2026","rel":"","context":"En \u00abProvincia\u00bb","block_context":{"text":"Provincia","link":"http:\/\/www.24baires.com\/?cat=40"},"img":{"alt_text":"","src":"https:\/\/i0.wp.com\/www.24baires.com\/wp-content\/uploads\/2020\/07\/escuela.jpg?resize=350%2C200","width":350,"height":200,"srcset":"https:\/\/i0.wp.com\/www.24baires.com\/wp-content\/uploads\/2020\/07\/escuela.jpg?resize=350%2C200 1x, https:\/\/i0.wp.com\/www.24baires.com\/wp-content\/uploads\/2020\/07\/escuela.jpg?resize=525%2C300 1.5x"},"classes":[]},{"id":117291,"url":"http:\/\/www.24baires.com\/?p=117291","url_meta":{"origin":56750,"position":1},"title":"Provincia aplicar\u00e1 impuestos al servicio de streaming","author":"GB","date":"10\/03\/2021","format":false,"excerpt":"El tributo ser\u00e1 a partir de abril en todos los servicios digitales de empresas extranjeras. El Gobierno bonaerense aplicar\u00e1 desde abril un impuesto a los servicios de streaming, lo que se traduce en un aumento del 2% en las facturas de Netflix y Spotify, entre otras plataformas. Se trata del\u2026","rel":"","context":"En \u00abProvincia\u00bb","block_context":{"text":"Provincia","link":"http:\/\/www.24baires.com\/?cat=40"},"img":{"alt_text":"","src":"https:\/\/i0.wp.com\/www.24baires.com\/wp-content\/uploads\/2017\/07\/netflix.jpg?resize=350%2C200","width":350,"height":200,"srcset":"https:\/\/i0.wp.com\/www.24baires.com\/wp-content\/uploads\/2017\/07\/netflix.jpg?resize=350%2C200 1x, https:\/\/i0.wp.com\/www.24baires.com\/wp-content\/uploads\/2017\/07\/netflix.jpg?resize=525%2C300 1.5x"},"classes":[]},{"id":101587,"url":"http:\/\/www.24baires.com\/?p=101587","url_meta":{"origin":56750,"position":2},"title":"Intendente propone un l\u00edmite a las tarifas: que afecten hasta el 30% del sueldo como m\u00e1ximo","author":"GB","date":"13\/04\/2018","format":false,"excerpt":"Eduardo Santill\u00e1n, intendente de Gonzales Ch\u00e1vez, propone que los servicios no ocupen m\u00e1s de un tercio del salario. Adem\u00e1s del agua, el gas y la luz consider\u00f3 a internet como servicio b\u00e1sico. La pelea por combatir los efectos del tarfiazo no da tregua. El intendente de Gonzales Ch\u00e1vez propuso que\u2026","rel":"","context":"En \u00abSociedad\u00bb","block_context":{"text":"Sociedad","link":"http:\/\/www.24baires.com\/?cat=1"},"img":{"alt_text":"","src":"https:\/\/i0.wp.com\/www.24baires.com\/wp-content\/uploads\/2016\/09\/boletas-de-luz.jpg?resize=350%2C200","width":350,"height":200,"srcset":"https:\/\/i0.wp.com\/www.24baires.com\/wp-content\/uploads\/2016\/09\/boletas-de-luz.jpg?resize=350%2C200 1x, https:\/\/i0.wp.com\/www.24baires.com\/wp-content\/uploads\/2016\/09\/boletas-de-luz.jpg?resize=525%2C300 1.5x"},"classes":[]},{"id":102169,"url":"http:\/\/www.24baires.com\/?p=102169","url_meta":{"origin":56750,"position":3},"title":"Vidal proh\u00edbe a municipios cobrar tasas ajenas al servicio","author":"GB","date":"16\/05\/2018","format":false,"excerpt":"En una nueva respuesta a la presi\u00f3n opositora por la baja de las tarifas, el Gobierno bonaerense les bloque\u00f3 a los municipios y cooperativas la posibilidad de cobrar tasas y otros servicios que no est\u00e9n directamente vinculados con la prestaci\u00f3n del servicio. La medida, que comenzar\u00e1 a regir desde este\u2026","rel":"","context":"En \u00abProvincia\u00bb","block_context":{"text":"Provincia","link":"http:\/\/www.24baires.com\/?cat=40"},"img":{"alt_text":"","src":"https:\/\/i0.wp.com\/www.24baires.com\/wp-content\/uploads\/2018\/03\/tarifaso-saladillo-300x200.jpg?resize=350%2C200","width":350,"height":200},"classes":[]},{"id":111219,"url":"http:\/\/www.24baires.com\/?p=111219","url_meta":{"origin":56750,"position":4},"title":"Mar del Plata: el intendente pidi\u00f3 por servicio militar \u00abinclusivo\u00bb","author":"GB","date":"17\/07\/2019","format":false,"excerpt":"El intendente de Mar del Plata, Carlos Arroyo, apoy\u00f3 hoy la iniciativa del servicio c\u00edvico voluntario de la ministra de Seguridad nacional, Patricia Bullrich, y fue m\u00e1s all\u00e1 al pedir por la vuelta del servicio militar en el que tambi\u00e9n incluir\u00eda a mujeres y personas discapacitadas. De cualquier manera, aclar\u00f3\u2026","rel":"","context":"En \u00abMunicipios\u00bb","block_context":{"text":"Municipios","link":"http:\/\/www.24baires.com\/?cat=44"},"img":{"alt_text":"","src":"https:\/\/i0.wp.com\/www.24baires.com\/wp-content\/uploads\/2019\/07\/arroyo-300x200.jpg?resize=350%2C200","width":350,"height":200},"classes":[]},{"id":106265,"url":"http:\/\/www.24baires.com\/?p=106265","url_meta":{"origin":56750,"position":5},"title":"Buscan declarar a los cementerios como \u00abservicio esencial\u00bb contra medidas de fuerza","author":"GB","date":"09\/01\/2019","format":false,"excerpt":"Luego de las medidas de fuerza de empleados municipales que afectaron el funcionamiento de cementerios de Mar del Plata, Bah\u00eda Blanca y La Playa, el senador Andr\u00e9s de Leo (Cambiemos), se\u00f1al\u00f3 que presentar\u00e1 un proyecto para declarar las tareas de la necr\u00f3polis como Servicio Esencial. La iniciativa busca evitar que\u2026","rel":"","context":"En \u00abProvincia\u00bb","block_context":{"text":"Provincia","link":"http:\/\/www.24baires.com\/?cat=40"},"img":{"alt_text":"","src":"https:\/\/i0.wp.com\/www.24baires.com\/wp-content\/uploads\/2019\/01\/cementerio.jpg?resize=350%2C200","width":350,"height":200},"classes":[]}],"jetpack_sharing_enabled":true,"jetpack_likes_enabled":true,"jetpack_featured_media_url":"","_links":{"self":[{"href":"http:\/\/www.24baires.com\/index.php?rest_route=\/wp\/v2\/posts\/56750","targetHints":{"allow":["GET"]}}],"collection":[{"href":"http:\/\/www.24baires.com\/index.php?rest_route=\/wp\/v2\/posts"}],"about":[{"href":"http:\/\/www.24baires.com\/index.php?rest_route=\/wp\/v2\/types\/post"}],"author":[{"embeddable":true,"href":"http:\/\/www.24baires.com\/index.php?rest_route=\/wp\/v2\/users\/8"}],"replies":[{"embeddable":true,"href":"http:\/\/www.24baires.com\/index.php?rest_route=%2Fwp%2Fv2%2Fcomments&post=56750"}],"version-history":[{"count":1,"href":"http:\/\/www.24baires.com\/index.php?rest_route=\/wp\/v2\/posts\/56750\/revisions"}],"predecessor-version":[{"id":56751,"href":"http:\/\/www.24baires.com\/index.php?rest_route=\/wp\/v2\/posts\/56750\/revisions\/56751"}],"wp:attachment":[{"href":"http:\/\/www.24baires.com\/index.php?rest_route=%2Fwp%2Fv2%2Fmedia&parent=56750"}],"wp:term":[{"taxonomy":"category","embeddable":true,"href":"http:\/\/www.24baires.com\/index.php?rest_route=%2Fwp%2Fv2%2Fcategories&post=56750"},{"taxonomy":"post_tag","embeddable":true,"href":"http:\/\/www.24baires.com\/index.php?rest_route=%2Fwp%2Fv2%2Ftags&post=56750"}],"curies":[{"name":"wp","href":"https:\/\/api.w.org\/{rel}","templated":true}]}}