{"id":56746,"date":"2014-11-07T13:00:13","date_gmt":"2014-11-07T16:00:13","guid":{"rendered":"http:\/\/www.24baires.com\/?p=56746"},"modified":"2014-11-08T10:31:12","modified_gmt":"2014-11-08T13:31:12","slug":"berni-fue-designado-como-vocal-de-interpol","status":"publish","type":"post","link":"http:\/\/www.24baires.com\/?p=56746","title":{"rendered":"Berni fue designado como vocal de Interpol"},"content":{"rendered":"<p><img data-recalc-dims=\"1\" loading=\"lazy\" decoding=\"async\" class=\"aligncenter size-full wp-image-38662\" src=\"https:\/\/i0.wp.com\/www.24baires.com\/wp-content\/uploads\/2014\/01\/berni.jpg?resize=560%2C381\" alt=\"berni\" width=\"560\" height=\"381\" srcset=\"https:\/\/i0.wp.com\/www.24baires.com\/wp-content\/uploads\/2014\/01\/berni.jpg?w=560 560w, https:\/\/i0.wp.com\/www.24baires.com\/wp-content\/uploads\/2014\/01\/berni.jpg?resize=300%2C204 300w\" sizes=\"auto, (max-width: 560px) 100vw, 560px\" \/>El secretario de Seguridad fue electo este viernes con el 57 por ciento de los votos durante la Asamblea General de M\u00f3naco. El Comit\u00e9 Ejecutivo de Interpol se compone de trece miembros que tienen un mandato de tres a\u00f1os.<!--more--><\/p>\n<p>\u201cEl voto mayoritario de las polic\u00edas en Interpol es reconocimiento a nuestra lucha contra el narcotr\u00e1fico\u201d, expres\u00f3 el funcionario tras ser electo, al tiempo que agreg\u00f3 que \u00abla cooperaci\u00f3n internacional es el mecanismo m\u00e1s eficaz para confrontar los obst\u00e1culos burocr\u00e1ticos\u00bb,<\/p>\n<p>\u00abS\u00f3lo podremos triunfar sobre el crimen organizado si reforzamos el compromiso de la gesti\u00f3n extendiendo nuestra solidaridad\u00bb, a\u00f1adi\u00f3 Berni.<\/p>\n<p>D\u00edas atr\u00e1s, el vicecanciller argentino Eduardo Zuain oficializ\u00f3 la candidatura de Berni para el cargo ante los delegados de los 166 pa\u00edses representados en la Asamblea General de Interpol que se celebra M\u00f3naco.<\/p>\n<p>El Comit\u00e9 Ejecutivo de Interpol se compone de trece miembros que tienen un mandato de tres a\u00f1os.<\/p>\n<p>&nbsp;<\/p>\n<p>&nbsp;<\/p>\n<p>&nbsp;<\/p>\n<p>&nbsp;<\/p>\n<p>&nbsp;<\/p>\n<p>&nbsp;<\/p>\n<p>&nbsp;<\/p>\n<p>&nbsp;<\/p>\n<p>&nbsp;<\/p>\n<p>&nbsp;<\/p>\n<p>&nbsp;<\/p>\n<p>&nbsp;<\/p>\n","protected":false},"excerpt":{"rendered":"<p>El secretario de Seguridad fue electo este viernes con el 57 por ciento de los votos durante la Asamblea General de M\u00f3naco. El Comit\u00e9 Ejecutivo de Interpol se compone de trece miembros que tienen un mandato de tres a\u00f1os.<\/p>\n","protected":false},"author":8,"featured_media":0,"comment_status":"open","ping_status":"open","sticky":false,"template":"","format":"standard","meta":{"_jetpack_newsletter_access":"","_jetpack_dont_email_post_to_subs":false,"_jetpack_newsletter_tier_id":0,"_jetpack_memberships_contains_paywalled_content":false,"_jetpack_memberships_contains_paid_content":false,"footnotes":""},"categories":[51],"tags":[],"class_list":["post-56746","post","type-post","status-publish","format-standard","hentry","category-politica"],"jetpack_shortlink":"https:\/\/wp.me\/p2JWE0-eLg","jetpack-related-posts":[{"id":56578,"url":"http:\/\/www.24baires.com\/?p=56578","url_meta":{"origin":56746,"position":0},"title":"\u00bfBerni a la Interpol?","author":"Grupo Sierra","date":"04\/11\/2014","format":false,"excerpt":"Se oficializ\u00f3 la candidatura del secretario de Seguridad para ocupar el puesto vacante del Comit\u00e9 Ejecutivo por Am\u00e9rica. Se decidir\u00e1 el viernes. El vicecanciller Eduardo Zuain oficializ\u00f3 la candidatura del secretario de Seguridad, Sergio Berni, a uno de los puestos vacantes del comit\u00e9 ejecutivo de Interpol, que se decidir\u00e1 el\u2026","rel":"","context":"En \u00abGeneral\u00bb","block_context":{"text":"General","link":"http:\/\/www.24baires.com\/?cat=67"},"img":{"alt_text":"berni","src":"https:\/\/i0.wp.com\/www.24baires.com\/wp-content\/uploads\/2014\/01\/berni.jpg?resize=350%2C200","width":350,"height":200,"srcset":"https:\/\/i0.wp.com\/www.24baires.com\/wp-content\/uploads\/2014\/01\/berni.jpg?resize=350%2C200 1x, https:\/\/i0.wp.com\/www.24baires.com\/wp-content\/uploads\/2014\/01\/berni.jpg?resize=525%2C300 1.5x"},"classes":[]},{"id":107534,"url":"http:\/\/www.24baires.com\/?p=107534","url_meta":{"origin":56746,"position":1},"title":"Samid puso como condici\u00f3n para entregarse que tambi\u00e9n se presente ante la Justicia el fiscal Stornelli","author":"GB","date":"05\/04\/2019","format":false,"excerpt":"El empresario de la carne Alberto Samid contin\u00faa pr\u00f3fugo pero tir\u00f3 pistas. Dijo que est\u00e1 en una provincia peronista y que en 12 horas puede llegar a Buenos Aires. Interpol lo calific\u00f3 como \u201cviolento\u201d. Lo buscan por una causa iniciada hace 23 a\u00f1os y por evasi\u00f3n de impuestos. Interpol emiti\u00f3\u2026","rel":"","context":"En \u00abPol\u00edtica\u00bb","block_context":{"text":"Pol\u00edtica","link":"http:\/\/www.24baires.com\/?cat=51"},"img":{"alt_text":"","src":"https:\/\/i0.wp.com\/www.24baires.com\/wp-content\/uploads\/2013\/01\/samid-alberto.jpg?resize=350%2C200","width":350,"height":200},"classes":[]},{"id":113032,"url":"http:\/\/www.24baires.com\/?p=113032","url_meta":{"origin":56746,"position":2},"title":"La Polic\u00eda de Brasil colaborar\u00e1 con Nicaragua tras el pedido de captura de Darth\u00e9s","author":"GB","date":"18\/11\/2019","format":false,"excerpt":"Sostuvo que est\u00e1 \"siguiendo el caso\" y que \"si es necesario auxiliar\u00e1 a las autoridades extranjeras\". Es probable que la Corte Suprema brasilera trate la prisi\u00f3n preventiva pedida por Interpol. La Polic\u00eda Federal de Brasil afirm\u00f3 que colaborar\u00e1 con las autoridades de Nicaragua, frente a la alerta roja lanzada por\u2026","rel":"","context":"En \u00abPoliciales\u00bb","block_context":{"text":"Policiales","link":"http:\/\/www.24baires.com\/?cat=49"},"img":{"alt_text":"","src":"https:\/\/i0.wp.com\/www.24baires.com\/wp-content\/uploads\/2018\/12\/darth%C3%A9s.jpg?resize=350%2C200","width":350,"height":200,"srcset":"https:\/\/i0.wp.com\/www.24baires.com\/wp-content\/uploads\/2018\/12\/darth%C3%A9s.jpg?resize=350%2C200 1x, https:\/\/i0.wp.com\/www.24baires.com\/wp-content\/uploads\/2018\/12\/darth%C3%A9s.jpg?resize=525%2C300 1.5x"},"classes":[]},{"id":60273,"url":"http:\/\/www.24baires.com\/?p=60273","url_meta":{"origin":56746,"position":3},"title":"\u00abLo que dice el fiscal Nisman es falso\u00bb, dijo el ex secretario de Interpol","author":"GB","date":"18\/01\/2015","format":false,"excerpt":"El ex secretario general de Interpol, Ronald Noble, dijo que ninguna autoridad argentina trat\u00f3 de cancelar los alertas rojos contra los acusados iran\u00edes, ni se sugiri\u00f3 que no fueran responsables del ataque a la AMIA y que la firma del memor\u00e1ndum fue un intento por destrabar la causa. \"La afirmaci\u00f3n\u2026","rel":"","context":"En \u00abPol\u00edtica\u00bb","block_context":{"text":"Pol\u00edtica","link":"http:\/\/www.24baires.com\/?cat=51"},"img":{"alt_text":"","src":"https:\/\/i0.wp.com\/www.24baires.com\/wp-content\/uploads\/2015\/01\/ex-secretario-interpol.jpg?resize=350%2C200","width":350,"height":200,"srcset":"https:\/\/i0.wp.com\/www.24baires.com\/wp-content\/uploads\/2015\/01\/ex-secretario-interpol.jpg?resize=350%2C200 1x, https:\/\/i0.wp.com\/www.24baires.com\/wp-content\/uploads\/2015\/01\/ex-secretario-interpol.jpg?resize=525%2C300 1.5x"},"classes":[]},{"id":100033,"url":"http:\/\/www.24baires.com\/?p=100033","url_meta":{"origin":56746,"position":4},"title":"Balcedo ten\u00eda 3,8 millones de d\u00f3lares en cofres bancarios en Montevideo","author":"AF","date":"18\/01\/2018","format":false,"excerpt":"La polic\u00eda uruguaya, Interpol y la Fiscal\u00eda de Maldonado encontraron esa suma en cajas de seguridad pertenecientes al titular del Sindicato de Obreros y Empleados de Minoridad y Educaci\u00f3n (Soeme). Seg\u00fan surgi\u00f3 de la investigaci\u00f3n conjunta entre la polic\u00eda uruguaya, Interpol y la Fiscal\u00eda de Maldonado, cerca de US$ 3.800.000\u2026","rel":"","context":"En \u00abJUDICIALES\u00bb","block_context":{"text":"JUDICIALES","link":"http:\/\/www.24baires.com\/?cat=68"},"img":{"alt_text":"","src":"https:\/\/i0.wp.com\/www.24baires.com\/wp-content\/uploads\/2018\/01\/balcedo-1.jpg?resize=350%2C200","width":350,"height":200,"srcset":"https:\/\/i0.wp.com\/www.24baires.com\/wp-content\/uploads\/2018\/01\/balcedo-1.jpg?resize=350%2C200 1x, https:\/\/i0.wp.com\/www.24baires.com\/wp-content\/uploads\/2018\/01\/balcedo-1.jpg?resize=525%2C300 1.5x"},"classes":[]},{"id":121578,"url":"http:\/\/www.24baires.com\/?p=121578","url_meta":{"origin":56746,"position":5},"title":"Interpol emiti\u00f3 alerta roja para capturar al diputado ped\u00f3filo Kizcka","author":"GB","date":"27\/08\/2024","format":false,"excerpt":"Ambos permanecen pr\u00f3fugos y podr\u00edan haber huido a Brasil o Paraguay de manera ilegal. Interpol Argentina emiti\u00f3 oficialmente este lunes una notificaci\u00f3n roja para la b\u00fasqueda nacional e internacional del diputado misionero Germ\u00e1n Kiczka y su hermano Sebasti\u00e1n, ambos pr\u00f3fugos de la justicia. Los hermanos Kiczka son acusados de producir\u2026","rel":"","context":"En \u00abPol\u00edtica\u00bb","block_context":{"text":"Pol\u00edtica","link":"http:\/\/www.24baires.com\/?cat=51"},"img":{"alt_text":"","src":"https:\/\/i0.wp.com\/www.24baires.com\/wp-content\/uploads\/2024\/08\/diputado-pedofilia.webp?resize=350%2C200","width":350,"height":200,"srcset":"https:\/\/i0.wp.com\/www.24baires.com\/wp-content\/uploads\/2024\/08\/diputado-pedofilia.webp?resize=350%2C200 1x, https:\/\/i0.wp.com\/www.24baires.com\/wp-content\/uploads\/2024\/08\/diputado-pedofilia.webp?resize=525%2C300 1.5x, https:\/\/i0.wp.com\/www.24baires.com\/wp-content\/uploads\/2024\/08\/diputado-pedofilia.webp?resize=700%2C400 2x"},"classes":[]}],"jetpack_sharing_enabled":true,"jetpack_likes_enabled":true,"jetpack_featured_media_url":"","_links":{"self":[{"href":"http:\/\/www.24baires.com\/index.php?rest_route=\/wp\/v2\/posts\/56746","targetHints":{"allow":["GET"]}}],"collection":[{"href":"http:\/\/www.24baires.com\/index.php?rest_route=\/wp\/v2\/posts"}],"about":[{"href":"http:\/\/www.24baires.com\/index.php?rest_route=\/wp\/v2\/types\/post"}],"author":[{"embeddable":true,"href":"http:\/\/www.24baires.com\/index.php?rest_route=\/wp\/v2\/users\/8"}],"replies":[{"embeddable":true,"href":"http:\/\/www.24baires.com\/index.php?rest_route=%2Fwp%2Fv2%2Fcomments&post=56746"}],"version-history":[{"count":1,"href":"http:\/\/www.24baires.com\/index.php?rest_route=\/wp\/v2\/posts\/56746\/revisions"}],"predecessor-version":[{"id":56747,"href":"http:\/\/www.24baires.com\/index.php?rest_route=\/wp\/v2\/posts\/56746\/revisions\/56747"}],"wp:attachment":[{"href":"http:\/\/www.24baires.com\/index.php?rest_route=%2Fwp%2Fv2%2Fmedia&parent=56746"}],"wp:term":[{"taxonomy":"category","embeddable":true,"href":"http:\/\/www.24baires.com\/index.php?rest_route=%2Fwp%2Fv2%2Fcategories&post=56746"},{"taxonomy":"post_tag","embeddable":true,"href":"http:\/\/www.24baires.com\/index.php?rest_route=%2Fwp%2Fv2%2Ftags&post=56746"}],"curies":[{"name":"wp","href":"https:\/\/api.w.org\/{rel}","templated":true}]}}