{"id":56726,"date":"2014-11-07T09:30:35","date_gmt":"2014-11-07T12:30:35","guid":{"rendered":"http:\/\/www.24baires.com\/?p=56726"},"modified":"2014-11-08T10:31:07","modified_gmt":"2014-11-08T13:31:07","slug":"capitanich-considero-que-algunos-pretenden-generar-problemas-donde-no-hay","status":"publish","type":"post","link":"http:\/\/www.24baires.com\/?p=56726","title":{"rendered":"Capitanich consider\u00f3 que \u00abalgunos pretenden generar problemas donde no hay\u00bb"},"content":{"rendered":"<p><img data-recalc-dims=\"1\" loading=\"lazy\" decoding=\"async\" class=\"aligncenter size-full wp-image-53421\" src=\"https:\/\/i0.wp.com\/www.24baires.com\/wp-content\/uploads\/2014\/09\/capitanich-4.jpg?resize=560%2C313\" alt=\"capitanich 4\" width=\"560\" height=\"313\" srcset=\"https:\/\/i0.wp.com\/www.24baires.com\/wp-content\/uploads\/2014\/09\/capitanich-4.jpg?w=560 560w, https:\/\/i0.wp.com\/www.24baires.com\/wp-content\/uploads\/2014\/09\/capitanich-4.jpg?resize=300%2C167 300w\" sizes=\"auto, (max-width: 560px) 100vw, 560px\" \/>El jefe de Gabinete, Jorge Capitanich, dijo en ese sentido que la falta de una pieza en la industria automotriz no puede ser \u00abde ninguna manera\u00bb factor para una suspensi\u00f3n de personal o para que se paralice la producci\u00f3n de una planta.<!--more--><\/p>\n<p>De esta manera, Capitanich se refiri\u00f3 a la situaci\u00f3n planteada en la planta de la empresa Renault en la localidad de Santa Isabel, provincia de C\u00f3rdoba, que decidi\u00f3 suspender por una jornada al 50 por ciento de sus operarios ante la falta de un componente del aire acondicionado en la l\u00ednea de montaje de los veh\u00edculos suministrados por un proveedor puntual.<\/p>\n<p>\u00abDe ninguna manera, eso puede ser el factor para una suspensi\u00f3n o para que se paralice la producci\u00f3n\u00bb, dijo Capitanich en su habitual rueda de prensa matutina en Casa de Gobierno.<\/p>\n<p>\u00abObservamos operaciones a trav\u00e9s de las c\u00e1maras del sector y de voceros interesados todo el tiempo pretendiendo generar problemas donde no los hay\u00bb, a\u00f1adi\u00f3 el jefe de Gabinete.<\/p>\n<p>Sobre el caso puntual de la planta de la ciudad cordobesa, el funcionario dijo que buscar\u00e1 \u00abverificar y constatar\u00bb que ese sea realmente el problema, y afirm\u00f3 que los ministerios de Industria y de Econom\u00eda \u00abr\u00e1pidamente resolver\u00e1n\u00bb la cuesti\u00f3n.<\/p>\n<p>En ese marco, volvi\u00f3 a destacar que el monitoreo de parte del gobierno sobre la industria automotriz es \u00abconstante y permanente\u00bb y se\u00f1al\u00f3 que la falta de un componente \u00abno debe ser obst\u00e1culo para el flujo de importaciones previsto y debe resolverse en forma inmediata\u00bb.<\/p>\n<p>Por \u00faltimo, el jefe de Gabinete dijo que en los \u00faltimos meses \u00abse ha observado una reducci\u00f3n significativa del n\u00famero de suspensiones\u00bb y destac\u00f3 las herramientas implementadas por el gobierno para \u00abpreservar los niveles de empleo\u00bb.<\/p>\n<p>&nbsp;<\/p>\n<p>&nbsp;<\/p>\n<p>&nbsp;<\/p>\n<p>&nbsp;<\/p>\n<p>&nbsp;<\/p>\n<p>&nbsp;<\/p>\n<p>&nbsp;<\/p>\n<p>&nbsp;<\/p>\n<p>&nbsp;<\/p>\n<p>&nbsp;<\/p>\n<p>&nbsp;<\/p>\n<p>&nbsp;<\/p>\n<p>&nbsp;<\/p>\n<p>&nbsp;<\/p>\n<p>&nbsp;<\/p>\n","protected":false},"excerpt":{"rendered":"<p>El jefe de Gabinete, Jorge Capitanich, dijo en ese sentido que la falta de una pieza en la industria automotriz no puede ser \u00abde ninguna manera\u00bb factor para una suspensi\u00f3n de personal o para que se paralice la producci\u00f3n de una planta.<\/p>\n","protected":false},"author":8,"featured_media":0,"comment_status":"open","ping_status":"open","sticky":false,"template":"","format":"standard","meta":{"_jetpack_newsletter_access":"","_jetpack_dont_email_post_to_subs":false,"_jetpack_newsletter_tier_id":0,"_jetpack_memberships_contains_paywalled_content":false,"_jetpack_memberships_contains_paid_content":false,"footnotes":""},"categories":[51],"tags":[],"class_list":["post-56726","post","type-post","status-publish","format-standard","hentry","category-politica"],"jetpack_shortlink":"https:\/\/wp.me\/p2JWE0-eKW","jetpack-related-posts":[{"id":116123,"url":"http:\/\/www.24baires.com\/?p=116123","url_meta":{"origin":56726,"position":0},"title":"\u00abLa Argentina central que tiene periferias no se puede tolerar m\u00e1s\u00bb","author":"AF","date":"01\/09\/2020","format":false,"excerpt":"El Presidente encabez\u00f3 la firma de convenios con el gobernador de Chaco, Jorge Capitanich. En ese marco, defendi\u00f3 el acceso a la conectividad y al conocimiento en todo el pa\u00eds. El presidente Alberto Fern\u00e1ndez reafirm\u00f3 que \"la Argentina central, que tiene dos periferias, al norte y a sur del pa\u00eds,\u2026","rel":"","context":"En \u00abPol\u00edtica\u00bb","block_context":{"text":"Pol\u00edtica","link":"http:\/\/www.24baires.com\/?cat=51"},"img":{"alt_text":"","src":"https:\/\/i0.wp.com\/www.24baires.com\/wp-content\/uploads\/2020\/09\/fern%C3%A1ndez-capitanich.jpg?resize=350%2C200","width":350,"height":200,"srcset":"https:\/\/i0.wp.com\/www.24baires.com\/wp-content\/uploads\/2020\/09\/fern%C3%A1ndez-capitanich.jpg?resize=350%2C200 1x, https:\/\/i0.wp.com\/www.24baires.com\/wp-content\/uploads\/2020\/09\/fern%C3%A1ndez-capitanich.jpg?resize=525%2C300 1.5x"},"classes":[]},{"id":47058,"url":"http:\/\/www.24baires.com\/?p=47058","url_meta":{"origin":56726,"position":1},"title":"Reuni\u00f3n entre Capitanich y Scioli por la planta tomada en Escobar","author":"Grupo Sierra","date":"30\/05\/2014","format":false,"excerpt":"Se trata de la autopartista Gestamp, donde trabajadores protestan contra suspensiones y despidos, lo que deriv\u00f3 en la paralizaci\u00f3n de las terminales Ford, Volkswagen y Peugeot El jefe de Gabinete, Jorge Capitanich, anunci\u00f3 hoy que convoc\u00f3 al gobernador bonaerense, Daniel Scioli, con el prop\u00f3sito de evaluar la situaci\u00f3n de la\u2026","rel":"","context":"En \u00abProvincia\u00bb","block_context":{"text":"Provincia","link":"http:\/\/www.24baires.com\/?cat=40"},"img":{"alt_text":"scioli y capitanich","src":"https:\/\/i0.wp.com\/www.24baires.com\/wp-content\/uploads\/2014\/01\/scioli-y-capitanich.jpg?resize=350%2C200","width":350,"height":200,"srcset":"https:\/\/i0.wp.com\/www.24baires.com\/wp-content\/uploads\/2014\/01\/scioli-y-capitanich.jpg?resize=350%2C200 1x, https:\/\/i0.wp.com\/www.24baires.com\/wp-content\/uploads\/2014\/01\/scioli-y-capitanich.jpg?resize=525%2C300 1.5x"},"classes":[]},{"id":61339,"url":"http:\/\/www.24baires.com\/?p=61339","url_meta":{"origin":56726,"position":2},"title":"\u201cExisten las condiciones para incrementar la producci\u00f3n automotriz\u201d","author":"AF","date":"06\/02\/2015","format":false,"excerpt":"El jefe de Gabinete asegur\u00f3 esta ma\u00f1ana que \"las previsiones indican que la industria automotriz crecer\u00e1 un 6 por ciento\u201d, al tiempo que ratific\u00f3 que no existen suspensiones en el sector. Ayer, Peugeot neg\u00f3 despidios. En ese sentido, el funcionario record\u00f3 que la industria automotriz registr\u00f3 producci\u00f3n r\u00e9cord en 2011,\u2026","rel":"","context":"En \u00abEconom\u00eda\u00bb","block_context":{"text":"Econom\u00eda","link":"http:\/\/www.24baires.com\/?cat=45"},"img":{"alt_text":"capitanich","src":"https:\/\/i0.wp.com\/www.24baires.com\/wp-content\/uploads\/2014\/04\/capitanich.jpg?resize=350%2C200","width":350,"height":200,"srcset":"https:\/\/i0.wp.com\/www.24baires.com\/wp-content\/uploads\/2014\/04\/capitanich.jpg?resize=350%2C200 1x, https:\/\/i0.wp.com\/www.24baires.com\/wp-content\/uploads\/2014\/04\/capitanich.jpg?resize=525%2C300 1.5x"},"classes":[]},{"id":47188,"url":"http:\/\/www.24baires.com\/?p=47188","url_meta":{"origin":56726,"position":3},"title":"Capitanich: \u00abNo podemos permitir la ocupaci\u00f3n ilegal de una planta\u00bb","author":"AF","date":"02\/06\/2014","format":false,"excerpt":"El jefe de Gabinete de ministros de la Naci\u00f3n, Jorge Capitanich, advirti\u00f3 este lunes que el gobierno no puede \"convalidar acciones directas que impidan que otros trabajadores hagan sus tareas\". De esta manera, el funcionario se pronunci\u00f3 en su habitual contacto con los medios de prensa acreditados en Casa Rosada\u2026","rel":"","context":"En \u00abSociedad\u00bb","block_context":{"text":"Sociedad","link":"http:\/\/www.24baires.com\/?cat=1"},"img":{"alt_text":"capitanich dolares","src":"https:\/\/i0.wp.com\/www.24baires.com\/wp-content\/uploads\/2014\/01\/capitanich-dolares.jpg?resize=350%2C200","width":350,"height":200,"srcset":"https:\/\/i0.wp.com\/www.24baires.com\/wp-content\/uploads\/2014\/01\/capitanich-dolares.jpg?resize=350%2C200 1x, https:\/\/i0.wp.com\/www.24baires.com\/wp-content\/uploads\/2014\/01\/capitanich-dolares.jpg?resize=525%2C300 1.5x"},"classes":[]},{"id":47257,"url":"http:\/\/www.24baires.com\/?p=47257","url_meta":{"origin":56726,"position":4},"title":"Capitanich asegur\u00f3 que Gestamp ya est\u00e1 \u00aben pleno funcionamiento\u00bb","author":"AF","date":"03\/06\/2014","format":false,"excerpt":"El jefe de Gabinete inform\u00f3 que desde esta ma\u00f1ana en la empresa autopartista \"se ha reactivado la producci\u00f3n\", tras el conflicto gremial que mantuvo paralizada la producci\u00f3n en los \u00faltimos d\u00edas. \"El informe oficial indica que hace una hora la planta est\u00e1 en pleno funcionamiento con sus 400 operarios, y\u2026","rel":"","context":"En \u00abSociedad\u00bb","block_context":{"text":"Sociedad","link":"http:\/\/www.24baires.com\/?cat=1"},"img":{"alt_text":"capitanich 2","src":"https:\/\/i0.wp.com\/www.24baires.com\/wp-content\/uploads\/2013\/12\/capitanich-2.jpg?resize=350%2C200","width":350,"height":200,"srcset":"https:\/\/i0.wp.com\/www.24baires.com\/wp-content\/uploads\/2013\/12\/capitanich-2.jpg?resize=350%2C200 1x, https:\/\/i0.wp.com\/www.24baires.com\/wp-content\/uploads\/2013\/12\/capitanich-2.jpg?resize=525%2C300 1.5x"},"classes":[]},{"id":117553,"url":"http:\/\/www.24baires.com\/?p=117553","url_meta":{"origin":56726,"position":5},"title":"Cafiero: \u00abMientras los argentinos se arriesgan, otros aprovechan sus privilegios en Miami\u00bb","author":"AF","date":"11\/05\/2021","format":false,"excerpt":"El Jefe de Gabinete critic\u00f3 de este modo al ex presidente Mauricio Macri al poner en marcha una planta de tratamiento de residuos cloacales que cost\u00f3 79,6 millones de d\u00f3lares en Chaco. El jefe de Gabinete de Ministros, Santiago Cafiero, asegur\u00f3 este martes que \"mientras los argentinos se arriesgan combatiendo\u2026","rel":"","context":"En \u00abSociedad\u00bb","block_context":{"text":"Sociedad","link":"http:\/\/www.24baires.com\/?cat=1"},"img":{"alt_text":"","src":"https:\/\/i0.wp.com\/www.24baires.com\/wp-content\/uploads\/2021\/05\/609ace614d0e9_1004x565.jpg?resize=350%2C200","width":350,"height":200,"srcset":"https:\/\/i0.wp.com\/www.24baires.com\/wp-content\/uploads\/2021\/05\/609ace614d0e9_1004x565.jpg?resize=350%2C200 1x, https:\/\/i0.wp.com\/www.24baires.com\/wp-content\/uploads\/2021\/05\/609ace614d0e9_1004x565.jpg?resize=525%2C300 1.5x"},"classes":[]}],"jetpack_sharing_enabled":true,"jetpack_likes_enabled":true,"jetpack_featured_media_url":"","_links":{"self":[{"href":"http:\/\/www.24baires.com\/index.php?rest_route=\/wp\/v2\/posts\/56726","targetHints":{"allow":["GET"]}}],"collection":[{"href":"http:\/\/www.24baires.com\/index.php?rest_route=\/wp\/v2\/posts"}],"about":[{"href":"http:\/\/www.24baires.com\/index.php?rest_route=\/wp\/v2\/types\/post"}],"author":[{"embeddable":true,"href":"http:\/\/www.24baires.com\/index.php?rest_route=\/wp\/v2\/users\/8"}],"replies":[{"embeddable":true,"href":"http:\/\/www.24baires.com\/index.php?rest_route=%2Fwp%2Fv2%2Fcomments&post=56726"}],"version-history":[{"count":1,"href":"http:\/\/www.24baires.com\/index.php?rest_route=\/wp\/v2\/posts\/56726\/revisions"}],"predecessor-version":[{"id":56727,"href":"http:\/\/www.24baires.com\/index.php?rest_route=\/wp\/v2\/posts\/56726\/revisions\/56727"}],"wp:attachment":[{"href":"http:\/\/www.24baires.com\/index.php?rest_route=%2Fwp%2Fv2%2Fmedia&parent=56726"}],"wp:term":[{"taxonomy":"category","embeddable":true,"href":"http:\/\/www.24baires.com\/index.php?rest_route=%2Fwp%2Fv2%2Fcategories&post=56726"},{"taxonomy":"post_tag","embeddable":true,"href":"http:\/\/www.24baires.com\/index.php?rest_route=%2Fwp%2Fv2%2Ftags&post=56726"}],"curies":[{"name":"wp","href":"https:\/\/api.w.org\/{rel}","templated":true}]}}