{"id":56720,"date":"2014-11-06T21:30:10","date_gmt":"2014-11-07T00:30:10","guid":{"rendered":"http:\/\/www.24baires.com\/?p=56720"},"modified":"2014-11-06T20:53:39","modified_gmt":"2014-11-06T23:53:39","slug":"los-hermanos-granados-enfrentados-en-el-senado","status":"publish","type":"post","link":"http:\/\/www.24baires.com\/?p=56720","title":{"rendered":"Los hermanos Granados enfrentados en el Senado"},"content":{"rendered":"<p><img data-recalc-dims=\"1\" loading=\"lazy\" decoding=\"async\" class=\"aligncenter size-full wp-image-56721\" src=\"https:\/\/i0.wp.com\/www.24baires.com\/wp-content\/uploads\/2014\/11\/granados.jpg?resize=560%2C282\" alt=\"granados\" width=\"560\" height=\"282\" srcset=\"https:\/\/i0.wp.com\/www.24baires.com\/wp-content\/uploads\/2014\/11\/granados.jpg?w=560 560w, https:\/\/i0.wp.com\/www.24baires.com\/wp-content\/uploads\/2014\/11\/granados.jpg?resize=300%2C151 300w\" sizes=\"auto, (max-width: 560px) 100vw, 560px\" \/>Luego de la visita del ministro de Seguridad, Alejandro Granados, su hermana, Leonor, senadora por el Frente Renovador, dijo que \u201cla visita no sirvi\u00f3 porque no respondi\u00f3 lo que se le pregunt\u00f3\u201d.<!--more--><\/p>\n<p>La legisladora, quien es precandidata por la intendente de Ezeiza por el massismo, se\u00f1al\u00f3 que \u201cAlejandro Granados dio n\u00fameros sueltos y reconoci\u00f3 que hay casi 3.000 presos en comisar\u00edas a pesar que la Corte Suprema de la Provincia se lo proh\u00edbe\u201d.<\/p>\n<p>En este sentido, la senadora resalt\u00f3: \u201cEl ministro Granados escuch\u00f3 las preguntas, pero no las respondi\u00f3. Nos dio s\u00f3lo cuarenta minutos para hablar de c\u00f3mo la Provincia va a trabajar en la seguridad en todo el 2015. El ministro dijo que se ten\u00eda que ir porque otro ten\u00eda otro compromiso\u201d.<\/p>\n<p>Por \u00faltimo, la hermana del funcionario, se\u00f1al\u00f3: \u201cen el verano van a llevar a la costa bonaerense a estudiantes de polic\u00edas que reci\u00e9n se van a recibir en julio y le van a dar armas s\u00f3lo para demostrar que hay presencia policial. Queda demostrado que el Gobierno provincial improvisa hasta con la vida de los bonaerenses\u201d.<\/p>\n<p>Por su parte, el ministro de Seguridad, dijo que \u201cdesde el Gobierno de Daniel Scioli esperamos que la pol\u00edtica electoral no meta la cola en la aprobaci\u00f3n del Presupuesto y que podamos en diez d\u00edas tener aprobada tanto la Ley Impositiva como el Presupuesto de la Provincia\u201d.<\/p>\n<p>El Jefe de Gabinete detall\u00f3 que \u201cel proyecto presentado hace hincapi\u00e9 en las \u00e1reas sociales como la educaci\u00f3n, la salud, las pol\u00edticas sociales de ni\u00f1ez, y este a\u00f1o tiene una fuerte impronta en el aumento de m\u00e1s del 66% en inversi\u00f3n en seguridad, respondiendo al reclamo ciudadano de oficiales con m\u00e1s capacitaci\u00f3n, m\u00e1s polic\u00eda y m\u00e1s equipamiento para que todos los habitantes de la Provincia puedan vivir m\u00e1s tranquilos\u201d.<\/p>\n<p>En el encuentro se acord\u00f3 una reuni\u00f3n para la semana venidera en la que se juntar\u00e1 la Bicameral de Seguridad en la que el ministro se comprometi\u00f3 a responder.<\/p>\n<p>&nbsp;<\/p>\n<p>&nbsp;<\/p>\n<p>&nbsp;<\/p>\n","protected":false},"excerpt":{"rendered":"<p>Luego de la visita del ministro de Seguridad, Alejandro Granados, su hermana, Leonor, senadora por el Frente Renovador, dijo que \u201cla visita no sirvi\u00f3 porque no respondi\u00f3 lo que se le pregunt\u00f3\u201d.<\/p>\n","protected":false},"author":11,"featured_media":0,"comment_status":"open","ping_status":"open","sticky":false,"template":"","format":"standard","meta":{"_jetpack_newsletter_access":"","_jetpack_dont_email_post_to_subs":false,"_jetpack_newsletter_tier_id":0,"_jetpack_memberships_contains_paywalled_content":false,"_jetpack_memberships_contains_paid_content":false,"footnotes":""},"categories":[51],"tags":[],"class_list":["post-56720","post","type-post","status-publish","format-standard","hentry","category-politica"],"jetpack_shortlink":"https:\/\/wp.me\/p2JWE0-eKQ","jetpack-related-posts":[{"id":38647,"url":"http:\/\/www.24baires.com\/?p=38647","url_meta":{"origin":56720,"position":0},"title":"Granados vs Granados: hasta su hermana lo critica","author":"Grupo Sierra","date":"17\/01\/2014","format":false,"excerpt":"Leonor Granados le pega al sciolismo por fugas de presos y pol\u00edtica carcelaria. \"Nunca solucionan los problemas de fondo\", sentenci\u00f3. La senadora bonaerense massista, Leonor Granados, hermana del ministro de Seguridad provincial, Alejandro Granados, pidi\u00f3 la creaci\u00f3n de una comisi\u00f3n investigadora para abordar el estado de las c\u00e1rceles del distrito\u2026","rel":"","context":"En \u00abGeneral\u00bb","block_context":{"text":"General","link":"http:\/\/www.24baires.com\/?cat=67"},"img":{"alt_text":"","src":"https:\/\/i0.wp.com\/www.24baires.com\/wp-content\/uploads\/2014\/01\/granados.jpg?resize=350%2C200","width":350,"height":200,"srcset":"https:\/\/i0.wp.com\/www.24baires.com\/wp-content\/uploads\/2014\/01\/granados.jpg?resize=350%2C200 1x, https:\/\/i0.wp.com\/www.24baires.com\/wp-content\/uploads\/2014\/01\/granados.jpg?resize=525%2C300 1.5x"},"classes":[]},{"id":48161,"url":"http:\/\/www.24baires.com\/?p=48161","url_meta":{"origin":56720,"position":1},"title":"Granados visit\u00f3 Malvinas Argentinas para hablar de seguridad con Cariglino","author":"AF","date":"17\/06\/2014","format":false,"excerpt":"El intendente de Malvinas Argentinas, Jes\u00fas Cariglino, recibi\u00f3 la visita del ministro de Seguridad, Alejandro Granados, con quien se reuni\u00f3 por 45 minutos y hablaron sobre seguridad y temas de actualidad provincial. El jefe comunal asegur\u00f3 que en poco tiempo estar\u00e1 listo el edificio que donar\u00e1 el municipio a la\u2026","rel":"","context":"En \u00abLocales\u00bb","block_context":{"text":"Locales","link":"http:\/\/www.24baires.com\/?cat=38"},"img":{"alt_text":"granados cariglino","src":"https:\/\/i0.wp.com\/www.24baires.com\/wp-content\/uploads\/2014\/06\/granados-cariglino.jpg?resize=350%2C200","width":350,"height":200},"classes":[]},{"id":62551,"url":"http:\/\/www.24baires.com\/?p=62551","url_meta":{"origin":56720,"position":2},"title":"Granados, sobre su hermana massista: \u00abTiene que tomar mucha sopa\u00bb","author":"AF","date":"03\/03\/2015","format":false,"excerpt":"El ministro de Seguridad bonaerense, Alejandro Granados, critic\u00f3 a su hermana, la diputada provincial massista Leonor Granados que competir\u00e1 por la intendencia de Ezeiza, al afirmar que \"tiene que tomar mucha sopa\" para poder ganar en el distrito. El funcionario adem\u00e1s ratific\u00f3 que dejar\u00e1 el cargo en la provincia despu\u00e9s\u2026","rel":"","context":"En \u00abPol\u00edtica\u00bb","block_context":{"text":"Pol\u00edtica","link":"http:\/\/www.24baires.com\/?cat=51"},"img":{"alt_text":"granados cpc pergamino","src":"https:\/\/i0.wp.com\/www.24baires.com\/wp-content\/uploads\/2014\/07\/granados-cpc-pergamino.jpg?resize=350%2C200","width":350,"height":200,"srcset":"https:\/\/i0.wp.com\/www.24baires.com\/wp-content\/uploads\/2014\/07\/granados-cpc-pergamino.jpg?resize=350%2C200 1x, https:\/\/i0.wp.com\/www.24baires.com\/wp-content\/uploads\/2014\/07\/granados-cpc-pergamino.jpg?resize=525%2C300 1.5x"},"classes":[]},{"id":31835,"url":"http:\/\/www.24baires.com\/?p=31835","url_meta":{"origin":56720,"position":3},"title":"Granados asumi\u00f3 en Seguridad y asegur\u00f3 que Gendarmer\u00eda vino para quedarse","author":"GB","date":"14\/09\/2013","format":false,"excerpt":"Asegur\u00f3 que la fuerza no se retirar\u00e1 en 45 d\u00edas. \u201cHay que estar dispuestos a todo para enfrentar el delito\u201d, dijo Scioli En busca de dar respuestas a los fuertes reclamos por la ola delictiva, el gobernador Daniel Scioli puso ayer en funciones al nuevo ministro de Seguridad, Alejandro Granados.\u2026","rel":"","context":"En \u00abProvincia\u00bb","block_context":{"text":"Provincia","link":"http:\/\/www.24baires.com\/?cat=40"},"img":{"alt_text":"","src":"","width":0,"height":0},"classes":[]},{"id":44688,"url":"http:\/\/www.24baires.com\/?p=44688","url_meta":{"origin":56720,"position":4},"title":"Granados defendi\u00f3 la gesti\u00f3n en seguridad de Malvinas Argentinas: \u00abEs un \u00e9xito\u00bb","author":"Grupo Sierra","date":"25\/04\/2014","format":false,"excerpt":"El ministro de Seguridad bonaerense, Alejandro Granados, visit\u00f3 Mar del Plata para firmar el convenio para la implementaci\u00f3n del Comando de Patrullas Comunitarias en la ciudad. Pero en una declaraci\u00f3n llamativa, asegur\u00f3 que el municipio que lidera el controvertido Jes\u00fas Cariglino tiene un sistema de seguridad que \"funciona a la\u2026","rel":"","context":"En \u00abProvincia\u00bb","block_context":{"text":"Provincia","link":"http:\/\/www.24baires.com\/?cat=40"},"img":{"alt_text":"","src":"https:\/\/i0.wp.com\/www.24baires.com\/wp-content\/uploads\/2014\/04\/IMG_20140425_123803.jpg?resize=350%2C200","width":350,"height":200,"srcset":"https:\/\/i0.wp.com\/www.24baires.com\/wp-content\/uploads\/2014\/04\/IMG_20140425_123803.jpg?resize=350%2C200 1x, https:\/\/i0.wp.com\/www.24baires.com\/wp-content\/uploads\/2014\/04\/IMG_20140425_123803.jpg?resize=525%2C300 1.5x"},"classes":[]},{"id":35127,"url":"http:\/\/www.24baires.com\/?p=35127","url_meta":{"origin":56720,"position":5},"title":"Se volvi\u00f3 a reunir Consejo de Seguridad de Provincia","author":"GB","date":"13\/11\/2013","format":false,"excerpt":"Encabezado por el vicegobernador Gabriel Mariotto y por el ministro de Seguridad provincial Alejandro Granados, el encuentro tuvo como objetivo la presentaci\u00f3n ante todos los bloques de diputados y senadores el proyecto de Ley de Polic\u00edas Municipales. \"Necesitamos que la Ley avance r\u00e1pidamente para poder seguir combatiendo este problema que\u2026","rel":"","context":"En \u00abProvincia\u00bb","block_context":{"text":"Provincia","link":"http:\/\/www.24baires.com\/?cat=40"},"img":{"alt_text":"63933_1","src":"https:\/\/i0.wp.com\/www.24baires.com\/wp-content\/uploads\/2013\/11\/63933_1-300x190.jpg?resize=350%2C200","width":350,"height":200},"classes":[]}],"jetpack_sharing_enabled":true,"jetpack_likes_enabled":true,"jetpack_featured_media_url":"","_links":{"self":[{"href":"http:\/\/www.24baires.com\/index.php?rest_route=\/wp\/v2\/posts\/56720","targetHints":{"allow":["GET"]}}],"collection":[{"href":"http:\/\/www.24baires.com\/index.php?rest_route=\/wp\/v2\/posts"}],"about":[{"href":"http:\/\/www.24baires.com\/index.php?rest_route=\/wp\/v2\/types\/post"}],"author":[{"embeddable":true,"href":"http:\/\/www.24baires.com\/index.php?rest_route=\/wp\/v2\/users\/11"}],"replies":[{"embeddable":true,"href":"http:\/\/www.24baires.com\/index.php?rest_route=%2Fwp%2Fv2%2Fcomments&post=56720"}],"version-history":[{"count":1,"href":"http:\/\/www.24baires.com\/index.php?rest_route=\/wp\/v2\/posts\/56720\/revisions"}],"predecessor-version":[{"id":56722,"href":"http:\/\/www.24baires.com\/index.php?rest_route=\/wp\/v2\/posts\/56720\/revisions\/56722"}],"wp:attachment":[{"href":"http:\/\/www.24baires.com\/index.php?rest_route=%2Fwp%2Fv2%2Fmedia&parent=56720"}],"wp:term":[{"taxonomy":"category","embeddable":true,"href":"http:\/\/www.24baires.com\/index.php?rest_route=%2Fwp%2Fv2%2Fcategories&post=56720"},{"taxonomy":"post_tag","embeddable":true,"href":"http:\/\/www.24baires.com\/index.php?rest_route=%2Fwp%2Fv2%2Ftags&post=56720"}],"curies":[{"name":"wp","href":"https:\/\/api.w.org\/{rel}","templated":true}]}}