{"id":56695,"date":"2014-11-06T16:00:02","date_gmt":"2014-11-06T19:00:02","guid":{"rendered":"http:\/\/www.24baires.com\/?p=56695"},"modified":"2014-11-06T16:20:00","modified_gmt":"2014-11-06T19:20:00","slug":"scioli-pidio-al-massismo-colaboracion-para-el-proyecto-de-presupuesto-2015","status":"publish","type":"post","link":"http:\/\/www.24baires.com\/?p=56695","title":{"rendered":"Scioli pidi\u00f3 al massismo \u00abcolaboraci\u00f3n\u00bb para el proyecto de Presupuesto 2015"},"content":{"rendered":"<p><img data-recalc-dims=\"1\" loading=\"lazy\" decoding=\"async\" class=\"aligncenter size-full wp-image-52695\" src=\"https:\/\/i0.wp.com\/www.24baires.com\/wp-content\/uploads\/2014\/08\/scioli5.jpg?resize=560%2C280\" alt=\"scioli5\" width=\"560\" height=\"280\" srcset=\"https:\/\/i0.wp.com\/www.24baires.com\/wp-content\/uploads\/2014\/08\/scioli5.jpg?w=560 560w, https:\/\/i0.wp.com\/www.24baires.com\/wp-content\/uploads\/2014\/08\/scioli5.jpg?resize=300%2C150 300w\" sizes=\"auto, (max-width: 560px) 100vw, 560px\" \/>El gobernador de la provincia de Buenos Aires se refiri\u00f3 as\u00ed a la iniciativa que se encuentra para su tratamiento en la Legislatura provincial.<!--more--><\/p>\n<p>Al ingresar al almuerzo por el D\u00eda del Comercio, que se realiza en Parque Norte, Scioli dijo que espera de parte de la oposici\u00f3n \u00abcolaboraci\u00f3n y constructividad\u00bb para tratar el presupuesto.<\/p>\n<p>\u00abLa provincia se ha desendeudado, ha alcanzado un equilibrio y tiene un plan de inversiones en seguridad y obras para los municipios\u00bb, agreg\u00f3 el mandatario.<\/p>\n<p>Por \u00faltimo, se refiri\u00f3 a las inundaciones y afirm\u00f3 que \u00abla provincia va a estar del lado de los que lo necesiten\u00bb.<\/p>\n<p>El encuentro del D\u00eda del Comercio es organizado por el Consejo Productivo de la provincia de Buenos Aires (Coproba), integrado por la Federaci\u00f3n Econ\u00f3mica bonaerense (FEBA), la Uni\u00f3n Industrial de la provincia (Uipba), la Asociaci\u00f3n de Industriales (Adiba) y la Uni\u00f3n Empresaria bonaerense (UCEyS).<\/p>\n<p>Al exponer en el almuerzo, Scioli subray\u00f3 la \u00abconvicci\u00f3n de trabajar juntos el Estado, los empresarios y los sindicatos, para lograr la fase de desarrollo, recuperaci\u00f3n y crecimiento\u00bb.<\/p>\n<p>\u00abEn los \u00faltimos a\u00f1os \u200ehemos reconstruido el tejido productivo y social y se forjaron pilares como el desendeudamiento\u00bb\u200e, destaco el gobernador.<\/p>\n<p>\u200eEn ese sentido, valor\u00f3 el \u00abcompromiso (de las entidades empresarias) con esta agenda\u00bb, ya que \u00absiempre plantean con un espacio constructivo, no destructivo, buscando aportar a la sustentabilidad del conjunto del pa\u00eds\u00bb.<\/p>\n<p>A su turno, el titular de FEBA, Ra\u00fal Lamacchia, dijo que desde la entidad \u200esiempre tienen \u00abla vocaci\u00f3n del trabajo en conjunto\u00bb.<br \/>\n\u00abNo somos enemigos, tenemos que estar juntos porque eso hace al crecimiento del pa\u00eds\u00bb, remarc\u00f3 y agreg\u00f3 que \u00abse trata de ser positivos en el apoyo al comercio minorista, impulsar pol\u00edticas activas para el sector\u00bb.<\/p>\n<p>Asimismo, de cara al a\u00f1o electoral, el empresario subray\u00f3: \u00ab\u200eVimos en d\u00e9cadas pasadas c\u00f3mo pol\u00edticas neoliberales, la apertura indiscriminada de una pol\u00edtica monetaria contra natura retrasaron el pa\u00eds y se destruy\u00f3 el entramado productivo\u00bb.<\/p>\n<p>\u00abEsperamos que en los pr\u00f3ximos a\u00f1os se siga una l\u00ednea de defensa de la industria nacional. \u00abNecesitamos \u200eque se mantenga un Estado que asuma el compromiso de compartir el riesgo con los empresarios, que nos acompa\u00f1e\u00bb, concluy\u00f3 el titular de FEBA.<\/p>\n<p>&nbsp;<\/p>\n<p>&nbsp;<\/p>\n<p>&nbsp;<\/p>\n<p>&nbsp;<\/p>\n<p>&nbsp;<\/p>\n<p>&nbsp;<\/p>\n<p>&nbsp;<\/p>\n<p>&nbsp;<\/p>\n<p>&nbsp;<\/p>\n<p>&nbsp;<\/p>\n<p>&nbsp;<\/p>\n<p>&nbsp;<\/p>\n<p>&nbsp;<\/p>\n<p>&nbsp;<\/p>\n<p>&nbsp;<\/p>\n","protected":false},"excerpt":{"rendered":"<p>El gobernador de la provincia de Buenos Aires se refiri\u00f3 as\u00ed a la iniciativa que se encuentra para su tratamiento en la Legislatura provincial.<\/p>\n","protected":false},"author":8,"featured_media":0,"comment_status":"open","ping_status":"open","sticky":false,"template":"","format":"standard","meta":{"_jetpack_newsletter_access":"","_jetpack_dont_email_post_to_subs":false,"_jetpack_newsletter_tier_id":0,"_jetpack_memberships_contains_paywalled_content":false,"_jetpack_memberships_contains_paid_content":false,"footnotes":""},"categories":[51],"tags":[],"class_list":["post-56695","post","type-post","status-publish","format-standard","hentry","category-politica"],"jetpack_shortlink":"https:\/\/wp.me\/p2JWE0-eKr","jetpack-related-posts":[{"id":108387,"url":"http:\/\/www.24baires.com\/?p=108387","url_meta":{"origin":56695,"position":0},"title":"Scioli ratific\u00f3 su candidatura presidencial","author":"GB","date":"25\/05\/2019","format":false,"excerpt":"El exgobernador de la Provincia de Buenos Aires particip\u00f3 del Congreso Educativo de Ajedrez que se realiz\u00f3 en la ciudad balnearia y manifest\u00f3 sus deseos de ser el primer mandatario del pa\u00eds despu\u00e9s del 10 de diciembre, sin embargo aclar\u00f3: \u201cVer\u00e9 como peronista en qu\u00e9 lugar puedo hacer mi mayor\u2026","rel":"","context":"En \u00abPol\u00edtica\u00bb","block_context":{"text":"Pol\u00edtica","link":"http:\/\/www.24baires.com\/?cat=51"},"img":{"alt_text":"","src":"https:\/\/i0.wp.com\/www.24baires.com\/wp-content\/uploads\/2019\/05\/scioli-mar-del.jpg?resize=350%2C200","width":350,"height":200,"srcset":"https:\/\/i0.wp.com\/www.24baires.com\/wp-content\/uploads\/2019\/05\/scioli-mar-del.jpg?resize=350%2C200 1x, https:\/\/i0.wp.com\/www.24baires.com\/wp-content\/uploads\/2019\/05\/scioli-mar-del.jpg?resize=525%2C300 1.5x"},"classes":[]},{"id":114970,"url":"http:\/\/www.24baires.com\/?p=114970","url_meta":{"origin":56695,"position":1},"title":"En los pr\u00f3ximos d\u00edas los intendentes decidir\u00e1n las salidas recreativas de los ni\u00f1os","author":"GB","date":"10\/05\/2020","format":false,"excerpt":"Mientras Naci\u00f3n habilit\u00f3 al acompa\u00f1amiento de menores de 12 a\u00f1os a los comercios de cercan\u00eda, en CABA anunciaron nuevas medidas para los m\u00e1s chicos y Kicillof confirm\u00f3 dicha flexibilizaci\u00f3n. El \u00c1rea Metropolitana de Buenos Aires (AMBA) concentra el 86,2% de los casos confirmados de Coronavirus. En este marco, y teniendo\u2026","rel":"","context":"En \u00abProvincia\u00bb","block_context":{"text":"Provincia","link":"http:\/\/www.24baires.com\/?cat=40"},"img":{"alt_text":"","src":"https:\/\/i0.wp.com\/www.24baires.com\/wp-content\/uploads\/2020\/05\/cuarentena.jpeg?resize=350%2C200","width":350,"height":200,"srcset":"https:\/\/i0.wp.com\/www.24baires.com\/wp-content\/uploads\/2020\/05\/cuarentena.jpeg?resize=350%2C200 1x, https:\/\/i0.wp.com\/www.24baires.com\/wp-content\/uploads\/2020\/05\/cuarentena.jpeg?resize=525%2C300 1.5x"},"classes":[]},{"id":35995,"url":"http:\/\/www.24baires.com\/?p=35995","url_meta":{"origin":56695,"position":2},"title":"Scioli remarc\u00f3 que \u00abtrabajar\u00e1 en equipo\u00bb con el gobierno nacional","author":"GB","date":"30\/11\/2013","format":false,"excerpt":"El gobernador de la provincia de Buenos Aires reiter\u00f3 que se \"trabajar\u00e1 en equipo\" con el jefe de Gabinete, Jorge Capitanich. Adem\u00e1s, valor\u00f3 el acuerdo logrado con el Frente Renovador sobre el Presupuesto 2014 El gobernador del provincia de Buenos Aires, Daniel Scioli, afirm\u00f3 \"no tener que dar definiciones a\u2026","rel":"","context":"En \u00abPol\u00edtica\u00bb","block_context":{"text":"Pol\u00edtica","link":"http:\/\/www.24baires.com\/?cat=51"},"img":{"alt_text":"","src":"https:\/\/i0.wp.com\/www.24baires.com\/wp-content\/uploads\/2013\/11\/scioli-prensa.jpg?resize=350%2C200","width":350,"height":200,"srcset":"https:\/\/i0.wp.com\/www.24baires.com\/wp-content\/uploads\/2013\/11\/scioli-prensa.jpg?resize=350%2C200 1x, https:\/\/i0.wp.com\/www.24baires.com\/wp-content\/uploads\/2013\/11\/scioli-prensa.jpg?resize=525%2C300 1.5x"},"classes":[]},{"id":122894,"url":"http:\/\/www.24baires.com\/?p=122894","url_meta":{"origin":56695,"position":3},"title":"Los docentes bonaerenses son los peor pagos entre las provincias \u201cgrandes\u201d y perdieron el 18% del sueldo","author":"GB","date":"23\/02\/2026","format":false,"excerpt":"El salario docente en provincia de Buenos Aires es m\u00e1s bajo que en C\u00f3rdoba, Santa Fe y CABA. El contexto de un paro anunciado. Cuando faltan apenas d\u00edas para el inicio formal del ciclo lectivo 2026 \u2013previsto para el 2 de marzo\u2013, los docentes de la Provincia de Buenos Aires\u2026","rel":"","context":"En \u00abProvincia\u00bb","block_context":{"text":"Provincia","link":"http:\/\/www.24baires.com\/?cat=40"},"img":{"alt_text":"","src":"https:\/\/i0.wp.com\/www.24baires.com\/wp-content\/uploads\/2026\/02\/docentes-pba.jpg?resize=350%2C200","width":350,"height":200,"srcset":"https:\/\/i0.wp.com\/www.24baires.com\/wp-content\/uploads\/2026\/02\/docentes-pba.jpg?resize=350%2C200 1x, https:\/\/i0.wp.com\/www.24baires.com\/wp-content\/uploads\/2026\/02\/docentes-pba.jpg?resize=525%2C300 1.5x, https:\/\/i0.wp.com\/www.24baires.com\/wp-content\/uploads\/2026\/02\/docentes-pba.jpg?resize=700%2C400 2x"},"classes":[]},{"id":120034,"url":"http:\/\/www.24baires.com\/?p=120034","url_meta":{"origin":56695,"position":4},"title":"Con una agenda industrial, Axel Kicillof llega a Brasil","author":"GB","date":"24\/04\/2023","format":false,"excerpt":"El gobernador de la provincia de Buenos Aires, Axel Kicillof, estar\u00e1 hoy y ma\u00f1ana en la ciudad de S\u00e3o Paulo. Como hab\u00eda anticipado INFOCIELO, el gobernador de la provincia de Buenos Aires, Axel Kicillof, comienza su semana en Brasil. El mandatario estar\u00e1 en S\u00e3o Paulo, la ciudad m\u00e1s poblada del\u2026","rel":"","context":"En \u00abEconom\u00eda\u00bb","block_context":{"text":"Econom\u00eda","link":"http:\/\/www.24baires.com\/?cat=45"},"img":{"alt_text":"","src":"https:\/\/i0.wp.com\/www.24baires.com\/wp-content\/uploads\/2023\/04\/kicillof-brasil.webp?resize=350%2C200","width":350,"height":200,"srcset":"https:\/\/i0.wp.com\/www.24baires.com\/wp-content\/uploads\/2023\/04\/kicillof-brasil.webp?resize=350%2C200 1x, https:\/\/i0.wp.com\/www.24baires.com\/wp-content\/uploads\/2023\/04\/kicillof-brasil.webp?resize=525%2C300 1.5x, https:\/\/i0.wp.com\/www.24baires.com\/wp-content\/uploads\/2023\/04\/kicillof-brasil.webp?resize=700%2C400 2x"},"classes":[]},{"id":36657,"url":"http:\/\/www.24baires.com\/?p=36657","url_meta":{"origin":56695,"position":5},"title":"Scioli asegur\u00f3 que \u00abcon la colaboraci\u00f3n de todos, la provincia va a pacificarse\u00bb","author":"GB","date":"11\/12\/2013","format":false,"excerpt":"El gobernador bonaerense sostuvo que \u201ccon la colaboraci\u00f3n de todos, y apelando a la responsabilidad, la provincia va a pacificarse y encauzarse\". En el marco de las protestas policiales, agradeci\u00f3 a \"todos los que estuvieron\" y sostuvo que \"es la esencia de la pol\u00edtica buscar en este momento descomprimir situaciones\u201d.\u2026","rel":"","context":"En \u00abProvincia\u00bb","block_context":{"text":"Provincia","link":"http:\/\/www.24baires.com\/?cat=40"},"img":{"alt_text":"Scioli avallaneda","src":"https:\/\/i0.wp.com\/www.24baires.com\/wp-content\/uploads\/2013\/10\/Scioli-avallaneda.jpg?resize=350%2C200","width":350,"height":200,"srcset":"https:\/\/i0.wp.com\/www.24baires.com\/wp-content\/uploads\/2013\/10\/Scioli-avallaneda.jpg?resize=350%2C200 1x, https:\/\/i0.wp.com\/www.24baires.com\/wp-content\/uploads\/2013\/10\/Scioli-avallaneda.jpg?resize=525%2C300 1.5x"},"classes":[]}],"jetpack_sharing_enabled":true,"jetpack_likes_enabled":true,"jetpack_featured_media_url":"","_links":{"self":[{"href":"http:\/\/www.24baires.com\/index.php?rest_route=\/wp\/v2\/posts\/56695","targetHints":{"allow":["GET"]}}],"collection":[{"href":"http:\/\/www.24baires.com\/index.php?rest_route=\/wp\/v2\/posts"}],"about":[{"href":"http:\/\/www.24baires.com\/index.php?rest_route=\/wp\/v2\/types\/post"}],"author":[{"embeddable":true,"href":"http:\/\/www.24baires.com\/index.php?rest_route=\/wp\/v2\/users\/8"}],"replies":[{"embeddable":true,"href":"http:\/\/www.24baires.com\/index.php?rest_route=%2Fwp%2Fv2%2Fcomments&post=56695"}],"version-history":[{"count":1,"href":"http:\/\/www.24baires.com\/index.php?rest_route=\/wp\/v2\/posts\/56695\/revisions"}],"predecessor-version":[{"id":56696,"href":"http:\/\/www.24baires.com\/index.php?rest_route=\/wp\/v2\/posts\/56695\/revisions\/56696"}],"wp:attachment":[{"href":"http:\/\/www.24baires.com\/index.php?rest_route=%2Fwp%2Fv2%2Fmedia&parent=56695"}],"wp:term":[{"taxonomy":"category","embeddable":true,"href":"http:\/\/www.24baires.com\/index.php?rest_route=%2Fwp%2Fv2%2Fcategories&post=56695"},{"taxonomy":"post_tag","embeddable":true,"href":"http:\/\/www.24baires.com\/index.php?rest_route=%2Fwp%2Fv2%2Ftags&post=56695"}],"curies":[{"name":"wp","href":"https:\/\/api.w.org\/{rel}","templated":true}]}}