{"id":56672,"date":"2014-11-06T11:30:00","date_gmt":"2014-11-06T14:30:00","guid":{"rendered":"http:\/\/www.24baires.com\/?p=56672"},"modified":"2014-11-06T10:47:07","modified_gmt":"2014-11-06T13:47:07","slug":"el-informe-de-agn-sobre-aerolineas-tiene-una-clara-intencion-politica","status":"publish","type":"post","link":"http:\/\/www.24baires.com\/?p=56672","title":{"rendered":"El informe de AGN sobre Aerol\u00edneas \u201ctiene una clara intenci\u00f3n pol\u00edtica\u00bb"},"content":{"rendered":"<p><img data-recalc-dims=\"1\" loading=\"lazy\" decoding=\"async\" src=\"https:\/\/i0.wp.com\/www.24baires.com\/wp-content\/uploads\/2013\/10\/aerolineas-argen.jpg?resize=300%2C199\" alt=\"aerolineas argen\" width=\"300\" height=\"199\" class=\"alignleft size-medium wp-image-34275\" srcset=\"https:\/\/i0.wp.com\/www.24baires.com\/wp-content\/uploads\/2013\/10\/aerolineas-argen.jpg?resize=300%2C199 300w, https:\/\/i0.wp.com\/www.24baires.com\/wp-content\/uploads\/2013\/10\/aerolineas-argen.jpg?w=510 510w\" sizes=\"auto, (max-width: 300px) 100vw, 300px\" \/>Vicente Brusca, uno de los auditores generales de la Naci\u00f3n, cuestion\u00f3 el informe del organismo sobre Aerol\u00edneas Argentinas al afirmar que \u201ctiene una clara intenci\u00f3n pol\u00edtica y privatizadora, y lo \u00fanico que hace es provocar los t\u00edtulos para que sean le\u00eddos en los diarios\u201d.<!--more--><\/p>\n<p>\u201cEs un informe que no es correcto, no expresa la situaci\u00f3n y no es claro\u201d, dijo Brusca en declaraciones formuladas a radio Del Plata, en referencia al estudio publicado hoy en diferentes matutinos sobre el funcionamiento de la compa\u00f1\u00eda a\u00e9rea de bandera.<\/p>\n<p>Lo fundament\u00f3 en que si bien \u201cAerol\u00edneas tiene funcionamiento deficitario, tiene una funci\u00f3n federal y vuela a 20 destinos que son deficitarios. Lan, por ejemplo, s\u00f3lo vuela a los 12 destinos que son superavitarios\u201d.<\/p>\n<p>Tambi\u00e9n dijo que el Estado se encuentra \u201clidiando (en la empresa) con 14 convenios colectivos de trabajo\u201d y con \u201clos sueldos m\u00e1s altos\u201d.<\/p>\n<p>El auditor destac\u00f3 que Aerol\u00edneas viene del 2008 con patrimonio negativo, y pas\u00f3 de tener 26 aviones operativos a 66.<\/p>\n<p>Brusca tambi\u00e9n desliz\u00f3 que el informe \u201canaliza el estado del 2011\u201d de la empresa recuperada por el Estado, pero \u201cno acept\u00f3 tener en cuenta los datos del 2012 y 2013 donde se levant\u00f3 toda la gesti\u00f3n y se transportaron alrededor de 8,300 mil millones de pasajeros\u201d.<\/p>\n<p>Asimismo, dej\u00f3 en claro que el estudio fue aprobado por \u201cmayor\u00eda radical\u201d algo que \u201cno sorprende si recordamos que los radicales en el Congreso, cuando se vot\u00f3 la recuperaci\u00f3n, votaron en contra\u201d.<\/p>\n<p>\u201cCuando se hace una cosa tan arbitraria se tienen intenciones privatizadoras\u201d, sintetiz\u00f3.<\/p>\n","protected":false},"excerpt":{"rendered":"<p>Vicente Brusca, uno de los auditores generales de la Naci\u00f3n, cuestion\u00f3 el informe del organismo sobre Aerol\u00edneas Argentinas al afirmar que \u201ctiene una clara intenci\u00f3n pol\u00edtica y privatizadora, y lo \u00fanico que hace es provocar los t\u00edtulos para que sean le\u00eddos en los diarios\u201d.<\/p>\n","protected":false},"author":4,"featured_media":0,"comment_status":"open","ping_status":"open","sticky":false,"template":"","format":"standard","meta":{"_jetpack_newsletter_access":"","_jetpack_dont_email_post_to_subs":false,"_jetpack_newsletter_tier_id":0,"_jetpack_memberships_contains_paywalled_content":false,"_jetpack_memberships_contains_paid_content":false,"footnotes":""},"categories":[51],"tags":[],"class_list":["post-56672","post","type-post","status-publish","format-standard","hentry","category-politica"],"jetpack_shortlink":"https:\/\/wp.me\/p2JWE0-eK4","jetpack-related-posts":[{"id":90979,"url":"http:\/\/www.24baires.com\/?p=90979","url_meta":{"origin":56672,"position":0},"title":"Pe\u00f1a sobre Costantini: \u00abCumpli\u00f3 una etapa\u00bb","author":"AF","date":"22\/12\/2016","format":false,"excerpt":"El jefe de Gabinete, Marcos Pe\u00f1a, dijo que \u201cse cumpli\u00f3 una etapa\u201d de Isela Costantini como presidenta de Aerol\u00edneas Argentinas (AA), agradeci\u00f3 su \u201caporte\u201d a la compa\u00f1\u00eda de bandera, y ratific\u00f3 que la empresa \u201cno se privatiza\u201d. El jefe de Gabinete, Marcos Pe\u00f1a, dijo que \u201cse cumpli\u00f3 una etapa\u201d de\u2026","rel":"","context":"En \u00abPol\u00edtica\u00bb","block_context":{"text":"Pol\u00edtica","link":"http:\/\/www.24baires.com\/?cat=51"},"img":{"alt_text":"","src":"https:\/\/i0.wp.com\/www.24baires.com\/wp-content\/uploads\/2015\/11\/pe%C3%B1a-marcos.jpg?resize=350%2C200","width":350,"height":200},"classes":[]},{"id":31675,"url":"http:\/\/www.24baires.com\/?p=31675","url_meta":{"origin":56672,"position":1},"title":"Recalde: \u00abQueremos dejar una aerol\u00ednea que sea sustentable y que ni Macri pueda privatizar\u00bb","author":"GB","date":"11\/09\/2013","format":false,"excerpt":"Durante su presentaci\u00f3n ante un plenario de comisiones del Senado, el titular de Aerol\u00edneas Argentinas asegur\u00f3 que \"Aerol\u00edneas tiene una gesti\u00f3n profesional\". As\u00ed lo expres\u00f3 durante la presentaci\u00f3n que realiz\u00f3 ante senadores de las Comisiones de Presupuesto y Hacienda y de Infraestructura, Vivienda y Transporte. \u201cLa gesti\u00f3n en Aerol\u00edneas es\u2026","rel":"","context":"En \u00abEconom\u00eda\u00bb","block_context":{"text":"Econom\u00eda","link":"http:\/\/www.24baires.com\/?cat=45"},"img":{"alt_text":"","src":"","width":0,"height":0},"classes":[]},{"id":105345,"url":"http:\/\/www.24baires.com\/?p=105345","url_meta":{"origin":56672,"position":2},"title":"Macri pidi\u00f3 que Aerol\u00edneas funcione \u201csin plata del Estado\u201d","author":"AF","date":"08\/11\/2018","format":false,"excerpt":"Los trabajadores reclaman el pago de la cl\u00e1usula gatillo y hubo que reprogramar numerosos vuelos, a ra\u00edz de lo cual el Presidente dijo que \u201cno es justo que los que no usan aviones tengan que pagar\u201d. El presidente Mauricio Macri envi\u00f3 un fuerte mensaje de ajuste a los trabajadores de\u2026","rel":"","context":"En \u00abPol\u00edtica\u00bb","block_context":{"text":"Pol\u00edtica","link":"http:\/\/www.24baires.com\/?cat=51"},"img":{"alt_text":"","src":"https:\/\/i0.wp.com\/www.24baires.com\/wp-content\/uploads\/2018\/09\/macri.jpg?resize=350%2C200","width":350,"height":200,"srcset":"https:\/\/i0.wp.com\/www.24baires.com\/wp-content\/uploads\/2018\/09\/macri.jpg?resize=350%2C200 1x, https:\/\/i0.wp.com\/www.24baires.com\/wp-content\/uploads\/2018\/09\/macri.jpg?resize=525%2C300 1.5x"},"classes":[]},{"id":98884,"url":"http:\/\/www.24baires.com\/?p=98884","url_meta":{"origin":56672,"position":3},"title":"Cancelaron vuelos de Aerol\u00edneas por protesta de trabajadores","author":"AF","date":"22\/11\/2017","format":false,"excerpt":"La compa\u00f1\u00eda Aerol\u00edneas Argentinas inform\u00f3 la cancelaci\u00f3n de vuelos internacionales adjudicando la causa a medidas de fuerza de pilotos y tripulaciones, a las que defini\u00f3 como \"quite de colaboraci\u00f3n\", lo que a\u00fan no ha sido informado por los gremios. \"Pilotos recrudecen medidas de fuerza afectando m\u00e1s vuelos internacionales de Aerol\u00edneas\u2026","rel":"","context":"En \u00abSociedad\u00bb","block_context":{"text":"Sociedad","link":"http:\/\/www.24baires.com\/?cat=1"},"img":{"alt_text":"","src":"https:\/\/i0.wp.com\/www.24baires.com\/wp-content\/uploads\/2017\/04\/aerolineas-argentinas.jpg?resize=350%2C200","width":350,"height":200,"srcset":"https:\/\/i0.wp.com\/www.24baires.com\/wp-content\/uploads\/2017\/04\/aerolineas-argentinas.jpg?resize=350%2C200 1x, https:\/\/i0.wp.com\/www.24baires.com\/wp-content\/uploads\/2017\/04\/aerolineas-argentinas.jpg?resize=525%2C300 1.5x"},"classes":[]},{"id":58887,"url":"http:\/\/www.24baires.com\/?p=58887","url_meta":{"origin":56672,"position":4},"title":"Recalde: \u00abCon N\u00e9stor y Cristina se acab\u00f3 el curro de las privatizaciones\u201d","author":"Grupo Sierra","date":"19\/12\/2014","format":false,"excerpt":"El titular de Aerol\u00edneas subray\u00f3 que \u201clos que machacan\" con el tema de las p\u00e9rdidas econ\u00f3micas son como \"aquellos que en los \u201890 quer\u00edan privatizarla\u201d. El presidente de Aerol\u00edneas Argentinas, Mariano Recalde, asegur\u00f3 hoy que \u201ccon (el ex Presidente) N\u00e9stor (Kirchner) y (la Presidenta) Cristina (Fern\u00e1ndez de Kirchner) se acab\u00f3\u2026","rel":"","context":"En \u00abSociedad\u00bb","block_context":{"text":"Sociedad","link":"http:\/\/www.24baires.com\/?cat=1"},"img":{"alt_text":"recalde","src":"https:\/\/i0.wp.com\/www.24baires.com\/wp-content\/uploads\/2014\/05\/recalde.jpg?resize=350%2C200","width":350,"height":200,"srcset":"https:\/\/i0.wp.com\/www.24baires.com\/wp-content\/uploads\/2014\/05\/recalde.jpg?resize=350%2C200 1x, https:\/\/i0.wp.com\/www.24baires.com\/wp-content\/uploads\/2014\/05\/recalde.jpg?resize=525%2C300 1.5x"},"classes":[]},{"id":117458,"url":"http:\/\/www.24baires.com\/?p=117458","url_meta":{"origin":56672,"position":5},"title":"Saldr\u00e1 otro vuelo de Aerol\u00edneas a Mosc\u00fa para buscar vacunas","author":"AF","date":"16\/04\/2021","format":false,"excerpt":"Se trata del vuelo n\u00famero 12 de Aerol\u00edneas Argentinas que tendr\u00e1 como misi\u00f3n trasladar dosis de la vacuna Sputnik V al pa\u00eds. Aerol\u00edneas Argentinas confirmo el vuelo n\u00famero 12 con destino a Mosc\u00fa en busca de m\u00e1s dosis de la vacunas contra el coronavirus Sputnik V. El AR1060 despegar\u00e1 del\u2026","rel":"","context":"En \u00abSociedad\u00bb","block_context":{"text":"Sociedad","link":"http:\/\/www.24baires.com\/?cat=1"},"img":{"alt_text":"","src":"https:\/\/i0.wp.com\/www.24baires.com\/wp-content\/uploads\/2021\/01\/vacuna-avi%C3%B3n-aerol%C3%ADneas.jpg?resize=350%2C200","width":350,"height":200,"srcset":"https:\/\/i0.wp.com\/www.24baires.com\/wp-content\/uploads\/2021\/01\/vacuna-avi%C3%B3n-aerol%C3%ADneas.jpg?resize=350%2C200 1x, https:\/\/i0.wp.com\/www.24baires.com\/wp-content\/uploads\/2021\/01\/vacuna-avi%C3%B3n-aerol%C3%ADneas.jpg?resize=525%2C300 1.5x"},"classes":[]}],"jetpack_sharing_enabled":true,"jetpack_likes_enabled":true,"jetpack_featured_media_url":"","_links":{"self":[{"href":"http:\/\/www.24baires.com\/index.php?rest_route=\/wp\/v2\/posts\/56672","targetHints":{"allow":["GET"]}}],"collection":[{"href":"http:\/\/www.24baires.com\/index.php?rest_route=\/wp\/v2\/posts"}],"about":[{"href":"http:\/\/www.24baires.com\/index.php?rest_route=\/wp\/v2\/types\/post"}],"author":[{"embeddable":true,"href":"http:\/\/www.24baires.com\/index.php?rest_route=\/wp\/v2\/users\/4"}],"replies":[{"embeddable":true,"href":"http:\/\/www.24baires.com\/index.php?rest_route=%2Fwp%2Fv2%2Fcomments&post=56672"}],"version-history":[{"count":1,"href":"http:\/\/www.24baires.com\/index.php?rest_route=\/wp\/v2\/posts\/56672\/revisions"}],"predecessor-version":[{"id":56673,"href":"http:\/\/www.24baires.com\/index.php?rest_route=\/wp\/v2\/posts\/56672\/revisions\/56673"}],"wp:attachment":[{"href":"http:\/\/www.24baires.com\/index.php?rest_route=%2Fwp%2Fv2%2Fmedia&parent=56672"}],"wp:term":[{"taxonomy":"category","embeddable":true,"href":"http:\/\/www.24baires.com\/index.php?rest_route=%2Fwp%2Fv2%2Fcategories&post=56672"},{"taxonomy":"post_tag","embeddable":true,"href":"http:\/\/www.24baires.com\/index.php?rest_route=%2Fwp%2Fv2%2Ftags&post=56672"}],"curies":[{"name":"wp","href":"https:\/\/api.w.org\/{rel}","templated":true}]}}