{"id":56664,"date":"2014-11-06T10:00:26","date_gmt":"2014-11-06T13:00:26","guid":{"rendered":"http:\/\/www.24baires.com\/?p=56664"},"modified":"2014-11-06T19:40:42","modified_gmt":"2014-11-06T22:40:42","slug":"estamos-ensanchando-el-regimen-de-corresponsabilidad-gremial-para-reducir-la-informalidad-laboral","status":"publish","type":"post","link":"http:\/\/www.24baires.com\/?p=56664","title":{"rendered":"\u00abEstamos ensanchando el r\u00e9gimen de corresponsabilidad gremial para reducir la informalidad laboral\u00bb"},"content":{"rendered":"<p><img data-recalc-dims=\"1\" loading=\"lazy\" decoding=\"async\" class=\"aligncenter size-full wp-image-39278\" src=\"https:\/\/i0.wp.com\/www.24baires.com\/wp-content\/uploads\/2014\/01\/capitanich-dolares.jpg?resize=560%2C364\" alt=\"capitanich dolares\" width=\"560\" height=\"364\" srcset=\"https:\/\/i0.wp.com\/www.24baires.com\/wp-content\/uploads\/2014\/01\/capitanich-dolares.jpg?w=560 560w, https:\/\/i0.wp.com\/www.24baires.com\/wp-content\/uploads\/2014\/01\/capitanich-dolares.jpg?resize=300%2C195 300w\" sizes=\"auto, (max-width: 560px) 100vw, 560px\" \/>El jefe de Gabinete, Jorge Capitanich, destac\u00f3 que el r\u00e9gimen de corresponsabilidad gremial para reducir la informalidad laboral, que se aplica desde 2011, \u00abforma parte de una pol\u00edtica p\u00fablica muy importante para generar condiciones de trabajo decente\u00bb.<!--more--><\/p>\n<p>\u00abEstamos ensanchando el r\u00e9gimen de corresponsabilidad gremial para reducir la informalidad laboral y generar condiciones para un trabajo decente\u00bb, dijo el funcionario en el marco de su habitual conferencia de prensa matutina desde Casa de Gobierno.<\/p>\n<p>En ese sentido, precis\u00f3 que desde la reglamentaci\u00f3n de la ley 26.637 en 2011, se suscribieron convenios con los que \u00abllegar\u00edamos a 150 mil trabajadores que ser\u00e1n registrados formalmente\u00bb.<\/p>\n<p>El jefe de Gabinete explic\u00f3 que esos convenios alcanzan a las econom\u00edas regionales de distintas provincias y que el sistema permite que recolectores y trabajadores rurales reciban cobertura social y est\u00e9n adheridos al sistema jubilatorio.<\/p>\n<p>\u00abEs una estrategia muy importante que forma parte de una pol\u00edtica p\u00fablica para reducir la informalidad laboral\u00bb, finaliz\u00f3 Capitanich.<\/p>\n","protected":false},"excerpt":{"rendered":"<p>El jefe de Gabinete, Jorge Capitanich, destac\u00f3 que el r\u00e9gimen de corresponsabilidad gremial para reducir la informalidad laboral, que se aplica desde 2011, \u00abforma parte de una pol\u00edtica p\u00fablica muy importante para generar condiciones de trabajo decente\u00bb.<\/p>\n","protected":false},"author":4,"featured_media":0,"comment_status":"open","ping_status":"open","sticky":false,"template":"","format":"standard","meta":{"_jetpack_newsletter_access":"","_jetpack_dont_email_post_to_subs":false,"_jetpack_newsletter_tier_id":0,"_jetpack_memberships_contains_paywalled_content":false,"_jetpack_memberships_contains_paid_content":false,"footnotes":""},"categories":[51],"tags":[],"class_list":["post-56664","post","type-post","status-publish","format-standard","hentry","category-politica"],"jetpack_shortlink":"https:\/\/wp.me\/p2JWE0-eJW","jetpack-related-posts":[{"id":43853,"url":"http:\/\/www.24baires.com\/?p=43853","url_meta":{"origin":56664,"position":0},"title":"Cristina anunci\u00f3 un proyecto para combatir la precarizaci\u00f3n laboral","author":"GB","date":"14\/04\/2014","format":false,"excerpt":"La presidenta Cristina Fern\u00e1ndez de Kirchner anunci\u00f3 hoy el env\u00edo de un proyecto de Ley para la Promoci\u00f3n del Trabajo Registrado y Prevenci\u00f3n de fraude laboral que apunta a regularizar la situaci\u00f3n de 300.000 personas empleadas en condiciones precarias en el t\u00e9rmino de un a\u00f1o. Las acciones incluidas en este\u2026","rel":"","context":"En \u00abPol\u00edtica\u00bb","block_context":{"text":"Pol\u00edtica","link":"http:\/\/www.24baires.com\/?cat=51"},"img":{"alt_text":"cristina salon po","src":"https:\/\/i0.wp.com\/www.24baires.com\/wp-content\/uploads\/2014\/04\/cristina-salon-po.jpg?resize=350%2C200","width":350,"height":200,"srcset":"https:\/\/i0.wp.com\/www.24baires.com\/wp-content\/uploads\/2014\/04\/cristina-salon-po.jpg?resize=350%2C200 1x, https:\/\/i0.wp.com\/www.24baires.com\/wp-content\/uploads\/2014\/04\/cristina-salon-po.jpg?resize=525%2C300 1.5x"},"classes":[]},{"id":50566,"url":"http:\/\/www.24baires.com\/?p=50566","url_meta":{"origin":56664,"position":1},"title":"Beneficios para m\u00e1s de 20.000 trabajadores hort\u00edcolas bonaerenses","author":"AF","date":"26\/07\/2014","format":false,"excerpt":"La Secretar\u00eda de Desarrollo Rural del Ministerio de Agricultura, Ganader\u00eda y Pesca de la Naci\u00f3n, \u00e1rea que conduce Carla Campos Bilbao, impulsa la implementaci\u00f3n de los Convenios de Corresponsabilidad Gremial para el sector hort\u00edcola de la provincia de Buenos Aires. La iniciativa permitir\u00eda avanzar con la regulaci\u00f3n y normalizaci\u00f3n de\u2026","rel":"","context":"En \u00abProvincia\u00bb","block_context":{"text":"Provincia","link":"http:\/\/www.24baires.com\/?cat=40"},"img":{"alt_text":"","src":"https:\/\/i0.wp.com\/www.24baires.com\/wp-content\/uploads\/2014\/07\/hort%C3%ADcolas.jpg?resize=350%2C200","width":350,"height":200,"srcset":"https:\/\/i0.wp.com\/www.24baires.com\/wp-content\/uploads\/2014\/07\/hort%C3%ADcolas.jpg?resize=350%2C200 1x, https:\/\/i0.wp.com\/www.24baires.com\/wp-content\/uploads\/2014\/07\/hort%C3%ADcolas.jpg?resize=525%2C300 1.5x"},"classes":[]},{"id":44041,"url":"http:\/\/www.24baires.com\/?p=44041","url_meta":{"origin":56664,"position":2},"title":"Contra un mal de siempre, el trabajo en negro","author":"GB","date":"16\/04\/2014","format":false,"excerpt":"Cuando se habla desde el oficialismo nacional de \u201cprofundizar el modelo\u201d que ha gobernado a la Argentina desde 2003, eso, m\u00e1s all\u00e1 del discurso, debe materializarse en acciones concretas, en gestiones puntuales que avancen sobre las problem\u00e1ticas que siguen siendo los grandes obst\u00e1culos que tiene nuestro pa\u00eds para prosperar. Obst\u00e1culos\u2026","rel":"","context":"En \u00abOpini\u00f3n\u00bb","block_context":{"text":"Opini\u00f3n","link":"http:\/\/www.24baires.com\/?cat=64"},"img":{"alt_text":"","src":"https:\/\/i0.wp.com\/www.24baires.com\/wp-content\/uploads\/2014\/04\/trabajo-en-negro.jpg?resize=350%2C200","width":350,"height":200},"classes":[]},{"id":56706,"url":"http:\/\/www.24baires.com\/?p=56706","url_meta":{"origin":56664,"position":3},"title":"V\u00eda libre para la exportaci\u00f3n de trigo y ma\u00edz","author":"Grupo Sierra","date":"06\/11\/2014","format":false,"excerpt":"El Jefe de Gabinete, Jorge Capitanich, inform\u00f3 esta tarde que se autoriz\u00f3 la exportaci\u00f3n de 1,5 millones de toneladas de trigo, a partir del 15 de diciembre, y de ocho millones de toneladas de ma\u00edz desde el 15 de marzo de 2015. Capitanich se\u00f1al\u00f3 que la decisi\u00f3n se adopt\u00f3 durante\u2026","rel":"","context":"En \u00abEconom\u00eda\u00bb","block_context":{"text":"Econom\u00eda","link":"http:\/\/www.24baires.com\/?cat=45"},"img":{"alt_text":"trigo","src":"https:\/\/i0.wp.com\/www.24baires.com\/wp-content\/uploads\/2013\/07\/trigo.jpg?resize=350%2C200","width":350,"height":200,"srcset":"https:\/\/i0.wp.com\/www.24baires.com\/wp-content\/uploads\/2013\/07\/trigo.jpg?resize=350%2C200 1x, https:\/\/i0.wp.com\/www.24baires.com\/wp-content\/uploads\/2013\/07\/trigo.jpg?resize=525%2C300 1.5x"},"classes":[]},{"id":55481,"url":"http:\/\/www.24baires.com\/?p=55481","url_meta":{"origin":56664,"position":4},"title":"Capitanich asegura que \u00abfue dr\u00e1stica la reducci\u00f3n de la mortalidad infantil y materna\u00bb","author":"AF","date":"16\/10\/2014","format":false,"excerpt":"El jefe de Gabinete, Jorge Capitanich, subray\u00f3 las pol\u00edticas activas del gobierno que permitieron reducir estos \u00edndices, as\u00ed como tambi\u00e9n, los guarismos de informalidad laboral y el desempleo. \u201cEn la Argentina, seg\u00fan cifras oficiales del Ministerio de Salud, la tasa de mortalidad infantil es de 10,8 por mil, lo que\u2026","rel":"","context":"En \u00abSociedad\u00bb","block_context":{"text":"Sociedad","link":"http:\/\/www.24baires.com\/?cat=1"},"img":{"alt_text":"capitanich","src":"https:\/\/i0.wp.com\/www.24baires.com\/wp-content\/uploads\/2014\/09\/capitanich1.jpg?resize=350%2C200","width":350,"height":200,"srcset":"https:\/\/i0.wp.com\/www.24baires.com\/wp-content\/uploads\/2014\/09\/capitanich1.jpg?resize=350%2C200 1x, https:\/\/i0.wp.com\/www.24baires.com\/wp-content\/uploads\/2014\/09\/capitanich1.jpg?resize=525%2C300 1.5x"},"classes":[]},{"id":119621,"url":"http:\/\/www.24baires.com\/?p=119621","url_meta":{"origin":56664,"position":5},"title":"Udocba le exige una \u00abrevisi\u00f3n salarial\u00bb al gobierno de Kicillof","author":"GB","date":"12\/12\/2022","format":false,"excerpt":"En contrapartida del titular del gremio de Suteba, quien se muestra cercano al gobernador, la Uni\u00f3n de Docentes de la Provincia de Buenos Aires pidi\u00f3 una revisi\u00f3n en los sueldos. \"Es en virtud del avance inflacionario\", explicaron desde el gremio. Tambi\u00e9n exigen respuesta a otras peticiones laborales. Uni\u00f3n de Docentes\u2026","rel":"","context":"En \u00abProvincia\u00bb","block_context":{"text":"Provincia","link":"http:\/\/www.24baires.com\/?cat=40"},"img":{"alt_text":"","src":"https:\/\/i0.wp.com\/www.24baires.com\/wp-content\/uploads\/2014\/08\/udocba.jpg?resize=350%2C200","width":350,"height":200,"srcset":"https:\/\/i0.wp.com\/www.24baires.com\/wp-content\/uploads\/2014\/08\/udocba.jpg?resize=350%2C200 1x, https:\/\/i0.wp.com\/www.24baires.com\/wp-content\/uploads\/2014\/08\/udocba.jpg?resize=525%2C300 1.5x, https:\/\/i0.wp.com\/www.24baires.com\/wp-content\/uploads\/2014\/08\/udocba.jpg?resize=700%2C400 2x"},"classes":[]}],"jetpack_sharing_enabled":true,"jetpack_likes_enabled":true,"jetpack_featured_media_url":"","_links":{"self":[{"href":"http:\/\/www.24baires.com\/index.php?rest_route=\/wp\/v2\/posts\/56664","targetHints":{"allow":["GET"]}}],"collection":[{"href":"http:\/\/www.24baires.com\/index.php?rest_route=\/wp\/v2\/posts"}],"about":[{"href":"http:\/\/www.24baires.com\/index.php?rest_route=\/wp\/v2\/types\/post"}],"author":[{"embeddable":true,"href":"http:\/\/www.24baires.com\/index.php?rest_route=\/wp\/v2\/users\/4"}],"replies":[{"embeddable":true,"href":"http:\/\/www.24baires.com\/index.php?rest_route=%2Fwp%2Fv2%2Fcomments&post=56664"}],"version-history":[{"count":1,"href":"http:\/\/www.24baires.com\/index.php?rest_route=\/wp\/v2\/posts\/56664\/revisions"}],"predecessor-version":[{"id":56665,"href":"http:\/\/www.24baires.com\/index.php?rest_route=\/wp\/v2\/posts\/56664\/revisions\/56665"}],"wp:attachment":[{"href":"http:\/\/www.24baires.com\/index.php?rest_route=%2Fwp%2Fv2%2Fmedia&parent=56664"}],"wp:term":[{"taxonomy":"category","embeddable":true,"href":"http:\/\/www.24baires.com\/index.php?rest_route=%2Fwp%2Fv2%2Fcategories&post=56664"},{"taxonomy":"post_tag","embeddable":true,"href":"http:\/\/www.24baires.com\/index.php?rest_route=%2Fwp%2Fv2%2Ftags&post=56664"}],"curies":[{"name":"wp","href":"https:\/\/api.w.org\/{rel}","templated":true}]}}