{"id":56631,"date":"2014-11-05T17:00:30","date_gmt":"2014-11-05T20:00:30","guid":{"rendered":"http:\/\/www.24baires.com\/?p=56631"},"modified":"2014-11-05T16:49:51","modified_gmt":"2014-11-05T19:49:51","slug":"petroleros-levantaron-el-paro-anunciado-para-el-jueves","status":"publish","type":"post","link":"http:\/\/www.24baires.com\/?p=56631","title":{"rendered":"Petroleros levantaron el paro anunciado para el jueves"},"content":{"rendered":"<p><img data-recalc-dims=\"1\" loading=\"lazy\" decoding=\"async\" class=\"aligncenter size-full wp-image-56632\" src=\"https:\/\/i0.wp.com\/www.24baires.com\/wp-content\/uploads\/2014\/11\/capitanich-petroleros.jpg?resize=560%2C373\" alt=\"capitanich petroleros\" width=\"560\" height=\"373\" srcset=\"https:\/\/i0.wp.com\/www.24baires.com\/wp-content\/uploads\/2014\/11\/capitanich-petroleros.jpg?w=560 560w, https:\/\/i0.wp.com\/www.24baires.com\/wp-content\/uploads\/2014\/11\/capitanich-petroleros.jpg?resize=300%2C199 300w\" sizes=\"auto, (max-width: 560px) 100vw, 560px\" \/>Acordaron con el sector empresario adelantar las negociaciones paritarias del a\u00f1o pr\u00f3ximo.<!--more--><\/p>\n<p>El Sindicato del Petr\u00f3leo y Gas Privado de R\u00edo Negro, Neuqu\u00e9n y La Pampa, levant\u00f3 el paro anunciado para este jueves, luego de una reuni\u00f3n en el Ministerio de Trabajo.<\/p>\n<p>Seg\u00fan inform\u00f3 la cartera laboral, en el encuentro se acord\u00f3 la constituci\u00f3n de una mesa de di\u00e1logo tripartita para analizar la renovaci\u00f3n del acuerdo salarial vigente hasta el 31 de diciembre de 2014.<\/p>\n<p>Se fij\u00f3 una nueva reuni\u00f3n para la pr\u00f3xima semana, comprometi\u00e9ndose las partes a reuniones directas con los gremios jer\u00e1rquicos por un lado y los petroleros privados por otro para abordar las particularidades de cada sector.<\/p>\n<p>&nbsp;<\/p>\n<p>&nbsp;<\/p>\n<p>&nbsp;<\/p>\n<p>&nbsp;<\/p>\n<p>&nbsp;<\/p>\n<p>&nbsp;<\/p>\n<p>&nbsp;<\/p>\n<p>&nbsp;<\/p>\n<p>&nbsp;<\/p>\n<p>&nbsp;<\/p>\n<p>&nbsp;<\/p>\n<p>&nbsp;<\/p>\n","protected":false},"excerpt":{"rendered":"<p>Acordaron con el sector empresario adelantar las negociaciones paritarias del a\u00f1o pr\u00f3ximo.<\/p>\n","protected":false},"author":8,"featured_media":0,"comment_status":"open","ping_status":"open","sticky":false,"template":"","format":"standard","meta":{"_jetpack_newsletter_access":"","_jetpack_dont_email_post_to_subs":false,"_jetpack_newsletter_tier_id":0,"_jetpack_memberships_contains_paywalled_content":false,"_jetpack_memberships_contains_paid_content":false,"footnotes":""},"categories":[51],"tags":[],"class_list":["post-56631","post","type-post","status-publish","format-standard","hentry","category-politica"],"jetpack_shortlink":"https:\/\/wp.me\/p2JWE0-eJp","jetpack-related-posts":[{"id":101711,"url":"http:\/\/www.24baires.com\/?p=101711","url_meta":{"origin":56631,"position":0},"title":"Pese a las jornadas de paro, bancarios no acordaron aumento salarial","author":"GB","date":"20\/04\/2018","format":false,"excerpt":"La Bancaria y las c\u00e1maras empresarias se vieron las caras en el Ministerio de Trabajo pero no sellaron un acuerdo. La negociaci\u00f3n pas\u00f3 a un cuarto intermedio hasta el martes por la tarde. Las negociaciones paritarias entre los trabajadores bancarios y las c\u00e1maras empresarias siguen empantanadas. Este jueves hubo una\u2026","rel":"","context":"En \u00abPol\u00edtica\u00bb","block_context":{"text":"Pol\u00edtica","link":"http:\/\/www.24baires.com\/?cat=51"},"img":{"alt_text":"","src":"https:\/\/i0.wp.com\/www.24baires.com\/wp-content\/uploads\/2015\/04\/bancarios.jpg?resize=350%2C200","width":350,"height":200,"srcset":"https:\/\/i0.wp.com\/www.24baires.com\/wp-content\/uploads\/2015\/04\/bancarios.jpg?resize=350%2C200 1x, https:\/\/i0.wp.com\/www.24baires.com\/wp-content\/uploads\/2015\/04\/bancarios.jpg?resize=525%2C300 1.5x"},"classes":[]},{"id":119587,"url":"http:\/\/www.24baires.com\/?p=119587","url_meta":{"origin":56631,"position":1},"title":"Sergio Massa incorpora combustibles al Precios Justos","author":"GB","date":"28\/11\/2022","format":false,"excerpt":"Las naftas no podr\u00e1n subir m\u00e1s del 4% durante el pr\u00f3ximo cuatrimestre. Hoy habr\u00e1 una reuni\u00f3n clave para oficializar el acuerdo. El ministro de Econom\u00eda de la Naci\u00f3n, Sergio Massa, acord\u00f3 con empresas petroleras el ingreso de los combustibles al programa Precios Justos. El anuncio formal se realizar\u00e1 este lunes,\u2026","rel":"","context":"En \u00abEconom\u00eda\u00bb","block_context":{"text":"Econom\u00eda","link":"http:\/\/www.24baires.com\/?cat=45"},"img":{"alt_text":"","src":"https:\/\/i0.wp.com\/www.24baires.com\/wp-content\/uploads\/2022\/11\/sergio-massa-precios-justosjpg.jpg?resize=350%2C200","width":350,"height":200,"srcset":"https:\/\/i0.wp.com\/www.24baires.com\/wp-content\/uploads\/2022\/11\/sergio-massa-precios-justosjpg.jpg?resize=350%2C200 1x, https:\/\/i0.wp.com\/www.24baires.com\/wp-content\/uploads\/2022\/11\/sergio-massa-precios-justosjpg.jpg?resize=525%2C300 1.5x, https:\/\/i0.wp.com\/www.24baires.com\/wp-content\/uploads\/2022\/11\/sergio-massa-precios-justosjpg.jpg?resize=700%2C400 2x"},"classes":[]},{"id":102496,"url":"http:\/\/www.24baires.com\/?p=102496","url_meta":{"origin":56631,"position":2},"title":"A partir del s\u00e1bado, el combustible costar\u00e1 un 5% m\u00e1s","author":"AF","date":"01\/06\/2018","format":false,"excerpt":"El ministro Juan Jos\u00e9 Aranguren acord\u00f3 una nueva suba de la nafta y el gasoil. Se comprometi\u00f3 adem\u00e1s con las petroleras a habilitar una nueva suba, del 3%, a partir del 1\u00b0 de julio. El gobierno de Mauricio Macri acord\u00f3 con las compa\u00f1\u00edas petroleras una nueva suba en el precio\u2026","rel":"","context":"En \u00abEconom\u00eda\u00bb","block_context":{"text":"Econom\u00eda","link":"http:\/\/www.24baires.com\/?cat=45"},"img":{"alt_text":"","src":"https:\/\/i0.wp.com\/www.24baires.com\/wp-content\/uploads\/2013\/02\/surtidor-nafta.jpg?resize=350%2C200","width":350,"height":200,"srcset":"https:\/\/i0.wp.com\/www.24baires.com\/wp-content\/uploads\/2013\/02\/surtidor-nafta.jpg?resize=350%2C200 1x, https:\/\/i0.wp.com\/www.24baires.com\/wp-content\/uploads\/2013\/02\/surtidor-nafta.jpg?resize=525%2C300 1.5x"},"classes":[]},{"id":120387,"url":"http:\/\/www.24baires.com\/?p=120387","url_meta":{"origin":56631,"position":3},"title":"Massa anunci\u00f3 un acuerdo para congelar el precio de los combustibles","author":"AF","date":"17\/08\/2023","format":false,"excerpt":"Ser\u00e1 hasta despu\u00e9s de las elecciones generales de octubre. Este jueves, YPF subi\u00f3 sus precios 12,5 por ciento. El ministro de Econom\u00eda, Sergio Massa, inform\u00f3 que los precios de los combustibles permanecer\u00e1n congelados hasta el 31 de octubre pr\u00f3ximo. Esta decisi\u00f3n se tom\u00f3 como respuesta al aumento del 12,5% que\u2026","rel":"","context":"En \u00abEconom\u00eda\u00bb","block_context":{"text":"Econom\u00eda","link":"http:\/\/www.24baires.com\/?cat=45"},"img":{"alt_text":"","src":"https:\/\/i0.wp.com\/www.24baires.com\/wp-content\/uploads\/2018\/01\/ypf.jpg?resize=350%2C200","width":350,"height":200,"srcset":"https:\/\/i0.wp.com\/www.24baires.com\/wp-content\/uploads\/2018\/01\/ypf.jpg?resize=350%2C200 1x, https:\/\/i0.wp.com\/www.24baires.com\/wp-content\/uploads\/2018\/01\/ypf.jpg?resize=525%2C300 1.5x, https:\/\/i0.wp.com\/www.24baires.com\/wp-content\/uploads\/2018\/01\/ypf.jpg?resize=700%2C400 2x"},"classes":[]},{"id":107245,"url":"http:\/\/www.24baires.com\/?p=107245","url_meta":{"origin":56631,"position":4},"title":"La UTA anunci\u00f3 un paro para los micros de corta y larga distancia","author":"GB","date":"18\/03\/2019","format":false,"excerpt":"La Uni\u00f3n Tranviarios Automotor (UTA) anunci\u00f3 un paro total de actividades para los choferes de micros de corta y larga distancia del interior del pa\u00eds desde hoy hasta el mi\u00e9rcoles. La decisi\u00f3n se tom\u00f3 luego de fracasar las negociaciones salariales con la Federaci\u00f3n de Empresas de Transporte Colectivo de Pasajeros.\u2026","rel":"","context":"En \u00abPol\u00edtica\u00bb","block_context":{"text":"Pol\u00edtica","link":"http:\/\/www.24baires.com\/?cat=51"},"img":{"alt_text":"","src":"https:\/\/i0.wp.com\/www.24baires.com\/wp-content\/uploads\/2014\/08\/colectivo-112-lan%C3%BAs.jpg?resize=350%2C200","width":350,"height":200,"srcset":"https:\/\/i0.wp.com\/www.24baires.com\/wp-content\/uploads\/2014\/08\/colectivo-112-lan%C3%BAs.jpg?resize=350%2C200 1x, https:\/\/i0.wp.com\/www.24baires.com\/wp-content\/uploads\/2014\/08\/colectivo-112-lan%C3%BAs.jpg?resize=525%2C300 1.5x"},"classes":[]},{"id":114183,"url":"http:\/\/www.24baires.com\/?p=114183","url_meta":{"origin":56631,"position":5},"title":"El piso salarial de referencia para los docentes comenzar\u00e1 a discutirse el mi\u00e9rcoles","author":"GB","date":"21\/02\/2020","format":false,"excerpt":"El Gobierno nacional recibi\u00f3 a los cinco gremios del sector para comenzar a debatir sobre diferentes puntos que hacen al plano educativo. Este jueves comenz\u00f3 la paritaria nacional docente con una primera reuni\u00f3n entre las autoridades del Ministerio de Educaci\u00f3n y los cinco gremios m\u00e1s representativos del sector. En ese\u2026","rel":"","context":"En \u00abPol\u00edtica\u00bb","block_context":{"text":"Pol\u00edtica","link":"http:\/\/www.24baires.com\/?cat=51"},"img":{"alt_text":"","src":"https:\/\/i0.wp.com\/www.24baires.com\/wp-content\/uploads\/2020\/02\/paritaria-nac.jpg?resize=350%2C200","width":350,"height":200,"srcset":"https:\/\/i0.wp.com\/www.24baires.com\/wp-content\/uploads\/2020\/02\/paritaria-nac.jpg?resize=350%2C200 1x, https:\/\/i0.wp.com\/www.24baires.com\/wp-content\/uploads\/2020\/02\/paritaria-nac.jpg?resize=525%2C300 1.5x"},"classes":[]}],"jetpack_sharing_enabled":true,"jetpack_likes_enabled":true,"jetpack_featured_media_url":"","_links":{"self":[{"href":"http:\/\/www.24baires.com\/index.php?rest_route=\/wp\/v2\/posts\/56631","targetHints":{"allow":["GET"]}}],"collection":[{"href":"http:\/\/www.24baires.com\/index.php?rest_route=\/wp\/v2\/posts"}],"about":[{"href":"http:\/\/www.24baires.com\/index.php?rest_route=\/wp\/v2\/types\/post"}],"author":[{"embeddable":true,"href":"http:\/\/www.24baires.com\/index.php?rest_route=\/wp\/v2\/users\/8"}],"replies":[{"embeddable":true,"href":"http:\/\/www.24baires.com\/index.php?rest_route=%2Fwp%2Fv2%2Fcomments&post=56631"}],"version-history":[{"count":1,"href":"http:\/\/www.24baires.com\/index.php?rest_route=\/wp\/v2\/posts\/56631\/revisions"}],"predecessor-version":[{"id":56633,"href":"http:\/\/www.24baires.com\/index.php?rest_route=\/wp\/v2\/posts\/56631\/revisions\/56633"}],"wp:attachment":[{"href":"http:\/\/www.24baires.com\/index.php?rest_route=%2Fwp%2Fv2%2Fmedia&parent=56631"}],"wp:term":[{"taxonomy":"category","embeddable":true,"href":"http:\/\/www.24baires.com\/index.php?rest_route=%2Fwp%2Fv2%2Fcategories&post=56631"},{"taxonomy":"post_tag","embeddable":true,"href":"http:\/\/www.24baires.com\/index.php?rest_route=%2Fwp%2Fv2%2Ftags&post=56631"}],"curies":[{"name":"wp","href":"https:\/\/api.w.org\/{rel}","templated":true}]}}