{"id":56624,"date":"2014-11-05T16:08:05","date_gmt":"2014-11-05T19:08:05","guid":{"rendered":"http:\/\/www.24baires.com\/?p=56624"},"modified":"2014-11-05T16:08:05","modified_gmt":"2014-11-05T19:08:05","slug":"buscan-crear-el-colegio-de-meteorologos","status":"publish","type":"post","link":"http:\/\/www.24baires.com\/?p=56624","title":{"rendered":"Buscan crear el Colegio de Meteor\u00f3logos"},"content":{"rendered":"<p><img data-recalc-dims=\"1\" loading=\"lazy\" decoding=\"async\" class=\"aligncenter size-full wp-image-56625\" src=\"https:\/\/i0.wp.com\/www.24baires.com\/wp-content\/uploads\/2014\/11\/colegio-meteorologos.jpg?resize=560%2C433\" alt=\"colegio meteorologos\" width=\"560\" height=\"433\" srcset=\"https:\/\/i0.wp.com\/www.24baires.com\/wp-content\/uploads\/2014\/11\/colegio-meteorologos.jpg?w=560 560w, https:\/\/i0.wp.com\/www.24baires.com\/wp-content\/uploads\/2014\/11\/colegio-meteorologos.jpg?resize=300%2C231 300w\" sizes=\"auto, (max-width: 560px) 100vw, 560px\" \/>La diputada provincial del Frente para la Victoria, Valeria Amendolara, encabez\u00f3 una jornada sobre Meteorolog\u00eda y Cambio Clim\u00e1tico en la que se present\u00f3 el proyecto de Ley de su autor\u00eda que propone la creaci\u00f3n del Colegio Profesional de Meteor\u00f3logos de la Provincia \u201ca fin de regular, jerarquizar e impulsar la investigaci\u00f3n en una disciplina tan necesaria en nuestro tiempo\u201d.<!--more--><\/p>\n<p>En la ocasi\u00f3n, disertaron el Dr. Adri\u00e1n Brunini, director de Vinculaci\u00f3n Cient\u00edfico -Tecnol\u00f3gica de la Facultad de Ciencias Astron\u00f3micas de la Universidad de La Plata, el Lic. Juan Manuel H\u00f6rler, presidente del Centro Argentino de Meteor\u00f3logos y los doctores Eduardo Agosta y Guillermo Berri, ambos docentes e investigadores del CONICET.<\/p>\n<p>\u201cEl objetivo es que el Colegio ejerza la representaci\u00f3n exclusiva de la profesi\u00f3n del graduado en Meteorolog\u00eda o Ciencias de la Atm\u00f3sfera asegurando la igualdad de derechos y deberes en el ejercicio profesional, como as\u00ed tambi\u00e9n dar impulso a la cooperaci\u00f3n cient\u00edfica y profesional entre los investigadores, docentes y especialistas en la materia\u201d, explic\u00f3 Amendolara.<\/p>\n<p>Cabe destacar la participaci\u00f3n del arquitecto Fernando Tauber, vicepresidente institucional de la U.N.L.P., quien manifest\u00f3 el apoyo de la Casa de Altos estudios a la iniciativa.<\/p>\n<p>&nbsp;<\/p>\n<p>&nbsp;<\/p>\n<p>&nbsp;<\/p>\n<p>&nbsp;<\/p>\n<p>&nbsp;<\/p>\n<p>&nbsp;<\/p>\n<p>&nbsp;<\/p>\n<p>&nbsp;<\/p>\n<p>&nbsp;<\/p>\n<p>&nbsp;<\/p>\n<p>&nbsp;<\/p>\n<p>&nbsp;<\/p>\n<p>&nbsp;<\/p>\n<p>&nbsp;<\/p>\n","protected":false},"excerpt":{"rendered":"<p>La diputada provincial del Frente para la Victoria, Valeria Amendolara, encabez\u00f3 una jornada sobre Meteorolog\u00eda y Cambio Clim\u00e1tico en la que se present\u00f3 el proyecto de Ley de su autor\u00eda que propone la creaci\u00f3n del Colegio Profesional de Meteor\u00f3logos de la Provincia \u201ca fin de regular, jerarquizar e impulsar la investigaci\u00f3n en una disciplina tan necesaria en nuestro tiempo\u201d.<\/p>\n","protected":false},"author":8,"featured_media":0,"comment_status":"open","ping_status":"open","sticky":false,"template":"","format":"standard","meta":{"_jetpack_newsletter_access":"","_jetpack_dont_email_post_to_subs":false,"_jetpack_newsletter_tier_id":0,"_jetpack_memberships_contains_paywalled_content":false,"_jetpack_memberships_contains_paid_content":false,"footnotes":""},"categories":[51],"tags":[],"class_list":["post-56624","post","type-post","status-publish","format-standard","hentry","category-politica"],"jetpack_shortlink":"https:\/\/wp.me\/p2JWE0-eJi","jetpack-related-posts":[{"id":1447,"url":"http:\/\/www.24baires.com\/?p=1447","url_meta":{"origin":56624,"position":0},"title":"Inauguraron la 6\u00aa Olimp\u00edada Internacional de Ciencias de la Tierra en Olavarr\u00eda","author":"AF","date":"08\/10\/2012","format":false,"excerpt":"Con un acto en el Teatro municipal se realiz\u00f3 este lunes la apertura del in\u00e9dito evento para Latinoam\u00e9rica con sede en Olavarr\u00eda. Participan delegaciones de estudiantes secundarios de veinte pa\u00edses. La olimp\u00edada se desarrollar\u00e1 entre el 8 y el 12 de octubre y desde el martes comenzar\u00e1n ex\u00e1menes en el\u2026","rel":"","context":"En \u00abSociedad\u00bb","block_context":{"text":"Sociedad","link":"http:\/\/www.24baires.com\/?cat=1"},"img":{"alt_text":"","src":"https:\/\/i0.wp.com\/www.24baires.com\/wp-content\/uploads\/2012\/10\/olimpiada-300x225.jpg?resize=350%2C200","width":350,"height":200},"classes":[]},{"id":87214,"url":"http:\/\/www.24baires.com\/?p=87214","url_meta":{"origin":56624,"position":1},"title":"Sin clases en General Pueyrred\u00f3n y Mar Chiquita por el temporal","author":"GB","date":"06\/09\/2016","format":false,"excerpt":"\"Es a ra\u00edz del fuerte temporal de viento y lluvia\", comunicaron desde la Municipalidad. La decisi\u00f3n fue del propio intendente Arroyo. A pesar de que la mayor\u00eda de los colegios en el turno ma\u00f1ana est\u00e1n funcionando con normalidad, el intendente Carlos Arroyo decidi\u00f3 suspender las clases en todo General Pueyrredon\u2026","rel":"","context":"En \u00abMunicipios\u00bb","block_context":{"text":"Municipios","link":"http:\/\/www.24baires.com\/?cat=44"},"img":{"alt_text":"aulas vac\u00edas","src":"https:\/\/i0.wp.com\/www.24baires.com\/wp-content\/uploads\/2014\/03\/aulas-vac%C3%ADas.jpg?resize=350%2C200","width":350,"height":200},"classes":[]},{"id":102906,"url":"http:\/\/www.24baires.com\/?p=102906","url_meta":{"origin":56624,"position":2},"title":"Rige un alerta meteorol\u00f3gico por fuertes vientos para Mar del Plata","author":"GB","date":"21\/06\/2018","format":false,"excerpt":"Se espera que alcancen velocidades entre 40 y 70 kil\u00f3metros por hora con r\u00e1fagas Un alerta meteorol\u00f3gico por fuertes vientos rige para las pr\u00f3ximas horas en Mar del Plata. As\u00ed lo informaron desde el Servicio Meteorol\u00f3gico Nacional y se\u00f1alaron que se prev\u00e9n velocidades de entre 40 y 70 kil\u00f3metros por\u2026","rel":"","context":"En \u00abMunicipios\u00bb","block_context":{"text":"Municipios","link":"http:\/\/www.24baires.com\/?cat=44"},"img":{"alt_text":"","src":"https:\/\/i0.wp.com\/www.24baires.com\/wp-content\/uploads\/2018\/06\/alerta-meteorologico.jpg?resize=350%2C200","width":350,"height":200,"srcset":"https:\/\/i0.wp.com\/www.24baires.com\/wp-content\/uploads\/2018\/06\/alerta-meteorologico.jpg?resize=350%2C200 1x, https:\/\/i0.wp.com\/www.24baires.com\/wp-content\/uploads\/2018\/06\/alerta-meteorologico.jpg?resize=525%2C300 1.5x"},"classes":[]},{"id":110818,"url":"http:\/\/www.24baires.com\/?p=110818","url_meta":{"origin":56624,"position":3},"title":"Rige un alerta meteorol\u00f3gico por lluvias y tormentas fuertes en la provincia","author":"GB","date":"17\/06\/2019","format":false,"excerpt":"De acuerdo al Servicio Meteorol\u00f3gico Nacional (SMN), se prev\u00e9 que a partir de esta ma\u00f1ana \"vuelvan a generarse \u00e1reas de lluvias y tormentas, algunas de las cuales podr\u00edan ser intensas, especialmente a partir del mediod\u00eda\". Un alerta meteorol\u00f3gico por lluvias y tormentas fuertes rige para el norte, centro-este sudeste de\u2026","rel":"","context":"En \u00abProvincia\u00bb","block_context":{"text":"Provincia","link":"http:\/\/www.24baires.com\/?cat=40"},"img":{"alt_text":"","src":"https:\/\/i0.wp.com\/www.24baires.com\/wp-content\/uploads\/2014\/12\/tormenta.jpg?resize=350%2C200","width":350,"height":200,"srcset":"https:\/\/i0.wp.com\/www.24baires.com\/wp-content\/uploads\/2014\/12\/tormenta.jpg?resize=350%2C200 1x, https:\/\/i0.wp.com\/www.24baires.com\/wp-content\/uploads\/2014\/12\/tormenta.jpg?resize=525%2C300 1.5x"},"classes":[]},{"id":110931,"url":"http:\/\/www.24baires.com\/?p=110931","url_meta":{"origin":56624,"position":4},"title":"Renuevan el alerta meteorol\u00f3gico en la provincia: se esperan vientos de hasta 70 km\/h","author":"GB","date":"25\/06\/2019","format":false,"excerpt":"El reporte advierte sobre condiciones clim\u00e1ticas adversas durante las primeras horas de este martes y el transcurso del d\u00eda. El Servicio Meteorol\u00f3gico Nacional extendi\u00f3 el alerta meteorol\u00f3gico y se esperan vientos de entre 45 y 70 kil\u00f3metros por hora. El parte de alerta meteorol\u00f3gico advierte sobre vientos intensos que tender\u00e1n\u2026","rel":"","context":"En \u00abProvincia\u00bb","block_context":{"text":"Provincia","link":"http:\/\/www.24baires.com\/?cat=40"},"img":{"alt_text":"","src":"https:\/\/i0.wp.com\/www.24baires.com\/wp-content\/uploads\/2017\/10\/vientos.jpg?resize=350%2C200","width":350,"height":200,"srcset":"https:\/\/i0.wp.com\/www.24baires.com\/wp-content\/uploads\/2017\/10\/vientos.jpg?resize=350%2C200 1x, https:\/\/i0.wp.com\/www.24baires.com\/wp-content\/uploads\/2017\/10\/vientos.jpg?resize=525%2C300 1.5x"},"classes":[]},{"id":104607,"url":"http:\/\/www.24baires.com\/?p=104607","url_meta":{"origin":56624,"position":5},"title":"Gran parte de la Provincia bajo alerta meteorol\u00f3gico por tormentas fuertes y granizo","author":"GB","date":"22\/09\/2018","format":false,"excerpt":"El Servicio Meteorol\u00f3gico Nacional inform\u00f3 que las zonas afectadas ser\u00e1n el centro y este, sudeste y norte de la provincia de buenos aires, Ciudad Aut\u00f3noma de Buenos Aires y las zonas cercanas al r\u00edo de la plata. El Servicio Meteorol\u00f3gico Nacional alert\u00f3 la posibilidad de tormentas fuertes para la tarde\u2026","rel":"","context":"En \u00abProvincia\u00bb","block_context":{"text":"Provincia","link":"http:\/\/www.24baires.com\/?cat=40"},"img":{"alt_text":"","src":"https:\/\/i0.wp.com\/www.24baires.com\/wp-content\/uploads\/2014\/12\/tormenta.jpg?resize=350%2C200","width":350,"height":200,"srcset":"https:\/\/i0.wp.com\/www.24baires.com\/wp-content\/uploads\/2014\/12\/tormenta.jpg?resize=350%2C200 1x, https:\/\/i0.wp.com\/www.24baires.com\/wp-content\/uploads\/2014\/12\/tormenta.jpg?resize=525%2C300 1.5x"},"classes":[]}],"jetpack_sharing_enabled":true,"jetpack_likes_enabled":true,"jetpack_featured_media_url":"","_links":{"self":[{"href":"http:\/\/www.24baires.com\/index.php?rest_route=\/wp\/v2\/posts\/56624","targetHints":{"allow":["GET"]}}],"collection":[{"href":"http:\/\/www.24baires.com\/index.php?rest_route=\/wp\/v2\/posts"}],"about":[{"href":"http:\/\/www.24baires.com\/index.php?rest_route=\/wp\/v2\/types\/post"}],"author":[{"embeddable":true,"href":"http:\/\/www.24baires.com\/index.php?rest_route=\/wp\/v2\/users\/8"}],"replies":[{"embeddable":true,"href":"http:\/\/www.24baires.com\/index.php?rest_route=%2Fwp%2Fv2%2Fcomments&post=56624"}],"version-history":[{"count":1,"href":"http:\/\/www.24baires.com\/index.php?rest_route=\/wp\/v2\/posts\/56624\/revisions"}],"predecessor-version":[{"id":56626,"href":"http:\/\/www.24baires.com\/index.php?rest_route=\/wp\/v2\/posts\/56624\/revisions\/56626"}],"wp:attachment":[{"href":"http:\/\/www.24baires.com\/index.php?rest_route=%2Fwp%2Fv2%2Fmedia&parent=56624"}],"wp:term":[{"taxonomy":"category","embeddable":true,"href":"http:\/\/www.24baires.com\/index.php?rest_route=%2Fwp%2Fv2%2Fcategories&post=56624"},{"taxonomy":"post_tag","embeddable":true,"href":"http:\/\/www.24baires.com\/index.php?rest_route=%2Fwp%2Fv2%2Ftags&post=56624"}],"curies":[{"name":"wp","href":"https:\/\/api.w.org\/{rel}","templated":true}]}}