{"id":56619,"date":"2014-11-05T15:00:41","date_gmt":"2014-11-05T18:00:41","guid":{"rendered":"http:\/\/www.24baires.com\/?p=56619"},"modified":"2014-11-05T14:39:02","modified_gmt":"2014-11-05T17:39:02","slug":"scioli-se-reunio-con-intendentes-de-cuatro-municipios-afectados-por-el-temporal","status":"publish","type":"post","link":"http:\/\/www.24baires.com\/?p=56619","title":{"rendered":"Scioli se reuni\u00f3 con intendentes de cuatro municipios afectados por el temporal"},"content":{"rendered":"<p><img data-recalc-dims=\"1\" loading=\"lazy\" decoding=\"async\" class=\"aligncenter size-full wp-image-52695\" src=\"https:\/\/i0.wp.com\/www.24baires.com\/wp-content\/uploads\/2014\/08\/scioli5.jpg?resize=560%2C280\" alt=\"scioli5\" width=\"560\" height=\"280\" srcset=\"https:\/\/i0.wp.com\/www.24baires.com\/wp-content\/uploads\/2014\/08\/scioli5.jpg?w=560 560w, https:\/\/i0.wp.com\/www.24baires.com\/wp-content\/uploads\/2014\/08\/scioli5.jpg?resize=300%2C150 300w\" sizes=\"auto, (max-width: 560px) 100vw, 560px\" \/>Junto a un abanico amplio de funcionarios, el Gobernador recibi\u00f3 a los jefes comunales de San Antonio de Areco, Las Heras, Suipacha y Luj\u00e1n con el fin de coordinar la ayuda tras las tormentas de la \u00faltima semana que, en general, arrojaron un saldo de 6.000 evacuados, un gran porcentaje en esos distritos.<!--more--><\/p>\n<p>Tras la alerta causada por el temporal, las decenas de distritos afectados y m\u00e1s de 6.000 evacuados en toda la provincia, especialmente en la zona atravesada por el R\u00edo Luj\u00e1n, el Gobernador bonaerense mantuvo una reuni\u00f3n de trabajo con cuatro intendentes, nada menos que Francisco Dura\u00f1ona (San Antonio de Areco), Juan Carlos Cal\u00f3 (Las Heras), Antonio Delfino (Suipacha) y Oscar Luciani (Luj\u00e1n).<\/p>\n<p>All\u00ed la Gobernaci\u00f3n y las autoridades municipales quedaron en coordinar la ayuda econ\u00f3mica para los damnificados por el temporal, asistirlos en el regreso a sus hogares y evaluar el impacto de las obras que ejecuta la provincia.<\/p>\n<p>\u00abEsta todo mi equipo a disposici\u00f3n para atender en primer lugar a los evacuados, en la normalizaci\u00f3n de la vuelta a sus casas y despu\u00e9s estudiar cada caso para resolver la forma en que lo vamos asistiendo, con l\u00edneas de cr\u00e9dito del Banco Provincia, subsidios directos y otros tipos de ayuda cuando la situaci\u00f3n as\u00ed lo indique\u00bb, apunt\u00f3 Daniel Scioli.<\/p>\n<p>All\u00ed el Mandatario provincial aprovech\u00f3 para agradecer la colaboraci\u00f3n del Gobierno nacional en las prestaciones que llevan adelante las diferentes \u00e1reas del Poder Ejecutivo provincial en los municipios afectados, en particular Carlos Monta\u00f1a, que es el subsecretario de Abordaje Territorial del Ministerio de Desarrollo Social de la Naci\u00f3n.<\/p>\n<p>\u00abLa provincia ha hecho obras durante la gesti\u00f3n de Daniel Scioli en 107 municipios y tenemos obras en marcha o pr\u00f3ximas a ejecutarse en 38 municipios m\u00e1s, un dato que a veces se denosta diciendo que no hay obras, sin conocimiento de causa\u00bb, afirm\u00f3 el ministro de Infraestructura provincial, Alejandro Arl\u00eda, uno de los presentes por el lado del sciolismo.<\/p>\n<p>\u00abEstamos extremando los mecanismos de control sobre las urbanizaciones que est\u00e1n en la zona de cada uno de los r\u00edos afectados por las inundaciones y hemos intimado a la paralizaci\u00f3n de obras en el mes de septiembre en cuatro urbanizaciones cerradas para verificar exclusivamente si se ajustan a lo que est\u00e1 autorizado a hacer\u00bb, apunt\u00f3 Arl\u00eda.<\/p>\n<p>Por su parte, los intendentes valoraron la convocatoria y, en l\u00edneas generales, hicieron un balance positivo en medio de la emergencia.<\/p>\n<p>Por ejemplo, Delfino ponder\u00f3 el trabajo de la gesti\u00f3n bonaerense que -afirm\u00f3- \u00abdesde 2012 a la fecha ha ido dando respuesta a cada obra que fue necesaria\u00bb en Suipacha. \u00abPor eso mi distrito no qued\u00f3 bajo el agua con los 370 mil\u00edmetros que cayeron en pocos d\u00edas\u00bb, puntualiz\u00f3.<\/p>\n<p>\u00abDe esta reuni\u00f3n me llevo much\u00edsimas cosas, que son principalmente compromiso y este continuar de las obras que se ven\u00edan realizando en la Cuenca del R\u00edo Luj\u00e1n, obras que fueron consensuadas en el Comit\u00e9 de Cuenca con los dem\u00e1s intendentes y en el que estuvieron todos de acuerdo\u00bb, continu\u00f3 Luciani, que habl\u00f3 por Luj\u00e1n.<\/p>\n<p>&nbsp;<\/p>\n<p>&nbsp;<\/p>\n<p>&nbsp;<\/p>\n<p>&nbsp;<\/p>\n<p>&nbsp;<\/p>\n<p>&nbsp;<\/p>\n<p>&nbsp;<\/p>\n<p>&nbsp;<\/p>\n<p>&nbsp;<\/p>\n<p>&nbsp;<\/p>\n<p>&nbsp;<\/p>\n<p>&nbsp;<\/p>\n<p>&nbsp;<\/p>\n<p>&nbsp;<\/p>\n<p>&nbsp;<\/p>\n<p>&nbsp;<\/p>\n","protected":false},"excerpt":{"rendered":"<p>Junto a un abanico amplio de funcionarios, el Gobernador recibi\u00f3 a los jefes comunales de San Antonio de Areco, Las Heras, Suipacha y Luj\u00e1n con el fin de coordinar la ayuda tras las tormentas de la \u00faltima semana que, en general, arrojaron un saldo de 6.000 evacuados, un gran porcentaje en esos distritos.<\/p>\n","protected":false},"author":8,"featured_media":0,"comment_status":"open","ping_status":"open","sticky":false,"template":"","format":"standard","meta":{"_jetpack_newsletter_access":"","_jetpack_dont_email_post_to_subs":false,"_jetpack_newsletter_tier_id":0,"_jetpack_memberships_contains_paywalled_content":false,"_jetpack_memberships_contains_paid_content":false,"footnotes":""},"categories":[51],"tags":[],"class_list":["post-56619","post","type-post","status-publish","format-standard","hentry","category-politica"],"jetpack_shortlink":"https:\/\/wp.me\/p2JWE0-eJd","jetpack-related-posts":[{"id":116558,"url":"http:\/\/www.24baires.com\/?p=116558","url_meta":{"origin":56619,"position":0},"title":"Provincia firm\u00f3 convenios para 71 obras de infraestructura en 44 municipios bonaerenses","author":"GB","date":"28\/10\/2020","format":false,"excerpt":"El gobernador suscribi\u00f3 convenios con una inversi\u00f3n total de m\u00e1s de 352 millones de pesos correspondientes al Fondo de Infraestructura Municipal El gobernador de la provincia de Buenos Aires, Axel Kicillof, suscribi\u00f3 esta tarde convenios para desarrollar 71 obras de infraestructura en 44 municipios, con una inversi\u00f3n total de m\u00e1s\u2026","rel":"","context":"En \u00abProvincia\u00bb","block_context":{"text":"Provincia","link":"http:\/\/www.24baires.com\/?cat=40"},"img":{"alt_text":"","src":"https:\/\/i0.wp.com\/www.24baires.com\/wp-content\/uploads\/2020\/10\/20201027193503_2020-10-27-ak-videoconferencia-fim-016.jpg?resize=350%2C200","width":350,"height":200,"srcset":"https:\/\/i0.wp.com\/www.24baires.com\/wp-content\/uploads\/2020\/10\/20201027193503_2020-10-27-ak-videoconferencia-fim-016.jpg?resize=350%2C200 1x, https:\/\/i0.wp.com\/www.24baires.com\/wp-content\/uploads\/2020\/10\/20201027193503_2020-10-27-ak-videoconferencia-fim-016.jpg?resize=525%2C300 1.5x"},"classes":[]},{"id":105362,"url":"http:\/\/www.24baires.com\/?p=105362","url_meta":{"origin":56619,"position":1},"title":"Cinco municipios bonaerenses no recibir\u00e1n dinero para obras en 2019","author":"GB","date":"09\/11\/2018","format":false,"excerpt":"Tres de esos distritos son gobernados por el peronismo y dos por el macrismo. A otra comuna peronista llegar\u00e1n s\u00f3lo 1000 pesos. Los detalles. Cinco municipios de la provincia de Buenos Aires no recibir\u00e1n dinero para hacer obras de infraestructura en 2019, seg\u00fan se desprende de los datos incluidos en\u2026","rel":"","context":"En \u00abProvincia\u00bb","block_context":{"text":"Provincia","link":"http:\/\/www.24baires.com\/?cat=40"},"img":{"alt_text":"","src":"","width":0,"height":0},"classes":[]},{"id":56538,"url":"http:\/\/www.24baires.com\/?p=56538","url_meta":{"origin":56619,"position":2},"title":"A\u00fan quedan unos 3 mil evacuados","author":"AF","date":"04\/11\/2014","format":false,"excerpt":"Cerca de tres mil personas permanecen evacuadas en m\u00e1s de una docena de distritos bonaerenses afectados por el temporal, inform\u00f3 hoy el director de Defensa Civil de la provincia de Buenos Aires, Luciano Timerman. \u201cEl R\u00edo de la Plata est\u00e1 volviendo a sus niveles normales, lo que favorece el escurrimiento\u2026","rel":"","context":"En \u00abProvincia\u00bb","block_context":{"text":"Provincia","link":"http:\/\/www.24baires.com\/?cat=40"},"img":{"alt_text":"inundaci\u00f3n 2-4","src":"https:\/\/i0.wp.com\/www.24baires.com\/wp-content\/uploads\/2013\/04\/inundaci%C3%B3n-2-4.jpg?resize=350%2C200","width":350,"height":200,"srcset":"https:\/\/i0.wp.com\/www.24baires.com\/wp-content\/uploads\/2013\/04\/inundaci%C3%B3n-2-4.jpg?resize=350%2C200 1x, https:\/\/i0.wp.com\/www.24baires.com\/wp-content\/uploads\/2013\/04\/inundaci%C3%B3n-2-4.jpg?resize=525%2C300 1.5x"},"classes":[]},{"id":43504,"url":"http:\/\/www.24baires.com\/?p=43504","url_meta":{"origin":56619,"position":3},"title":"La Provincia ayuda a los afectados por el temporal","author":"Grupo Sierra","date":"08\/04\/2014","format":false,"excerpt":"Diversos organismos del gobierno de la provincia de Buenos Aires, en coordinaci\u00f3n con organismos nacionales, asisten a los distritos que se vieron afectados por el temporal que tuvo lugar anoche, se inform\u00f3 oficialmente. \"Desde el comienzo de los alertas emitidos por el Servicio Meteorol\u00f3gico Nacional se efectu\u00f3 un monitoreo de\u2026","rel":"","context":"En \u00abProvincia\u00bb","block_context":{"text":"Provincia","link":"http:\/\/www.24baires.com\/?cat=40"},"img":{"alt_text":"temporal mayo","src":"https:\/\/i0.wp.com\/www.24baires.com\/wp-content\/uploads\/2013\/05\/temporal-mayo.jpg?resize=350%2C200","width":350,"height":200,"srcset":"https:\/\/i0.wp.com\/www.24baires.com\/wp-content\/uploads\/2013\/05\/temporal-mayo.jpg?resize=350%2C200 1x, https:\/\/i0.wp.com\/www.24baires.com\/wp-content\/uploads\/2013\/05\/temporal-mayo.jpg?resize=525%2C300 1.5x"},"classes":[]},{"id":122578,"url":"http:\/\/www.24baires.com\/?p=122578","url_meta":{"origin":56619,"position":4},"title":"Kicillof lanz\u00f3 en Luj\u00e1n el programa Camino Real para potenciar el turismo bonaerense","author":"GB","date":"29\/09\/2025","format":false,"excerpt":"El Gobernador present\u00f3 la iniciativa que busca recuperar el patrimonio hist\u00f3rico y cultural de la Provincia, con apoyo de intendentes de la regi\u00f3n. El gobernador de la Provincia de Buenos Aires, Axel Kicillof, encabez\u00f3 este lunes en Luj\u00e1n la presentaci\u00f3n del programa Camino Real, una iniciativa destinada a promover el\u2026","rel":"","context":"En \u00abProvincia\u00bb","block_context":{"text":"Provincia","link":"http:\/\/www.24baires.com\/?cat=40"},"img":{"alt_text":"","src":"https:\/\/i0.wp.com\/www.24baires.com\/wp-content\/uploads\/2025\/09\/lujan-kici.jpg?resize=350%2C200","width":350,"height":200,"srcset":"https:\/\/i0.wp.com\/www.24baires.com\/wp-content\/uploads\/2025\/09\/lujan-kici.jpg?resize=350%2C200 1x, https:\/\/i0.wp.com\/www.24baires.com\/wp-content\/uploads\/2025\/09\/lujan-kici.jpg?resize=525%2C300 1.5x, https:\/\/i0.wp.com\/www.24baires.com\/wp-content\/uploads\/2025\/09\/lujan-kici.jpg?resize=700%2C400 2x, https:\/\/i0.wp.com\/www.24baires.com\/wp-content\/uploads\/2025\/09\/lujan-kici.jpg?resize=1050%2C600 3x, https:\/\/i0.wp.com\/www.24baires.com\/wp-content\/uploads\/2025\/09\/lujan-kici.jpg?resize=1400%2C800 4x"},"classes":[]},{"id":60285,"url":"http:\/\/www.24baires.com\/?p=60285","url_meta":{"origin":56619,"position":5},"title":"Alerta por tormentas en la provincia","author":"Grupo Sierra","date":"18\/01\/2015","format":false,"excerpt":"El Servicio Meteorol\u00f3gico Nacional actualiz\u00f3 el aviso a muy corto plazo por \u201ctormentas severas, lluvias intensas con r\u00e1fagas y ca\u00edda de granizo\u201d . El parte emitido indica que las zonas m\u00e1s afectadas por las lluvias fuertes ser\u00e1n\u00a0los partidos 25 de Mayo, 9 de Julio, Alberti, Arrecifes, Ayacucho, Azul, Baradero, Bol\u00edvar,\u2026","rel":"","context":"En \u00abLocales\u00bb","block_context":{"text":"Locales","link":"http:\/\/www.24baires.com\/?cat=38"},"img":{"alt_text":"","src":"","width":0,"height":0},"classes":[]}],"jetpack_sharing_enabled":true,"jetpack_likes_enabled":true,"jetpack_featured_media_url":"","_links":{"self":[{"href":"http:\/\/www.24baires.com\/index.php?rest_route=\/wp\/v2\/posts\/56619","targetHints":{"allow":["GET"]}}],"collection":[{"href":"http:\/\/www.24baires.com\/index.php?rest_route=\/wp\/v2\/posts"}],"about":[{"href":"http:\/\/www.24baires.com\/index.php?rest_route=\/wp\/v2\/types\/post"}],"author":[{"embeddable":true,"href":"http:\/\/www.24baires.com\/index.php?rest_route=\/wp\/v2\/users\/8"}],"replies":[{"embeddable":true,"href":"http:\/\/www.24baires.com\/index.php?rest_route=%2Fwp%2Fv2%2Fcomments&post=56619"}],"version-history":[{"count":1,"href":"http:\/\/www.24baires.com\/index.php?rest_route=\/wp\/v2\/posts\/56619\/revisions"}],"predecessor-version":[{"id":56620,"href":"http:\/\/www.24baires.com\/index.php?rest_route=\/wp\/v2\/posts\/56619\/revisions\/56620"}],"wp:attachment":[{"href":"http:\/\/www.24baires.com\/index.php?rest_route=%2Fwp%2Fv2%2Fmedia&parent=56619"}],"wp:term":[{"taxonomy":"category","embeddable":true,"href":"http:\/\/www.24baires.com\/index.php?rest_route=%2Fwp%2Fv2%2Fcategories&post=56619"},{"taxonomy":"post_tag","embeddable":true,"href":"http:\/\/www.24baires.com\/index.php?rest_route=%2Fwp%2Fv2%2Ftags&post=56619"}],"curies":[{"name":"wp","href":"https:\/\/api.w.org\/{rel}","templated":true}]}}