{"id":56588,"date":"2014-11-05T10:00:04","date_gmt":"2014-11-05T13:00:04","guid":{"rendered":"http:\/\/www.24baires.com\/?p=56588"},"modified":"2014-11-05T18:13:04","modified_gmt":"2014-11-05T21:13:04","slug":"argentina-digital-si-es-necesario-perfeccionar-el-proyecto-estamos-dispuestos","status":"publish","type":"post","link":"http:\/\/www.24baires.com\/?p=56588","title":{"rendered":"Argentina Digital: \u201cSi es necesario perfeccionar el proyecto, estamos dispuestos\u201d"},"content":{"rendered":"<p><img data-recalc-dims=\"1\" loading=\"lazy\" decoding=\"async\" src=\"https:\/\/i0.wp.com\/www.24baires.com\/wp-content\/uploads\/2014\/04\/capitanich.jpg?resize=560%2C313\" alt=\"capitanich\" width=\"560\" height=\"313\" class=\"aligncenter size-full wp-image-43881\" srcset=\"https:\/\/i0.wp.com\/www.24baires.com\/wp-content\/uploads\/2014\/04\/capitanich.jpg?w=560 560w, https:\/\/i0.wp.com\/www.24baires.com\/wp-content\/uploads\/2014\/04\/capitanich.jpg?resize=300%2C167 300w\" sizes=\"auto, (max-width: 560px) 100vw, 560px\" \/>El jefe de Gabinete expres\u00f3 la predisposici\u00f3n del oficialismo para introducir cambios en el proyecto de ley de telecomunicaciones, al referirse a la demanda de algunos legisladores de \u201cponer mayor \u00e9nfasis\u201d en la protecci\u00f3n de \u201ccooperativas y pymes\u201d, y a \u201cgarantizar en plenitud la neutralidad\u201d de las redes.<!--more--><\/p>\n<p>El jefe de Gabinete, Jorge Capitanich, expres\u00f3 hoy la predisposici\u00f3n del oficialismo para introducir cambios en el proyecto de ley de telecomunicaciones Argentina Digital, al referirse puntualmente a la demanda de algunos legisladores de \u201cponer mayor \u00e9nfasis\u201d en la protecci\u00f3n de \u201ccooperativas y pymes\u201d, y a \u201cgarantizar en plenitud la neutralidad\u201d de las redes.<\/p>\n<p>\u201cSi es necesario perfeccionar la herramienta, estamos dispuestos a ello\u201d, asever\u00f3 el jefe de ministros esta ma\u00f1ana, en el marco de su habitual conferencia de prensa en la Casa de Gobierno, en la que insisti\u00f3 en se\u00f1alar que \u201cno hay duda de que es absolutamente imprescindible construir una Argentina digital, para lo cual es necesario establecer un marco jur\u00eddico moderno que reemplace la ley de 1972\u201d.<\/p>\n<p>Capitanich asegur\u00f3 que \u00abpretender que proyecto responde a una iniciativa para favorecer a compa\u00f1\u00edas telef\u00f3nicas es desconocer esp\u00edritu de la norma\u00bb, al tiempo que recalc\u00f3 que \u00abla norma apunta a beneficiar al pueblo argentino\u00bb.<\/p>\n<p>\u00abEste proyecto denominado &#8216;Argentina digital&#8217; tiene como objetivo estrat\u00e9gico la universalizaci\u00f3n del servicio, y valora el derecho al acceso a las telecomunicaciones como derecho humano\u00bb, record\u00f3 el funcionario.<br \/>\nPara ello, aclar\u00f3, \u00abbusca generar las condiciones para la modernizaci\u00f3n tecnol\u00f3gica\u00bb.<\/p>\n<p>\u00abNo se hace en virtud de empresa en particular, sino del pueblo argentino\u00bb, insisti\u00f3.<\/p>\n<p>En ese sentido, aclar\u00f3: \u00abAyer se puso \u00e9nfasis en la discusi\u00f3n sobre puntos que estamos de acuerdo, compartimos plenamente concepto de neutralidad de red, la protecci\u00f3n de cooperativas y peque\u00f1as y medianas empresas\u00bb.<\/p>\n<p>\u00abQueremos que la norma tenga alcance federal, pero proteja a las pyme; queremos crear una red para que comunicaci\u00f3n funcione clara pero con regulaci\u00f3n del estado, con un servicio de muy buena calidad\u00bb, reiter\u00f3.<\/p>\n<p>Agreg\u00f3: \u00abTambi\u00e9n la inviolabilidad y otras observaciones que hemos escuchado, como el art\u00edculo 17 respecto al convenio entre provincias y municipios, pero si es necesario perfeccionar estamos dispuestos\u00bb.<\/p>\n<p>\u00abPara construir una argentina digital es necesario establecer una marco jur\u00eddico moderno; si no se establece un marco adecuado, se invierte s\u00f3lo aqu\u00ed, donde est\u00e1 la crema del negocio para las compa\u00f1\u00edas, y as\u00ed muchos pueblos no se podr\u00edan comunicar\u00bb, afirm\u00f3.<\/p>\n<p>Capitanich record\u00f3 que el Gobierno ha ejecutado un programa de fuerte inversi\u00f3n en infraestructura que implica el involucramiento de 12 provincias argentinas y que la Argentina es uno de los 8 pa\u00edses del mundo que domina la comunicaci\u00f3n por sat\u00e9lite.<\/p>\n<p>Adem\u00e1s, lament\u00f3 que nadie hable de que 57% de la audiencia de televisi\u00f3n por cable est\u00e1 concentrada en un solo grupo.<\/p>\n<p>\u00abLa cr\u00edtica debe ser justa, fundada, racional\u00bb, concluy\u00f3.<\/p>\n","protected":false},"excerpt":{"rendered":"<p>El jefe de Gabinete expres\u00f3 la predisposici\u00f3n del oficialismo para introducir cambios en el proyecto de ley de telecomunicaciones, al referirse a la demanda de algunos legisladores de \u201cponer mayor \u00e9nfasis\u201d en la protecci\u00f3n de \u201ccooperativas y pymes\u201d, y a \u201cgarantizar en plenitud la neutralidad\u201d de las redes.<\/p>\n","protected":false},"author":4,"featured_media":0,"comment_status":"open","ping_status":"open","sticky":false,"template":"","format":"standard","meta":{"_jetpack_newsletter_access":"","_jetpack_dont_email_post_to_subs":false,"_jetpack_newsletter_tier_id":0,"_jetpack_memberships_contains_paywalled_content":false,"_jetpack_memberships_contains_paid_content":false,"footnotes":""},"categories":[51],"tags":[],"class_list":["post-56588","post","type-post","status-publish","format-standard","hentry","category-politica"],"jetpack_shortlink":"https:\/\/wp.me\/p2JWE0-eII","jetpack-related-posts":[{"id":56442,"url":"http:\/\/www.24baires.com\/?p=56442","url_meta":{"origin":56588,"position":0},"title":"El Senado comenzar\u00e1 a debatir esta semana el proyecto Argentina Digital","author":"GB","date":"02\/11\/2014","format":false,"excerpt":"El proyecto de ley de telecomunicaciones enviado por el Poder Ejecutivo comenzar\u00e1 a ser analizado en la Comisi\u00f3n de Sistemas, Medios y Comunicaci\u00f3n este martes con la presencia del jefe de Gabinete, Jorge Capitanich; y del ministro de Planificaci\u00f3n Federal, Julio De Vido. El encuentro, que se llevar\u00e1 a cabo\u2026","rel":"","context":"En \u00abPol\u00edtica\u00bb","block_context":{"text":"Pol\u00edtica","link":"http:\/\/www.24baires.com\/?cat=51"},"img":{"alt_text":"Senado","src":"https:\/\/i0.wp.com\/www.24baires.com\/wp-content\/uploads\/2013\/08\/Senado.jpg?resize=350%2C200","width":350,"height":200},"classes":[]},{"id":101918,"url":"http:\/\/www.24baires.com\/?p=101918","url_meta":{"origin":56588,"position":1},"title":"La oposici\u00f3n logr\u00f3 conseguir dictamen para frenar los tarifazos","author":"AF","date":"02\/05\/2018","format":false,"excerpt":"A pesar de que el jefe de Gabinete, Marcos Pe\u00f1a, confirm\u00f3 que el Ejecutivo Nacional vetar\u00eda cualquier proyecto que suspendiera el aumento de los servicios p\u00fablicos, la oposici\u00f3n obtuvo en la Comisi\u00f3n de Presupuesto y Hacienda de la C\u00e1mara de Diputados el dictamen de mayor\u00eda necesario para que el proyecto\u2026","rel":"","context":"En \u00abPol\u00edtica\u00bb","block_context":{"text":"Pol\u00edtica","link":"http:\/\/www.24baires.com\/?cat=51"},"img":{"alt_text":"","src":"https:\/\/i0.wp.com\/www.24baires.com\/wp-content\/uploads\/2016\/08\/contra-tarifazo.jpg?resize=350%2C200","width":350,"height":200,"srcset":"https:\/\/i0.wp.com\/www.24baires.com\/wp-content\/uploads\/2016\/08\/contra-tarifazo.jpg?resize=350%2C200 1x, https:\/\/i0.wp.com\/www.24baires.com\/wp-content\/uploads\/2016\/08\/contra-tarifazo.jpg?resize=525%2C300 1.5x"},"classes":[]},{"id":101625,"url":"http:\/\/www.24baires.com\/?p=101625","url_meta":{"origin":56588,"position":2},"title":"Cristina pidi\u00f3 suspender los aumentos en las tarifas de luz, agua y gas","author":"GB","date":"16\/04\/2018","format":false,"excerpt":"Lo hizo a trav\u00e9s de un proyecto de ley donde exigi\u00f3 al Gobierno que suspenda los brusos aumentos en las tarifas de los servicios p\u00fablicos para usuarios residenciales, pymes y cooperativas de trabajo. Exigen que retrotraigan su costo al 1 de enero 2017. La senadora nacional Cristina Kirchner present\u00f3 un\u2026","rel":"","context":"En \u00abPol\u00edtica\u00bb","block_context":{"text":"Pol\u00edtica","link":"http:\/\/www.24baires.com\/?cat=51"},"img":{"alt_text":"","src":"https:\/\/i0.wp.com\/www.24baires.com\/wp-content\/uploads\/2017\/12\/cristina-senado.jpg?resize=350%2C200","width":350,"height":200,"srcset":"https:\/\/i0.wp.com\/www.24baires.com\/wp-content\/uploads\/2017\/12\/cristina-senado.jpg?resize=350%2C200 1x, https:\/\/i0.wp.com\/www.24baires.com\/wp-content\/uploads\/2017\/12\/cristina-senado.jpg?resize=525%2C300 1.5x"},"classes":[]},{"id":56269,"url":"http:\/\/www.24baires.com\/?p=56269","url_meta":{"origin":56588,"position":3},"title":"Berner: \u00abNos pusimos del lado del usuario y declaramos las redes de uso p\u00fablico\u00bb","author":"AF","date":"30\/10\/2014","format":false,"excerpt":"El secretario de Comunicaciones, Norberto Berner, remarc\u00f3 que con el proyecto de ley que regula a las telecomunicaciones \"las redes de Telef\u00f3nica y Telecom ser\u00e1n declaradas de uso p\u00fablico y se ver\u00e1n obligadas a permitir que cooperativas y pymes puedan llegar con un solo cable a los hogares\".El ministro de\u2026","rel":"","context":"En \u00abSociedad\u00bb","block_context":{"text":"Sociedad","link":"http:\/\/www.24baires.com\/?cat=1"},"img":{"alt_text":"","src":"","width":0,"height":0},"classes":[]},{"id":119478,"url":"http:\/\/www.24baires.com\/?p=119478","url_meta":{"origin":56588,"position":4},"title":"El Gobierno gestiona un cr\u00e9dito de US$ 200 millones para pymes","author":"AF","date":"26\/10\/2022","format":false,"excerpt":"El prop\u00f3sito del nuevo fondeo es alcanzar a m\u00e1s de 1.000 pymes de todo el pa\u00eds, generar empleos de calidad y promover el aumento de la productividad de las empresas a trav\u00e9s de la generaci\u00f3n de exportaciones de bienes con valor agregado. El secretario de Industria y Desarrollo Productivo, Jos\u00e9\u2026","rel":"","context":"En \u00abPol\u00edtica\u00bb","block_context":{"text":"Pol\u00edtica","link":"http:\/\/www.24baires.com\/?cat=51"},"img":{"alt_text":"","src":"https:\/\/i0.wp.com\/www.24baires.com\/wp-content\/uploads\/2022\/10\/world-bank-group.jpg?resize=350%2C200","width":350,"height":200,"srcset":"https:\/\/i0.wp.com\/www.24baires.com\/wp-content\/uploads\/2022\/10\/world-bank-group.jpg?resize=350%2C200 1x, https:\/\/i0.wp.com\/www.24baires.com\/wp-content\/uploads\/2022\/10\/world-bank-group.jpg?resize=525%2C300 1.5x, https:\/\/i0.wp.com\/www.24baires.com\/wp-content\/uploads\/2022\/10\/world-bank-group.jpg?resize=700%2C400 2x"},"classes":[]},{"id":58498,"url":"http:\/\/www.24baires.com\/?p=58498","url_meta":{"origin":56588,"position":5},"title":"Argentina Digital: dictamen favorable de la Comisi\u00f3n","author":"Grupo Sierra","date":"11\/12\/2014","format":false,"excerpt":"El proyecto de ley Argentina Digital, que regula las telecomunicaciones fijas y m\u00f3viles, las redes de conexi\u00f3n a internet, la televisi\u00f3n por sat\u00e9lite y por cable, recibi\u00f3 hoy dictamen favorable de la Comisi\u00f3n de Comunicaciones de Diputados y qued\u00f3 en condiciones de recibir sanci\u00f3n definitiva el pr\u00f3ximo martes en sesi\u00f3n\u2026","rel":"","context":"En \u00abLegislativo\u00bb","block_context":{"text":"Legislativo","link":"http:\/\/www.24baires.com\/?cat=75"},"img":{"alt_text":"congreso","src":"https:\/\/i0.wp.com\/www.24baires.com\/wp-content\/uploads\/2014\/09\/congreso.jpg?resize=350%2C200","width":350,"height":200,"srcset":"https:\/\/i0.wp.com\/www.24baires.com\/wp-content\/uploads\/2014\/09\/congreso.jpg?resize=350%2C200 1x, https:\/\/i0.wp.com\/www.24baires.com\/wp-content\/uploads\/2014\/09\/congreso.jpg?resize=525%2C300 1.5x"},"classes":[]}],"jetpack_sharing_enabled":true,"jetpack_likes_enabled":true,"jetpack_featured_media_url":"","_links":{"self":[{"href":"http:\/\/www.24baires.com\/index.php?rest_route=\/wp\/v2\/posts\/56588","targetHints":{"allow":["GET"]}}],"collection":[{"href":"http:\/\/www.24baires.com\/index.php?rest_route=\/wp\/v2\/posts"}],"about":[{"href":"http:\/\/www.24baires.com\/index.php?rest_route=\/wp\/v2\/types\/post"}],"author":[{"embeddable":true,"href":"http:\/\/www.24baires.com\/index.php?rest_route=\/wp\/v2\/users\/4"}],"replies":[{"embeddable":true,"href":"http:\/\/www.24baires.com\/index.php?rest_route=%2Fwp%2Fv2%2Fcomments&post=56588"}],"version-history":[{"count":1,"href":"http:\/\/www.24baires.com\/index.php?rest_route=\/wp\/v2\/posts\/56588\/revisions"}],"predecessor-version":[{"id":56589,"href":"http:\/\/www.24baires.com\/index.php?rest_route=\/wp\/v2\/posts\/56588\/revisions\/56589"}],"wp:attachment":[{"href":"http:\/\/www.24baires.com\/index.php?rest_route=%2Fwp%2Fv2%2Fmedia&parent=56588"}],"wp:term":[{"taxonomy":"category","embeddable":true,"href":"http:\/\/www.24baires.com\/index.php?rest_route=%2Fwp%2Fv2%2Fcategories&post=56588"},{"taxonomy":"post_tag","embeddable":true,"href":"http:\/\/www.24baires.com\/index.php?rest_route=%2Fwp%2Fv2%2Ftags&post=56588"}],"curies":[{"name":"wp","href":"https:\/\/api.w.org\/{rel}","templated":true}]}}