{"id":56571,"date":"2014-11-04T19:30:54","date_gmt":"2014-11-04T22:30:54","guid":{"rendered":"http:\/\/www.24baires.com\/?p=56571"},"modified":"2014-11-04T18:27:39","modified_gmt":"2014-11-04T21:27:39","slug":"carrio-le-respondio-a-massa-y-lo-acuso-de-narco","status":"publish","type":"post","link":"http:\/\/www.24baires.com\/?p=56571","title":{"rendered":"Carri\u00f3 le respondi\u00f3 a Massa y lo acus\u00f3 de \u00abnarco\u00bb"},"content":{"rendered":"<p><img data-recalc-dims=\"1\" loading=\"lazy\" decoding=\"async\" class=\"aligncenter size-full wp-image-44736\" src=\"https:\/\/i0.wp.com\/www.24baires.com\/wp-content\/uploads\/2014\/04\/carri%C3%B3.jpg?resize=560%2C313\" alt=\"carri\u00f3\" width=\"560\" height=\"313\" srcset=\"https:\/\/i0.wp.com\/www.24baires.com\/wp-content\/uploads\/2014\/04\/carri%C3%B3.jpg?w=560 560w, https:\/\/i0.wp.com\/www.24baires.com\/wp-content\/uploads\/2014\/04\/carri%C3%B3.jpg?resize=300%2C167 300w\" sizes=\"auto, (max-width: 560px) 100vw, 560px\" \/>Tras <a href=\"http:\/\/www.24baires.com\/politica\/56568-massa-pidio-pericias-psiquiatricas-para-carrio-no-domina-sus-facultades-mentales\/\">denunciar penalente<\/a> a la referente de la Coalici\u00f3n C\u00edvica-ARI, Sergio Massa le pidi\u00f3 una pericia psiqui\u00e1trica. Ella le contest\u00f3: \u00abDe la locura se puede volver, pero del narcotr\u00e1fico no\u00bb.<!--more--><\/p>\n<p>El diputado nacional y candidato a presidente del Frente Renovador (FR) denunci\u00f3 por calumnias e injurias a su par en la C\u00e1mara baja, Elisa Carri\u00f3.<\/p>\n<p>Enterada de la denuncia, Carri\u00f3 redobl\u00f3 la apuesta y dijo que \u00abest\u00e1 temblando\u00bb por la acci\u00f3n penal iniciada por Massa.<\/p>\n<p>\u00abDe la locura se puede volver, pero del narcotr\u00e1fico no\u00bb, ironiz\u00f3 la l\u00edder de la CC-ARI, quien el mes pasado incluso acus\u00f3 al titular del bloque de concejales del Frente Renovador de San Pedro, Ariel Ramanzini, de ser el \u00abtestaferro\u00bb de Massa y pidi\u00f3 que se lo investigue por lavado de dinero.<\/p>\n<p>Carri\u00f3 viaj\u00f3 hasta San Nicol\u00e1s para presentar su denuncia ante el juzgado federal de San Nicol\u00e1s, a cargo de Carlos Villafuerte Ruzo.<\/p>\n<p>En ese escrito, la diputada nacional detall\u00f3 los v\u00ednculos personales y laborales que unen a Ramanzini con Massa, present\u00f3 documentaci\u00f3n sobre el incremento patrimonial del concejal en los \u00faltimos meses y pidi\u00f3 la intervenci\u00f3n de la Unidad de Investigaci\u00f3n Financiera.<\/p>\n","protected":false},"excerpt":{"rendered":"<p>Tras denunciar penalente a la referente de la Coalici\u00f3n C\u00edvica-ARI, Sergio Massa le pidi\u00f3 una pericia psiqui\u00e1trica. Ella le contest\u00f3: \u00abDe la locura se puede volver, pero del narcotr\u00e1fico no\u00bb.<\/p>\n","protected":false},"author":11,"featured_media":0,"comment_status":"open","ping_status":"open","sticky":false,"template":"","format":"standard","meta":{"_jetpack_newsletter_access":"","_jetpack_dont_email_post_to_subs":false,"_jetpack_newsletter_tier_id":0,"_jetpack_memberships_contains_paywalled_content":false,"_jetpack_memberships_contains_paid_content":false,"footnotes":""},"categories":[51],"tags":[],"class_list":["post-56571","post","type-post","status-publish","format-standard","hentry","category-politica"],"jetpack_shortlink":"https:\/\/wp.me\/p2JWE0-eIr","jetpack-related-posts":[{"id":56568,"url":"http:\/\/www.24baires.com\/?p=56568","url_meta":{"origin":56571,"position":0},"title":"Massa pidi\u00f3 pericias psiqui\u00e1tricas para Carri\u00f3: \u00abNo domina sus facultades mentales\u00bb","author":"Grupo Sierra","date":"04\/11\/2014","format":false,"excerpt":"El diputado nacional y candidato a presidente del Frente Renovador (FR) denunci\u00f3 por calumnias e injurias a su par en la C\u00e1mara baja (Coalici\u00f3n C\u00edvica-ARI) por haberlo vinculado con el narcotr\u00e1fico. Fuentes judiciales confirmaron que la acci\u00f3n penal presentada por Massa contra Carri\u00f3 por el delito de \"falsa denuncia\" qued\u00f3\u2026","rel":"","context":"En \u00abPol\u00edtica\u00bb","block_context":{"text":"Pol\u00edtica","link":"http:\/\/www.24baires.com\/?cat=51"},"img":{"alt_text":"","src":"https:\/\/i0.wp.com\/www.24baires.com\/wp-content\/uploads\/2014\/11\/massa-carri%C3%B3.jpg?resize=350%2C200","width":350,"height":200,"srcset":"https:\/\/i0.wp.com\/www.24baires.com\/wp-content\/uploads\/2014\/11\/massa-carri%C3%B3.jpg?resize=350%2C200 1x, https:\/\/i0.wp.com\/www.24baires.com\/wp-content\/uploads\/2014\/11\/massa-carri%C3%B3.jpg?resize=525%2C300 1.5x"},"classes":[]},{"id":58129,"url":"http:\/\/www.24baires.com\/?p=58129","url_meta":{"origin":56571,"position":1},"title":"Massa y Carri\u00f3 ir\u00e1n a audiencia de conciliaci\u00f3n","author":"GB","date":"04\/12\/2014","format":false,"excerpt":"Los diputados Sergio Massa y Elisa Carri\u00f3 fueron citados a una audiencia de conciliaci\u00f3n por el juez federal Luis Rodriguez, en el marco de una denuncia por calumnias e injurias presentada por el l\u00edder del Frente Renovador tras haber sido vinculado con el narcotr\u00e1fico por la legisladora. El juez convoco\u2026","rel":"","context":"En \u00abPol\u00edtica\u00bb","block_context":{"text":"Pol\u00edtica","link":"http:\/\/www.24baires.com\/?cat=51"},"img":{"alt_text":"massa carri\u00f3","src":"https:\/\/i0.wp.com\/www.24baires.com\/wp-content\/uploads\/2014\/11\/massa-carri%C3%B3.jpg?resize=350%2C200","width":350,"height":200,"srcset":"https:\/\/i0.wp.com\/www.24baires.com\/wp-content\/uploads\/2014\/11\/massa-carri%C3%B3.jpg?resize=350%2C200 1x, https:\/\/i0.wp.com\/www.24baires.com\/wp-content\/uploads\/2014\/11\/massa-carri%C3%B3.jpg?resize=525%2C300 1.5x"},"classes":[]},{"id":58487,"url":"http:\/\/www.24baires.com\/?p=58487","url_meta":{"origin":56571,"position":2},"title":"\u00abMassa es un monstruo que cre\u00f3 Clar\u00edn\u00bb","author":"Grupo Sierra","date":"11\/12\/2014","format":false,"excerpt":"\"Lilita\" Carri\u00f3 profundiz\u00f3 sus cr\u00edticas contra el Grupo y asegur\u00f3 que ella nunca \u201cdefender\u00e1 los negocios de poder de los medios\u201d. La diputada nacional Elisa Carri\u00f3 (Coalici\u00f3n C\u00edvica-ARI) profundiz\u00f3 sus cr\u00edticas al Grupo Clar\u00edn, le pidi\u00f3 que se haga cargo del \"monstruo que construy\u00f3\", en alusi\u00f3n al candidato presidencial del\u2026","rel":"","context":"En \u00abPol\u00edtica\u00bb","block_context":{"text":"Pol\u00edtica","link":"http:\/\/www.24baires.com\/?cat=51"},"img":{"alt_text":"massa carri\u00f3","src":"https:\/\/i0.wp.com\/www.24baires.com\/wp-content\/uploads\/2014\/11\/massa-carri%C3%B3.jpg?resize=350%2C200","width":350,"height":200,"srcset":"https:\/\/i0.wp.com\/www.24baires.com\/wp-content\/uploads\/2014\/11\/massa-carri%C3%B3.jpg?resize=350%2C200 1x, https:\/\/i0.wp.com\/www.24baires.com\/wp-content\/uploads\/2014\/11\/massa-carri%C3%B3.jpg?resize=525%2C300 1.5x"},"classes":[]},{"id":50539,"url":"http:\/\/www.24baires.com\/?p=50539","url_meta":{"origin":56571,"position":3},"title":"Despu\u00e9s del video, Carri\u00f3 dispar\u00f3 contra Massa","author":"Grupo Sierra","date":"25\/07\/2014","format":false,"excerpt":"\"\u00bfQuieren ver lo que hizo Massa en Tigre con el narcotr\u00e1fico? La verdad es la verdad, es triste, pero no tiene remedio\", dijo la legisladora nacional Fiel a su estilo, Elisa Carri\u00f3 dispar\u00f3 dardos esta vez contra el diputado nacional Sergio Massa, a quien acus\u00f3 de estar vinculado con el\u2026","rel":"","context":"En \u00abPol\u00edtica\u00bb","block_context":{"text":"Pol\u00edtica","link":"http:\/\/www.24baires.com\/?cat=51"},"img":{"alt_text":"carri\u00f3","src":"https:\/\/i0.wp.com\/www.24baires.com\/wp-content\/uploads\/2013\/12\/carri%C3%B3.jpg?resize=350%2C200","width":350,"height":200,"srcset":"https:\/\/i0.wp.com\/www.24baires.com\/wp-content\/uploads\/2013\/12\/carri%C3%B3.jpg?resize=350%2C200 1x, https:\/\/i0.wp.com\/www.24baires.com\/wp-content\/uploads\/2013\/12\/carri%C3%B3.jpg?resize=525%2C300 1.5x"},"classes":[]},{"id":50524,"url":"http:\/\/www.24baires.com\/?p=50524","url_meta":{"origin":56571,"position":4},"title":"Diputado pide a Massa que \u201cexplique porqu\u00e9 est\u00e1 mencionado en una causa de narcotr\u00e1fico\u201d","author":"Grupo Sierra","date":"25\/07\/2014","format":false,"excerpt":"El diputado nacional por la Coalici\u00f3n C\u00edvica, Fernando S\u00e1nchez, acus\u00f3 hoy a Sergio Massa de ser \u201cuna persona sin escr\u00fapulos\u201d, y reclam\u00f3 al ex intendente de Tigre y l\u00edder del Frente Renovador que \u201cexplique porqu\u00e9 est\u00e1 mencionado en una causa de narcotr\u00e1fico\u201d. S\u00e1nchez se\u00f1al\u00f3 a los dirigentes del Frente Renovador\u2026","rel":"","context":"En \u00abPol\u00edtica\u00bb","block_context":{"text":"Pol\u00edtica","link":"http:\/\/www.24baires.com\/?cat=51"},"img":{"alt_text":"sanchez fernando dip","src":"https:\/\/i0.wp.com\/www.24baires.com\/wp-content\/uploads\/2014\/07\/sanchez-fernando-dip-300x178.jpg?resize=350%2C200","width":350,"height":200},"classes":[]},{"id":50473,"url":"http:\/\/www.24baires.com\/?p=50473","url_meta":{"origin":56571,"position":5},"title":"La Coalici\u00f3n C\u00edvica arremeti\u00f3 contra Massa por un video \u00abofensivo\u00bb","author":"Grupo Sierra","date":"24\/07\/2014","format":false,"excerpt":"El diputado y secretario General de la Coalici\u00f3n C\u00edvica ARI, Pablo Javkin, fustig\u00f3 al l\u00edder del Frente Renovador por la difusi\u00f3n de un video que contiene \"agresiones machistas y de mal gusto\" contra la referente opositora Carri\u00f3. El video, publicado en el canal de YouTube de la agrupaci\u00f3n \"La Sergio\u2026","rel":"","context":"En \u00abPol\u00edtica\u00bb","block_context":{"text":"Pol\u00edtica","link":"http:\/\/www.24baires.com\/?cat=51"},"img":{"alt_text":"","src":"","width":0,"height":0},"classes":[]}],"jetpack_sharing_enabled":true,"jetpack_likes_enabled":true,"jetpack_featured_media_url":"","_links":{"self":[{"href":"http:\/\/www.24baires.com\/index.php?rest_route=\/wp\/v2\/posts\/56571","targetHints":{"allow":["GET"]}}],"collection":[{"href":"http:\/\/www.24baires.com\/index.php?rest_route=\/wp\/v2\/posts"}],"about":[{"href":"http:\/\/www.24baires.com\/index.php?rest_route=\/wp\/v2\/types\/post"}],"author":[{"embeddable":true,"href":"http:\/\/www.24baires.com\/index.php?rest_route=\/wp\/v2\/users\/11"}],"replies":[{"embeddable":true,"href":"http:\/\/www.24baires.com\/index.php?rest_route=%2Fwp%2Fv2%2Fcomments&post=56571"}],"version-history":[{"count":1,"href":"http:\/\/www.24baires.com\/index.php?rest_route=\/wp\/v2\/posts\/56571\/revisions"}],"predecessor-version":[{"id":56572,"href":"http:\/\/www.24baires.com\/index.php?rest_route=\/wp\/v2\/posts\/56571\/revisions\/56572"}],"wp:attachment":[{"href":"http:\/\/www.24baires.com\/index.php?rest_route=%2Fwp%2Fv2%2Fmedia&parent=56571"}],"wp:term":[{"taxonomy":"category","embeddable":true,"href":"http:\/\/www.24baires.com\/index.php?rest_route=%2Fwp%2Fv2%2Fcategories&post=56571"},{"taxonomy":"post_tag","embeddable":true,"href":"http:\/\/www.24baires.com\/index.php?rest_route=%2Fwp%2Fv2%2Ftags&post=56571"}],"curies":[{"name":"wp","href":"https:\/\/api.w.org\/{rel}","templated":true}]}}