{"id":56568,"date":"2014-11-04T18:06:59","date_gmt":"2014-11-04T21:06:59","guid":{"rendered":"http:\/\/www.24baires.com\/?p=56568"},"modified":"2014-11-04T18:20:30","modified_gmt":"2014-11-04T21:20:30","slug":"massa-pidio-pericias-psiquiatricas-para-carrio-no-domina-sus-facultades-mentales","status":"publish","type":"post","link":"http:\/\/www.24baires.com\/?p=56568","title":{"rendered":"Massa pidi\u00f3 pericias psiqui\u00e1tricas para Carri\u00f3: \u00abNo domina sus facultades mentales\u00bb"},"content":{"rendered":"<p><img data-recalc-dims=\"1\" loading=\"lazy\" decoding=\"async\" src=\"https:\/\/i0.wp.com\/www.24baires.com\/wp-content\/uploads\/2014\/11\/massa-carri%C3%B3.jpg?resize=560%2C331\" alt=\"massa carri\u00f3\" width=\"560\" height=\"331\" class=\"aligncenter size-full wp-image-56569\" srcset=\"https:\/\/i0.wp.com\/www.24baires.com\/wp-content\/uploads\/2014\/11\/massa-carri%C3%B3.jpg?w=560 560w, https:\/\/i0.wp.com\/www.24baires.com\/wp-content\/uploads\/2014\/11\/massa-carri%C3%B3.jpg?resize=300%2C177 300w\" sizes=\"auto, (max-width: 560px) 100vw, 560px\" \/>El diputado nacional y candidato a presidente del Frente Renovador (FR) denunci\u00f3 por calumnias e injurias a su par en la C\u00e1mara baja (Coalici\u00f3n C\u00edvica-ARI) por haberlo vinculado con el narcotr\u00e1fico.<!--more--><\/p>\n<p>Fuentes judiciales confirmaron que la acci\u00f3n penal presentada por Massa contra Carri\u00f3 por el delito de \u00abfalsa denuncia\u00bb qued\u00f3 radicada ante el juez federal Luis Rodr\u00edguez.<\/p>\n<p>\u00abTodos los d\u00edas (Carri\u00f3) dice algo y lo hace en forma injuriosa y calumniosa\u00bb, consign\u00f3 la denuncia, que hace hincapi\u00e9 en que las expresiones de Carri\u00f3 son \u00abmalintencionadas\u00bb.<\/p>\n<p>La denuncia est\u00e1 apoyada en extractos period\u00edsticos que muestran o transcriben las declaraciones realizadas en las \u00faltimas semanas por la precandidata a presidenta del Frente Amplio Unen (FAU) contra Massa.<\/p>\n<p>Entre ellos figura un programa de televisi\u00f3n conducido por Mirtha Legrand y una entrevista publicada por el diario Perfil el 17 de agosto \u00faltimo.<\/p>\n<p>Adem\u00e1s, en el texto el candidato del FR advierte que la chaque\u00f1a lo acus\u00f3 tambi\u00e9n de \u00absobornar\u00bb a periodistas para que lo favorezcan con sus noticias y comentarios.<\/p>\n<p>Massa pidi\u00f3 una pericia psiqui\u00e1trica sobre Carri\u00f3 para determinar si la legisladora \u00abdomina sus facultades mentales\u00bb y est\u00e1 en \u00abcondiciones de comprender\u00bb la supuesta criminalidad de sus actos.<\/p>\n","protected":false},"excerpt":{"rendered":"<p>El diputado nacional y candidato a presidente del Frente Renovador (FR) denunci\u00f3 por calumnias e injurias a su par en la C\u00e1mara baja (Coalici\u00f3n C\u00edvica-ARI) por haberlo vinculado con el narcotr\u00e1fico.<\/p>\n","protected":false},"author":11,"featured_media":0,"comment_status":"open","ping_status":"open","sticky":false,"template":"","format":"standard","meta":{"_jetpack_newsletter_access":"","_jetpack_dont_email_post_to_subs":false,"_jetpack_newsletter_tier_id":0,"_jetpack_memberships_contains_paywalled_content":false,"_jetpack_memberships_contains_paid_content":false,"footnotes":""},"categories":[51],"tags":[],"class_list":["post-56568","post","type-post","status-publish","format-standard","hentry","category-politica"],"jetpack_shortlink":"https:\/\/wp.me\/p2JWE0-eIo","jetpack-related-posts":[{"id":58129,"url":"http:\/\/www.24baires.com\/?p=58129","url_meta":{"origin":56568,"position":0},"title":"Massa y Carri\u00f3 ir\u00e1n a audiencia de conciliaci\u00f3n","author":"GB","date":"04\/12\/2014","format":false,"excerpt":"Los diputados Sergio Massa y Elisa Carri\u00f3 fueron citados a una audiencia de conciliaci\u00f3n por el juez federal Luis Rodriguez, en el marco de una denuncia por calumnias e injurias presentada por el l\u00edder del Frente Renovador tras haber sido vinculado con el narcotr\u00e1fico por la legisladora. El juez convoco\u2026","rel":"","context":"En \u00abPol\u00edtica\u00bb","block_context":{"text":"Pol\u00edtica","link":"http:\/\/www.24baires.com\/?cat=51"},"img":{"alt_text":"massa carri\u00f3","src":"https:\/\/i0.wp.com\/www.24baires.com\/wp-content\/uploads\/2014\/11\/massa-carri%C3%B3.jpg?resize=350%2C200","width":350,"height":200,"srcset":"https:\/\/i0.wp.com\/www.24baires.com\/wp-content\/uploads\/2014\/11\/massa-carri%C3%B3.jpg?resize=350%2C200 1x, https:\/\/i0.wp.com\/www.24baires.com\/wp-content\/uploads\/2014\/11\/massa-carri%C3%B3.jpg?resize=525%2C300 1.5x"},"classes":[]},{"id":56571,"url":"http:\/\/www.24baires.com\/?p=56571","url_meta":{"origin":56568,"position":1},"title":"Carri\u00f3 le respondi\u00f3 a Massa y lo acus\u00f3 de \u00abnarco\u00bb","author":"Grupo Sierra","date":"04\/11\/2014","format":false,"excerpt":"Tras denunciar penalente a la referente de la Coalici\u00f3n C\u00edvica-ARI, Sergio Massa le pidi\u00f3 una pericia psiqui\u00e1trica. Ella le contest\u00f3: \"De la locura se puede volver, pero del narcotr\u00e1fico no\". El diputado nacional y candidato a presidente del Frente Renovador (FR) denunci\u00f3 por calumnias e injurias a su par en\u2026","rel":"","context":"En \u00abPol\u00edtica\u00bb","block_context":{"text":"Pol\u00edtica","link":"http:\/\/www.24baires.com\/?cat=51"},"img":{"alt_text":"carri\u00f3","src":"https:\/\/i0.wp.com\/www.24baires.com\/wp-content\/uploads\/2014\/04\/carri%C3%B3.jpg?resize=350%2C200","width":350,"height":200,"srcset":"https:\/\/i0.wp.com\/www.24baires.com\/wp-content\/uploads\/2014\/04\/carri%C3%B3.jpg?resize=350%2C200 1x, https:\/\/i0.wp.com\/www.24baires.com\/wp-content\/uploads\/2014\/04\/carri%C3%B3.jpg?resize=525%2C300 1.5x"},"classes":[]},{"id":58487,"url":"http:\/\/www.24baires.com\/?p=58487","url_meta":{"origin":56568,"position":2},"title":"\u00abMassa es un monstruo que cre\u00f3 Clar\u00edn\u00bb","author":"Grupo Sierra","date":"11\/12\/2014","format":false,"excerpt":"\"Lilita\" Carri\u00f3 profundiz\u00f3 sus cr\u00edticas contra el Grupo y asegur\u00f3 que ella nunca \u201cdefender\u00e1 los negocios de poder de los medios\u201d. La diputada nacional Elisa Carri\u00f3 (Coalici\u00f3n C\u00edvica-ARI) profundiz\u00f3 sus cr\u00edticas al Grupo Clar\u00edn, le pidi\u00f3 que se haga cargo del \"monstruo que construy\u00f3\", en alusi\u00f3n al candidato presidencial del\u2026","rel":"","context":"En \u00abPol\u00edtica\u00bb","block_context":{"text":"Pol\u00edtica","link":"http:\/\/www.24baires.com\/?cat=51"},"img":{"alt_text":"massa carri\u00f3","src":"https:\/\/i0.wp.com\/www.24baires.com\/wp-content\/uploads\/2014\/11\/massa-carri%C3%B3.jpg?resize=350%2C200","width":350,"height":200,"srcset":"https:\/\/i0.wp.com\/www.24baires.com\/wp-content\/uploads\/2014\/11\/massa-carri%C3%B3.jpg?resize=350%2C200 1x, https:\/\/i0.wp.com\/www.24baires.com\/wp-content\/uploads\/2014\/11\/massa-carri%C3%B3.jpg?resize=525%2C300 1.5x"},"classes":[]},{"id":23443,"url":"http:\/\/www.24baires.com\/?p=23443","url_meta":{"origin":56568,"position":3},"title":"\u00abA m\u00ed el Gobierno nunca me viol\u00f3\u00bb, dispar\u00f3 Carri\u00f3","author":"AF","date":"13\/05\/2013","format":false,"excerpt":"La diputada embisti\u00f3 contra toda la dirigencia pol\u00edtica y la Corte. Critic\u00f3 a los legisladores Alfonso Prat Gay y Ricardo Gil Lavedra porque \"acompa\u00f1aron al gobierno en la reforma de la comisi\u00f3n nacional de valores\u201d. \u201cA ellos los violaron\", lanz\u00f3. Elisa Carri\u00f3 renov\u00f3 sus cr\u00edticas a Ricardo Lorenzetti por no\u2026","rel":"","context":"En \u00abPol\u00edtica\u00bb","block_context":{"text":"Pol\u00edtica","link":"http:\/\/www.24baires.com\/?cat=51"},"img":{"alt_text":"","src":"","width":0,"height":0},"classes":[]},{"id":53673,"url":"http:\/\/www.24baires.com\/?p=53673","url_meta":{"origin":56568,"position":4},"title":"Carri\u00f3 compar\u00f3 a Scioli con Hitler","author":"GB","date":"15\/09\/2014","format":false,"excerpt":"La diputada nacional de la Coalici\u00f3n C\u00edvica, Elisa Carri\u00f3, compar\u00f3 hoy al gobernador bonaerense, Daniel Scioli, con Adolf Hitler. \"Scioli es la nada misma y es el que mejor imagen tiene\", arranc\u00f3 la diputado. Y complet\u00f3: \"El primer hombre masa fue Hitler; porque la gente que se siente nada, vota\u2026","rel":"","context":"En \u00abPol\u00edtica\u00bb","block_context":{"text":"Pol\u00edtica","link":"http:\/\/www.24baires.com\/?cat=51"},"img":{"alt_text":"carrio","src":"https:\/\/i0.wp.com\/www.24baires.com\/wp-content\/uploads\/2012\/10\/carrio.jpg?resize=350%2C200","width":350,"height":200,"srcset":"https:\/\/i0.wp.com\/www.24baires.com\/wp-content\/uploads\/2012\/10\/carrio.jpg?resize=350%2C200 1x, https:\/\/i0.wp.com\/www.24baires.com\/wp-content\/uploads\/2012\/10\/carrio.jpg?resize=525%2C300 1.5x"},"classes":[]},{"id":50539,"url":"http:\/\/www.24baires.com\/?p=50539","url_meta":{"origin":56568,"position":5},"title":"Despu\u00e9s del video, Carri\u00f3 dispar\u00f3 contra Massa","author":"Grupo Sierra","date":"25\/07\/2014","format":false,"excerpt":"\"\u00bfQuieren ver lo que hizo Massa en Tigre con el narcotr\u00e1fico? La verdad es la verdad, es triste, pero no tiene remedio\", dijo la legisladora nacional Fiel a su estilo, Elisa Carri\u00f3 dispar\u00f3 dardos esta vez contra el diputado nacional Sergio Massa, a quien acus\u00f3 de estar vinculado con el\u2026","rel":"","context":"En \u00abPol\u00edtica\u00bb","block_context":{"text":"Pol\u00edtica","link":"http:\/\/www.24baires.com\/?cat=51"},"img":{"alt_text":"carri\u00f3","src":"https:\/\/i0.wp.com\/www.24baires.com\/wp-content\/uploads\/2013\/12\/carri%C3%B3.jpg?resize=350%2C200","width":350,"height":200,"srcset":"https:\/\/i0.wp.com\/www.24baires.com\/wp-content\/uploads\/2013\/12\/carri%C3%B3.jpg?resize=350%2C200 1x, https:\/\/i0.wp.com\/www.24baires.com\/wp-content\/uploads\/2013\/12\/carri%C3%B3.jpg?resize=525%2C300 1.5x"},"classes":[]}],"jetpack_sharing_enabled":true,"jetpack_likes_enabled":true,"jetpack_featured_media_url":"","_links":{"self":[{"href":"http:\/\/www.24baires.com\/index.php?rest_route=\/wp\/v2\/posts\/56568","targetHints":{"allow":["GET"]}}],"collection":[{"href":"http:\/\/www.24baires.com\/index.php?rest_route=\/wp\/v2\/posts"}],"about":[{"href":"http:\/\/www.24baires.com\/index.php?rest_route=\/wp\/v2\/types\/post"}],"author":[{"embeddable":true,"href":"http:\/\/www.24baires.com\/index.php?rest_route=\/wp\/v2\/users\/11"}],"replies":[{"embeddable":true,"href":"http:\/\/www.24baires.com\/index.php?rest_route=%2Fwp%2Fv2%2Fcomments&post=56568"}],"version-history":[{"count":1,"href":"http:\/\/www.24baires.com\/index.php?rest_route=\/wp\/v2\/posts\/56568\/revisions"}],"predecessor-version":[{"id":56570,"href":"http:\/\/www.24baires.com\/index.php?rest_route=\/wp\/v2\/posts\/56568\/revisions\/56570"}],"wp:attachment":[{"href":"http:\/\/www.24baires.com\/index.php?rest_route=%2Fwp%2Fv2%2Fmedia&parent=56568"}],"wp:term":[{"taxonomy":"category","embeddable":true,"href":"http:\/\/www.24baires.com\/index.php?rest_route=%2Fwp%2Fv2%2Fcategories&post=56568"},{"taxonomy":"post_tag","embeddable":true,"href":"http:\/\/www.24baires.com\/index.php?rest_route=%2Fwp%2Fv2%2Ftags&post=56568"}],"curies":[{"name":"wp","href":"https:\/\/api.w.org\/{rel}","templated":true}]}}