{"id":56534,"date":"2014-11-04T12:00:03","date_gmt":"2014-11-04T15:00:03","guid":{"rendered":"http:\/\/www.24baires.com\/?p=56534"},"modified":"2014-11-04T11:30:05","modified_gmt":"2014-11-04T14:30:05","slug":"polemica-por-la-presencia-de-scioli-en-un-partido-de-futsal","status":"publish","type":"post","link":"http:\/\/www.24baires.com\/?p=56534","title":{"rendered":"Pol\u00e9mica por la presencia de Scioli en un partido de futsal"},"content":{"rendered":"<p><img data-recalc-dims=\"1\" loading=\"lazy\" decoding=\"async\" class=\"aligncenter size-full wp-image-54047\" src=\"https:\/\/i0.wp.com\/www.24baires.com\/wp-content\/uploads\/2014\/09\/scioli.jpg?resize=560%2C373\" alt=\"scioli\" width=\"560\" height=\"373\" srcset=\"https:\/\/i0.wp.com\/www.24baires.com\/wp-content\/uploads\/2014\/09\/scioli.jpg?w=560 560w, https:\/\/i0.wp.com\/www.24baires.com\/wp-content\/uploads\/2014\/09\/scioli.jpg?resize=300%2C199 300w\" sizes=\"auto, (max-width: 560px) 100vw, 560px\" \/>En medio de los cruces pol\u00edticos entre Daniel Scioli y el l\u00edder del Frente Renovador, Sergio Massa, por las inundaciones en la provincia de Buenos Aires, se desat\u00f3 una pol\u00e9mica por la aparici\u00f3n de un video que muestra al gobernador bonaerense en un partido de f\u00fatbol, y tras defenderse acus\u00f3 al massismo de una operaci\u00f3n medi\u00e1tica.<!--more--><\/p>\n<p>Scioli se present\u00f3 en el club Hebraica Pilar, junto a su equipo, Villa La \u00d1ata, mientras en diferentes puntos de la provincia de Buenos Aires miles de vecinos sufren las consecuencias de las inundaciones. Al conocerse las im\u00e1genes, el gobernador no tard\u00f3 en aparecer en televisi\u00f3n para aclarar lo ocurrido.<\/p>\n<p>En di\u00e1logo telef\u00f3nico con el programa Intratables, que transmite Am\u00e9rica, confirm\u00f3 su presencia en Pilar, pero aleg\u00f3 que estuvo all\u00ed poco tiempo. Aunque sin hacer menciones directas a Massa, si apunt\u00f3 contra el intendente de ese partido, Humberto Z\u00faccaro y consider\u00f3 la publicaci\u00f3n de esas fotos \u00abuna manera de hacer da\u00f1o\u00bb. \u00abMis colaboradores me mandaban reportes, y el tiempo estaba mejorando. Si no hubiera sido as\u00ed ni siquiera hubiera ido. Lo que falta es que me digan que soy poco solidario porque hago deporte media hora por d\u00eda\u00bb, lanz\u00f3.<\/p>\n<p>Y agreg\u00f3: \u00abSi alguien instala que fui dos horas a jugar al f\u00fatbol, obvio que se va a tomar mal. Pas\u00e9 media hora a saludar a los chicos, me puse un pantal\u00f3n largo y me vine para La Plata. Pero si alg\u00fan malintencionado hace estas cosas, me tomo el tiempo para responder y desenmascarlos\u00bb, sostuvo.<\/p>\n<p>Minutos despu\u00e9s, Massa sum\u00f3 su voz al mismo programa y se dirigi\u00f3 en forma directa a quien ser\u00e1 su contrincante pol\u00edtico el a\u00f1o que viene, en las elecciones presidenciales: \u00abLo conozco hace a\u00f1os al gobernador, que se quede tranquilo que yo no hago pol\u00edtica basura. Le propongo que convoque a los intendentes que es lo que la gente espera\u00bb, expres\u00f3.<\/p>\n<p>Tambi\u00e9n resalt\u00f3 su propio trabajo de \u00abrespuesta y compromiso\u00bb con los damnificados. Al igual que Scioli, adjudic\u00f3 las inundaciones a un fen\u00f3meno clim\u00e1tico excepcional y se desentendi\u00f3 de la falta de obras en el distrito que gobern\u00f3 hasta diciembre pasado.<\/p>\n<p>&nbsp;<\/p>\n<p>&nbsp;<\/p>\n<p>&nbsp;<\/p>\n<p>&nbsp;<\/p>\n<p>&nbsp;<\/p>\n<p>&nbsp;<\/p>\n<p>&nbsp;<\/p>\n<p>&nbsp;<\/p>\n<p>&nbsp;<\/p>\n<p>&nbsp;<\/p>\n<p>&nbsp;<\/p>\n<p>&nbsp;<\/p>\n<p>&nbsp;<\/p>\n","protected":false},"excerpt":{"rendered":"<p>En medio de los cruces pol\u00edticos entre Daniel Scioli y el l\u00edder del Frente Renovador, Sergio Massa, por las inundaciones en la provincia de Buenos Aires, se desat\u00f3 una pol\u00e9mica por la aparici\u00f3n de un video que muestra al gobernador bonaerense en un partido de f\u00fatbol, y tras defenderse acus\u00f3 al massismo de una operaci\u00f3n medi\u00e1tica.<\/p>\n","protected":false},"author":4,"featured_media":0,"comment_status":"open","ping_status":"open","sticky":false,"template":"","format":"standard","meta":{"_jetpack_newsletter_access":"","_jetpack_dont_email_post_to_subs":false,"_jetpack_newsletter_tier_id":0,"_jetpack_memberships_contains_paywalled_content":false,"_jetpack_memberships_contains_paid_content":false,"footnotes":""},"categories":[51],"tags":[],"class_list":["post-56534","post","type-post","status-publish","format-standard","hentry","category-politica"],"jetpack_shortlink":"https:\/\/wp.me\/p2JWE0-eHQ","jetpack-related-posts":[{"id":108387,"url":"http:\/\/www.24baires.com\/?p=108387","url_meta":{"origin":56534,"position":0},"title":"Scioli ratific\u00f3 su candidatura presidencial","author":"GB","date":"25\/05\/2019","format":false,"excerpt":"El exgobernador de la Provincia de Buenos Aires particip\u00f3 del Congreso Educativo de Ajedrez que se realiz\u00f3 en la ciudad balnearia y manifest\u00f3 sus deseos de ser el primer mandatario del pa\u00eds despu\u00e9s del 10 de diciembre, sin embargo aclar\u00f3: \u201cVer\u00e9 como peronista en qu\u00e9 lugar puedo hacer mi mayor\u2026","rel":"","context":"En \u00abPol\u00edtica\u00bb","block_context":{"text":"Pol\u00edtica","link":"http:\/\/www.24baires.com\/?cat=51"},"img":{"alt_text":"","src":"https:\/\/i0.wp.com\/www.24baires.com\/wp-content\/uploads\/2019\/05\/scioli-mar-del.jpg?resize=350%2C200","width":350,"height":200,"srcset":"https:\/\/i0.wp.com\/www.24baires.com\/wp-content\/uploads\/2019\/05\/scioli-mar-del.jpg?resize=350%2C200 1x, https:\/\/i0.wp.com\/www.24baires.com\/wp-content\/uploads\/2019\/05\/scioli-mar-del.jpg?resize=525%2C300 1.5x"},"classes":[]},{"id":57244,"url":"http:\/\/www.24baires.com\/?p=57244","url_meta":{"origin":56534,"position":1},"title":"Pilar: Para Z\u00faccaro \u00abser\u00eda lo ideal un acuerdo entre Scioli y Massa\u00bb","author":"GB","date":"17\/11\/2014","format":false,"excerpt":"El Intendente de Pilar, luego de ser acusado de operar contra Daniel Scioli por el propio Gobernador, ahora analiza lo que ser\u00eda una primaria entre los precandidatos. Sorpresivas declaraciones. Contra todos los pron\u00f3sticos y apuestas en el mercado electoral, el Intendente de Pilar sorprendi\u00f3 en las \u00faltimas horas con el\u2026","rel":"","context":"En \u00abElecciones 2015\u00bb","block_context":{"text":"Elecciones 2015","link":"http:\/\/www.24baires.com\/?cat=74"},"img":{"alt_text":"","src":"https:\/\/i0.wp.com\/www.24baires.com\/wp-content\/uploads\/2014\/11\/zucaro-pilar.jpg?resize=350%2C200","width":350,"height":200,"srcset":"https:\/\/i0.wp.com\/www.24baires.com\/wp-content\/uploads\/2014\/11\/zucaro-pilar.jpg?resize=350%2C200 1x, https:\/\/i0.wp.com\/www.24baires.com\/wp-content\/uploads\/2014\/11\/zucaro-pilar.jpg?resize=525%2C300 1.5x"},"classes":[]},{"id":46306,"url":"http:\/\/www.24baires.com\/?p=46306","url_meta":{"origin":56534,"position":2},"title":"Salieron los afiches Massa-Scioli y Duhalde se separ\u00f3: \u00abNo tengo nada que ver\u00bb","author":"Grupo Sierra","date":"19\/05\/2014","format":false,"excerpt":"Despu\u00e9s de la pol\u00e9mica generada por la aparici\u00f3n de los carteles que ped\u00edan una alianza entre Massa y Scioli, que llevaban la firma de Eduardo Duhalde, el expresidente neg\u00f3 tener algo que ver, aunque plante\u00f3: \"Los quiero juntos\". El expresidente, Eduardo Duhalde, desminti\u00f3 hoy tener algo que ver con los\u2026","rel":"","context":"En \u00abPol\u00edtica\u00bb","block_context":{"text":"Pol\u00edtica","link":"http:\/\/www.24baires.com\/?cat=51"},"img":{"alt_text":"","src":"https:\/\/i0.wp.com\/www.24baires.com\/wp-content\/uploads\/2014\/05\/duhalde-massa-scioli-afiche.jpg?resize=350%2C200","width":350,"height":200,"srcset":"https:\/\/i0.wp.com\/www.24baires.com\/wp-content\/uploads\/2014\/05\/duhalde-massa-scioli-afiche.jpg?resize=350%2C200 1x, https:\/\/i0.wp.com\/www.24baires.com\/wp-content\/uploads\/2014\/05\/duhalde-massa-scioli-afiche.jpg?resize=525%2C300 1.5x"},"classes":[]},{"id":108530,"url":"http:\/\/www.24baires.com\/?p=108530","url_meta":{"origin":56534,"position":3},"title":"Gioja: la unidad del peronismo, la relaci\u00f3n con Massa y la elecci\u00f3n en San Juan","author":"AF","date":"01\/06\/2019","format":false,"excerpt":"El diputado y presidente del PJ destac\u00f3 el renovado v\u00ednculo entre el partido Justicialista y Unidad Ciudadana, respald\u00f3 la f\u00f3rmula Kicillof-Magario y advirti\u00f3 que quienes dividan a la oposici\u00f3n son funcionales al macrismo. Desde San Juan El tres veces gobernador de San Juan, diputado nacional por esa provincia y presidente\u2026","rel":"","context":"En \u00abPol\u00edtica\u00bb","block_context":{"text":"Pol\u00edtica","link":"http:\/\/www.24baires.com\/?cat=51"},"img":{"alt_text":"","src":"https:\/\/i0.wp.com\/www.24baires.com\/wp-content\/uploads\/2013\/10\/gioja.jpg?resize=350%2C200","width":350,"height":200,"srcset":"https:\/\/i0.wp.com\/www.24baires.com\/wp-content\/uploads\/2013\/10\/gioja.jpg?resize=350%2C200 1x, https:\/\/i0.wp.com\/www.24baires.com\/wp-content\/uploads\/2013\/10\/gioja.jpg?resize=525%2C300 1.5x"},"classes":[]},{"id":120181,"url":"http:\/\/www.24baires.com\/?p=120181","url_meta":{"origin":56534,"position":4},"title":"El Frente de Todos pasa a llamarse \u00abUni\u00f3n por la Patria\u00bb","author":"AF","date":"14\/06\/2023","format":false,"excerpt":"Los distintos sectores que componen el frente oficialista mantienen reuniones para definir, entre otras cosas, la constituci\u00f3n de su junta partidaria y el reglamento electoral que fijar\u00e1 pisos y porcentajes para la integraci\u00f3n de listas. El Frente de Todos (FdT) se llamar\u00e1 Uni\u00f3n por la Patria (UxP) en las pr\u00f3ximas\u2026","rel":"","context":"En \u00abPol\u00edtica\u00bb","block_context":{"text":"Pol\u00edtica","link":"http:\/\/www.24baires.com\/?cat=51"},"img":{"alt_text":"","src":"https:\/\/i0.wp.com\/www.24baires.com\/wp-content\/uploads\/2023\/06\/cfk-25-5.png?resize=350%2C200","width":350,"height":200,"srcset":"https:\/\/i0.wp.com\/www.24baires.com\/wp-content\/uploads\/2023\/06\/cfk-25-5.png?resize=350%2C200 1x, https:\/\/i0.wp.com\/www.24baires.com\/wp-content\/uploads\/2023\/06\/cfk-25-5.png?resize=525%2C300 1.5x, https:\/\/i0.wp.com\/www.24baires.com\/wp-content\/uploads\/2023\/06\/cfk-25-5.png?resize=700%2C400 2x, https:\/\/i0.wp.com\/www.24baires.com\/wp-content\/uploads\/2023\/06\/cfk-25-5.png?resize=1050%2C600 3x"},"classes":[]},{"id":120226,"url":"http:\/\/www.24baires.com\/?p=120226","url_meta":{"origin":56534,"position":5},"title":"Cristina recibi\u00f3 a Scioli: \u201cA seguir trabajando, que es lo que hay que hacer\u201d","author":"AF","date":"28\/06\/2023","format":false,"excerpt":"\"Hablamos mucho, con sinceridad y con el respeto de siempre. Me transmiti\u00f3 que su vocaci\u00f3n es ayudar y colaborar como un compa\u00f1ero m\u00e1s\", asegur\u00f3 a trav\u00e9s de las redes sociales la Vicepresidenta sobre el encuentro. La Vicepresidenta Cristina Fern\u00e1ndez de Kirchner public\u00f3 en redes sociales una foto con el embajador\u2026","rel":"","context":"En \u00abPol\u00edtica\u00bb","block_context":{"text":"Pol\u00edtica","link":"http:\/\/www.24baires.com\/?cat=51"},"img":{"alt_text":"","src":"https:\/\/i0.wp.com\/www.24baires.com\/wp-content\/uploads\/2023\/06\/WhatsApp-Image-2023-06-28-at-23.30.42.jpeg?resize=350%2C200","width":350,"height":200,"srcset":"https:\/\/i0.wp.com\/www.24baires.com\/wp-content\/uploads\/2023\/06\/WhatsApp-Image-2023-06-28-at-23.30.42.jpeg?resize=350%2C200 1x, https:\/\/i0.wp.com\/www.24baires.com\/wp-content\/uploads\/2023\/06\/WhatsApp-Image-2023-06-28-at-23.30.42.jpeg?resize=525%2C300 1.5x, https:\/\/i0.wp.com\/www.24baires.com\/wp-content\/uploads\/2023\/06\/WhatsApp-Image-2023-06-28-at-23.30.42.jpeg?resize=700%2C400 2x"},"classes":[]}],"jetpack_sharing_enabled":true,"jetpack_likes_enabled":true,"jetpack_featured_media_url":"","_links":{"self":[{"href":"http:\/\/www.24baires.com\/index.php?rest_route=\/wp\/v2\/posts\/56534","targetHints":{"allow":["GET"]}}],"collection":[{"href":"http:\/\/www.24baires.com\/index.php?rest_route=\/wp\/v2\/posts"}],"about":[{"href":"http:\/\/www.24baires.com\/index.php?rest_route=\/wp\/v2\/types\/post"}],"author":[{"embeddable":true,"href":"http:\/\/www.24baires.com\/index.php?rest_route=\/wp\/v2\/users\/4"}],"replies":[{"embeddable":true,"href":"http:\/\/www.24baires.com\/index.php?rest_route=%2Fwp%2Fv2%2Fcomments&post=56534"}],"version-history":[{"count":1,"href":"http:\/\/www.24baires.com\/index.php?rest_route=\/wp\/v2\/posts\/56534\/revisions"}],"predecessor-version":[{"id":56535,"href":"http:\/\/www.24baires.com\/index.php?rest_route=\/wp\/v2\/posts\/56534\/revisions\/56535"}],"wp:attachment":[{"href":"http:\/\/www.24baires.com\/index.php?rest_route=%2Fwp%2Fv2%2Fmedia&parent=56534"}],"wp:term":[{"taxonomy":"category","embeddable":true,"href":"http:\/\/www.24baires.com\/index.php?rest_route=%2Fwp%2Fv2%2Fcategories&post=56534"},{"taxonomy":"post_tag","embeddable":true,"href":"http:\/\/www.24baires.com\/index.php?rest_route=%2Fwp%2Fv2%2Ftags&post=56534"}],"curies":[{"name":"wp","href":"https:\/\/api.w.org\/{rel}","templated":true}]}}