{"id":56526,"date":"2014-11-04T10:00:43","date_gmt":"2014-11-04T13:00:43","guid":{"rendered":"http:\/\/www.24baires.com\/?p=56526"},"modified":"2014-11-04T20:14:40","modified_gmt":"2014-11-04T23:14:40","slug":"capitanich-creemos-que-lo-que-se-hara-sera-prorrogar-las-sesiones-ordinarias","status":"publish","type":"post","link":"http:\/\/www.24baires.com\/?p=56526","title":{"rendered":"Capitanich: \u201cCreemos que lo que se har\u00e1 ser\u00e1 prorrogar las sesiones ordinarias\u201d"},"content":{"rendered":"<p><img data-recalc-dims=\"1\" loading=\"lazy\" decoding=\"async\" class=\"aligncenter size-full wp-image-53422\" src=\"https:\/\/i0.wp.com\/www.24baires.com\/wp-content\/uploads\/2014\/09\/capitanich1.jpg?resize=560%2C420\" alt=\"capitanich\" width=\"560\" height=\"420\" srcset=\"https:\/\/i0.wp.com\/www.24baires.com\/wp-content\/uploads\/2014\/09\/capitanich1.jpg?w=560 560w, https:\/\/i0.wp.com\/www.24baires.com\/wp-content\/uploads\/2014\/09\/capitanich1.jpg?resize=300%2C225 300w\" sizes=\"auto, (max-width: 560px) 100vw, 560px\" \/>El jefe de Gabinete, Jorge Capitanich, no descart\u00f3 hoy la posibilidad de que la presidenta Cristina Fern\u00e1ndez de Kirchner extienda las sesiones ordinarias del Congreso de la Naci\u00f3n para la sanci\u00f3n del nuevo C\u00f3digo Procesa Penal y la ley de telecomunicaciones Argentina Digital.<!--more--><\/p>\n<p>\u201cCreemos que lo que se har\u00e1 ser\u00e1 prorrogar las sesiones ordinarias\u201d, respondi\u00f3 el funcionario al ser consultado sobre los tiempos parlamentarios para la aprobaci\u00f3n de ambas iniciativas.<\/p>\n<p>Capitanich realiz\u00f3 las declaraciones en su habitual conferencia de prensa matutina en Casa de Gobierno.<\/p>\n","protected":false},"excerpt":{"rendered":"<p>El jefe de Gabinete, Jorge Capitanich, no descart\u00f3 hoy la posibilidad de que la presidenta Cristina Fern\u00e1ndez de Kirchner extienda las sesiones ordinarias del Congreso de la Naci\u00f3n para la sanci\u00f3n del nuevo C\u00f3digo Procesa Penal y la ley de telecomunicaciones Argentina Digital.<\/p>\n","protected":false},"author":4,"featured_media":0,"comment_status":"open","ping_status":"open","sticky":false,"template":"","format":"standard","meta":{"_jetpack_newsletter_access":"","_jetpack_dont_email_post_to_subs":false,"_jetpack_newsletter_tier_id":0,"_jetpack_memberships_contains_paywalled_content":false,"_jetpack_memberships_contains_paid_content":false,"footnotes":""},"categories":[51],"tags":[],"class_list":["post-56526","post","type-post","status-publish","format-standard","hentry","category-politica"],"jetpack_shortlink":"https:\/\/wp.me\/p2JWE0-eHI","jetpack-related-posts":[{"id":116123,"url":"http:\/\/www.24baires.com\/?p=116123","url_meta":{"origin":56526,"position":0},"title":"\u00abLa Argentina central que tiene periferias no se puede tolerar m\u00e1s\u00bb","author":"AF","date":"01\/09\/2020","format":false,"excerpt":"El Presidente encabez\u00f3 la firma de convenios con el gobernador de Chaco, Jorge Capitanich. En ese marco, defendi\u00f3 el acceso a la conectividad y al conocimiento en todo el pa\u00eds. El presidente Alberto Fern\u00e1ndez reafirm\u00f3 que \"la Argentina central, que tiene dos periferias, al norte y a sur del pa\u00eds,\u2026","rel":"","context":"En \u00abPol\u00edtica\u00bb","block_context":{"text":"Pol\u00edtica","link":"http:\/\/www.24baires.com\/?cat=51"},"img":{"alt_text":"","src":"https:\/\/i0.wp.com\/www.24baires.com\/wp-content\/uploads\/2020\/09\/fern%C3%A1ndez-capitanich.jpg?resize=350%2C200","width":350,"height":200,"srcset":"https:\/\/i0.wp.com\/www.24baires.com\/wp-content\/uploads\/2020\/09\/fern%C3%A1ndez-capitanich.jpg?resize=350%2C200 1x, https:\/\/i0.wp.com\/www.24baires.com\/wp-content\/uploads\/2020\/09\/fern%C3%A1ndez-capitanich.jpg?resize=525%2C300 1.5x"},"classes":[]},{"id":88427,"url":"http:\/\/www.24baires.com\/?p=88427","url_meta":{"origin":56526,"position":1},"title":"Diputados aprobar\u00eda la modificaci\u00f3n de ganancias antes de diciembre","author":"AF","date":"07\/10\/2016","format":false,"excerpt":"El oficialismo de la C\u00e1mara baja conf\u00eda en aprobar tambi\u00e9n en el mismo mes el Presupuesto; la Reforma Electoral; la Ley de Ministerio P\u00fablico; la del Arrepentido; la de Emprendedores; la de Participaci\u00f3n P\u00fablico-Privada; la de Responsabilidad Fiscal y la de Administraci\u00f3n Financiera. El oficialismo de la C\u00e1mara de Diputados\u2026","rel":"","context":"En \u00abPol\u00edtica\u00bb","block_context":{"text":"Pol\u00edtica","link":"http:\/\/www.24baires.com\/?cat=51"},"img":{"alt_text":"c\u00f3digo civil diputados c\u00e1mara","src":"https:\/\/i0.wp.com\/www.24baires.com\/wp-content\/uploads\/2014\/10\/c%C3%B3digo-civil-diputados-c%C3%A1mara-300x199.jpg?resize=350%2C200","width":350,"height":200},"classes":[]},{"id":38464,"url":"http:\/\/www.24baires.com\/?p=38464","url_meta":{"origin":56526,"position":2},"title":"Capitanich anticip\u00f3 ayuda para las PYMES desde el Congreso","author":"Grupo Sierra","date":"14\/01\/2014","format":false,"excerpt":"El jefe de Gabinete, Jorge Capitanich, reafirm\u00f3 la intenci\u00f3n del Gobierno de apoyar a los emprendimientos a trav\u00e9s de \"m\u00faltiples iniciativas\" a tratarse en sesiones ordinarias y extraordinarias y adem\u00e1s asegur\u00f3 que \"Argentina est\u00e1 en el buen camino para los pr\u00f3ximos dos a\u00f1os\". De todos modos, en su habitual conferencia\u2026","rel":"","context":"En \u00abGeneral\u00bb","block_context":{"text":"General","link":"http:\/\/www.24baires.com\/?cat=67"},"img":{"alt_text":"","src":"https:\/\/i0.wp.com\/www.24baires.com\/wp-content\/uploads\/2014\/01\/Capitanich.jpg?resize=350%2C200","width":350,"height":200,"srcset":"https:\/\/i0.wp.com\/www.24baires.com\/wp-content\/uploads\/2014\/01\/Capitanich.jpg?resize=350%2C200 1x, https:\/\/i0.wp.com\/www.24baires.com\/wp-content\/uploads\/2014\/01\/Capitanich.jpg?resize=525%2C300 1.5x"},"classes":[]},{"id":59524,"url":"http:\/\/www.24baires.com\/?p=59524","url_meta":{"origin":56526,"position":3},"title":"El a\u00f1o pasado la C\u00e1mara de Diputados sesion\u00f3 el doble de veces que en 2013","author":"Grupo Sierra","date":"03\/01\/2015","format":false,"excerpt":"La C\u00e1mara baja tuvo un total de 26 reuniones, entre sesiones ordinarias, especiales, informativas, en minor\u00eda y una preparatoria, superando con creces la actividad de 2013. Se acentu\u00f3 la tendencia de las sesiones especiales. La actividad de los diputados en la era kirchnerista. Aprovechando la mayor\u00eda num\u00e9rica que a\u00fan conserva,\u2026","rel":"","context":"En \u00abPol\u00edtica\u00bb","block_context":{"text":"Pol\u00edtica","link":"http:\/\/www.24baires.com\/?cat=51"},"img":{"alt_text":"","src":"","width":0,"height":0},"classes":[]},{"id":62347,"url":"http:\/\/www.24baires.com\/?p=62347","url_meta":{"origin":56526,"position":4},"title":"Sanz: \u00abLe\u00ed lo que dijo Carri\u00f3 y no le creo\u00bb","author":"Grupo Sierra","date":"26\/02\/2015","format":false,"excerpt":"El titular de la UCR confirm\u00f3 que asistir\u00e1 el domingo al inicio de las sesiones ordinarias del Congreso y desestim\u00f3 los dichos de Carri\u00f3 sobre un \"autogolpe\". El senador nacional Ernesto Sanz sostuvo hoy que no cree en las expresiones de la diputada Elisa Carri\u00f3 referidas a la supuesta intenci\u00f3n\u2026","rel":"","context":"En \u00abPol\u00edtica\u00bb","block_context":{"text":"Pol\u00edtica","link":"http:\/\/www.24baires.com\/?cat=51"},"img":{"alt_text":"sanz ernesto","src":"https:\/\/i0.wp.com\/www.24baires.com\/wp-content\/uploads\/2013\/04\/sanz-ernesto.jpg?resize=350%2C200","width":350,"height":200,"srcset":"https:\/\/i0.wp.com\/www.24baires.com\/wp-content\/uploads\/2013\/04\/sanz-ernesto.jpg?resize=350%2C200 1x, https:\/\/i0.wp.com\/www.24baires.com\/wp-content\/uploads\/2013\/04\/sanz-ernesto.jpg?resize=525%2C300 1.5x"},"classes":[]},{"id":121030,"url":"http:\/\/www.24baires.com\/?p=121030","url_meta":{"origin":56526,"position":5},"title":"Javier Milei abrir\u00e1 las sesiones ordinarias el viernes a las 21","author":"GB","date":"27\/02\/2024","format":false,"excerpt":"El presidente Javier Milei convoc\u00f3 a la apertura de sesiones ordinarias para el 1 de marzo a las 21 horas. Ser\u00e1 la primera vez que hable ante el Congreso. La apertura de sesiones ordinarias del Congreso se llevar\u00e1 a cabo el viernes 1 de marzo a partir de las 21\u2026","rel":"","context":"En \u00abPol\u00edtica\u00bb","block_context":{"text":"Pol\u00edtica","link":"http:\/\/www.24baires.com\/?cat=51"},"img":{"alt_text":"","src":"https:\/\/i0.wp.com\/www.24baires.com\/wp-content\/uploads\/2024\/02\/milei-asuncion.webp?resize=350%2C200","width":350,"height":200,"srcset":"https:\/\/i0.wp.com\/www.24baires.com\/wp-content\/uploads\/2024\/02\/milei-asuncion.webp?resize=350%2C200 1x, https:\/\/i0.wp.com\/www.24baires.com\/wp-content\/uploads\/2024\/02\/milei-asuncion.webp?resize=525%2C300 1.5x"},"classes":[]}],"jetpack_sharing_enabled":true,"jetpack_likes_enabled":true,"jetpack_featured_media_url":"","_links":{"self":[{"href":"http:\/\/www.24baires.com\/index.php?rest_route=\/wp\/v2\/posts\/56526","targetHints":{"allow":["GET"]}}],"collection":[{"href":"http:\/\/www.24baires.com\/index.php?rest_route=\/wp\/v2\/posts"}],"about":[{"href":"http:\/\/www.24baires.com\/index.php?rest_route=\/wp\/v2\/types\/post"}],"author":[{"embeddable":true,"href":"http:\/\/www.24baires.com\/index.php?rest_route=\/wp\/v2\/users\/4"}],"replies":[{"embeddable":true,"href":"http:\/\/www.24baires.com\/index.php?rest_route=%2Fwp%2Fv2%2Fcomments&post=56526"}],"version-history":[{"count":1,"href":"http:\/\/www.24baires.com\/index.php?rest_route=\/wp\/v2\/posts\/56526\/revisions"}],"predecessor-version":[{"id":56527,"href":"http:\/\/www.24baires.com\/index.php?rest_route=\/wp\/v2\/posts\/56526\/revisions\/56527"}],"wp:attachment":[{"href":"http:\/\/www.24baires.com\/index.php?rest_route=%2Fwp%2Fv2%2Fmedia&parent=56526"}],"wp:term":[{"taxonomy":"category","embeddable":true,"href":"http:\/\/www.24baires.com\/index.php?rest_route=%2Fwp%2Fv2%2Fcategories&post=56526"},{"taxonomy":"post_tag","embeddable":true,"href":"http:\/\/www.24baires.com\/index.php?rest_route=%2Fwp%2Fv2%2Ftags&post=56526"}],"curies":[{"name":"wp","href":"https:\/\/api.w.org\/{rel}","templated":true}]}}