{"id":56472,"date":"2014-11-03T11:00:11","date_gmt":"2014-11-03T14:00:11","guid":{"rendered":"http:\/\/www.24baires.com\/?p=56472"},"modified":"2014-11-04T10:08:18","modified_gmt":"2014-11-04T13:08:18","slug":"se-reprogramo-el-encuentro-entre-cristina-y-bachelet","status":"publish","type":"post","link":"http:\/\/www.24baires.com\/?p=56472","title":{"rendered":"Se reprogram\u00f3 el encuentro entre Cristina y Bachelet"},"content":{"rendered":"<p><img data-recalc-dims=\"1\" loading=\"lazy\" decoding=\"async\" class=\"aligncenter size-full wp-image-41879\" src=\"https:\/\/i0.wp.com\/www.24baires.com\/wp-content\/uploads\/2014\/03\/bchelet.jpg?resize=560%2C373\" alt=\"bachelet\" width=\"560\" height=\"373\" srcset=\"https:\/\/i0.wp.com\/www.24baires.com\/wp-content\/uploads\/2014\/03\/bchelet.jpg?w=560 560w, https:\/\/i0.wp.com\/www.24baires.com\/wp-content\/uploads\/2014\/03\/bchelet.jpg?resize=300%2C199 300w\" sizes=\"auto, (max-width: 560px) 100vw, 560px\" \/>La visita que la presidenta de Chile ten\u00eda previsto realizar ma\u00f1ana a nuestro pa\u00eds \u00abha sido reprogramada para el transcurso del mes de noviembre, sin fecha prevista hasta el momento\u00bb, como consecuencia del estado febril de Cristina Fern\u00e1ndez de Kirchner. As\u00ed lo inform\u00f3 el secretario de Comunicaci\u00f3n P\u00fablica, Alfredo Scoccimarro.<!--more--><\/p>\n<p>La mandataria trasandina iba a compartir ma\u00f1ana un acto con Cristina al cumplirse un nuevo aniversario del acuerdo de paz entre Argentina y Chile por el diferendo por el Canal de Beagle.<\/p>\n<p>\u00abLa visita de la se\u00f1ora Bachelet se reprogram\u00f3 para noviembre, sin fecha prevista hasta el momento\u00bb, explic\u00f3 Scoccimarro en di\u00e1logo con los periodistas acreditados en Casa de Gobierno.<\/p>\n<p>En ese marco, el funcionario indic\u00f3 que \u00abse reprogram\u00f3 tambi\u00e9n la teleconferencia que ambas presidentes iban a mantener con su santidad el papa Francisco\u00bb.<\/p>\n","protected":false},"excerpt":{"rendered":"<p>La visita que la presidenta de Chile ten\u00eda previsto realizar ma\u00f1ana a nuestro pa\u00eds \u00abha sido reprogramada para el transcurso del mes de noviembre, sin fecha prevista hasta el momento\u00bb, como consecuencia del estado febril de Cristina Fern\u00e1ndez de Kirchner. As\u00ed lo inform\u00f3 el secretario de Comunicaci\u00f3n P\u00fablica, Alfredo Scoccimarro.<\/p>\n","protected":false},"author":4,"featured_media":0,"comment_status":"open","ping_status":"open","sticky":false,"template":"","format":"standard","meta":{"_jetpack_newsletter_access":"","_jetpack_dont_email_post_to_subs":false,"_jetpack_newsletter_tier_id":0,"_jetpack_memberships_contains_paywalled_content":false,"_jetpack_memberships_contains_paid_content":false,"footnotes":""},"categories":[51],"tags":[],"class_list":["post-56472","post","type-post","status-publish","format-standard","hentry","category-politica"],"jetpack_shortlink":"https:\/\/wp.me\/p2JWE0-eGQ","jetpack-related-posts":[{"id":58356,"url":"http:\/\/www.24baires.com\/?p=58356","url_meta":{"origin":56472,"position":0},"title":"Se reprogram\u00f3 la inauguraci\u00f3n del hospital de Mor\u00f3n","author":"GB","date":"09\/12\/2014","format":false,"excerpt":"Cristina Fern\u00e1ndez de Kirchner dispuso pasar para ma\u00f1ana el acto por las condiciones meteorol\u00f3gicas previstas para el d\u00eda de la fecha. Por la tarde, recibir\u00e1 por separado a los ministros en su gabinete de trabajo de la residencia de Olivos. La presidenta Cristina Fern\u00e1ndez de Kirchner recibir\u00e1 esta tarde, por\u2026","rel":"","context":"En \u00abLocales\u00bb","block_context":{"text":"Locales","link":"http:\/\/www.24baires.com\/?cat=38"},"img":{"alt_text":"cristina23","src":"https:\/\/i0.wp.com\/www.24baires.com\/wp-content\/uploads\/2014\/10\/cristina23.jpg?resize=350%2C200","width":350,"height":200,"srcset":"https:\/\/i0.wp.com\/www.24baires.com\/wp-content\/uploads\/2014\/10\/cristina23.jpg?resize=350%2C200 1x, https:\/\/i0.wp.com\/www.24baires.com\/wp-content\/uploads\/2014\/10\/cristina23.jpg?resize=525%2C300 1.5x"},"classes":[]},{"id":49099,"url":"http:\/\/www.24baires.com\/?p=49099","url_meta":{"origin":56472,"position":1},"title":"Cristina suspendi\u00f3 sus actividades por una faringolaringitis","author":"AF","date":"02\/07\/2014","format":false,"excerpt":"La Presidenta debi\u00f3 suspender hoy el viaje previsto a la Rep\u00fablica del Paraguay debido a un \"cuadro de faringolaringitis aguda, para lo cual deber\u00e1 realizar el tratamiento correspondiente\", seg\u00fan se inform\u00f3 oficialmente. \"En el d\u00eda de la fecha, la se\u00f1ora presidenta de la naci\u00f3n, doctora Cristina Fern\u00e1ndez de Kirchner, presenta\u2026","rel":"","context":"En \u00abPol\u00edtica\u00bb","block_context":{"text":"Pol\u00edtica","link":"http:\/\/www.24baires.com\/?cat=51"},"img":{"alt_text":"cristina rating 2","src":"https:\/\/i0.wp.com\/www.24baires.com\/wp-content\/uploads\/2014\/06\/cristina-rating-2.jpg?resize=350%2C200","width":350,"height":200,"srcset":"https:\/\/i0.wp.com\/www.24baires.com\/wp-content\/uploads\/2014\/06\/cristina-rating-2.jpg?resize=350%2C200 1x, https:\/\/i0.wp.com\/www.24baires.com\/wp-content\/uploads\/2014\/06\/cristina-rating-2.jpg?resize=525%2C300 1.5x"},"classes":[]},{"id":55587,"url":"http:\/\/www.24baires.com\/?p=55587","url_meta":{"origin":56472,"position":2},"title":"Reposo para Cristina por 48 horas","author":"Grupo Sierra","date":"17\/10\/2014","format":false,"excerpt":"La Presidenta \u201cpresenta un cuadro de faringitis\u201d por lo cual deber\u00e1 mantener \u201creposo y control evolutivo\u201d. Lo inform\u00f3 hoy la Unidad M\u00e9dica Presidencial a trav\u00e9s de un comunicado. Por esa raz\u00f3n, ser\u00e1 reprogramado para una nueva fecha el acto que estaba previsto para ma\u00f1ana s\u00e1bado en homenaje a Arturo Jauretche,\u2026","rel":"","context":"En \u00abGeneral\u00bb","block_context":{"text":"General","link":"http:\/\/www.24baires.com\/?cat=67"},"img":{"alt_text":"cristina","src":"https:\/\/i0.wp.com\/www.24baires.com\/wp-content\/uploads\/2014\/10\/cristina.jpg?resize=350%2C200","width":350,"height":200,"srcset":"https:\/\/i0.wp.com\/www.24baires.com\/wp-content\/uploads\/2014\/10\/cristina.jpg?resize=350%2C200 1x, https:\/\/i0.wp.com\/www.24baires.com\/wp-content\/uploads\/2014\/10\/cristina.jpg?resize=525%2C300 1.5x"},"classes":[]},{"id":3698,"url":"http:\/\/www.24baires.com\/?p=3698","url_meta":{"origin":56472,"position":3},"title":"Suspenden la inauguraci\u00f3n del CEMA","author":"AF","date":"29\/10\/2012","format":false,"excerpt":"MAR DEL PLATA - Aunque el Centro de Especialidades M\u00e9dicas Ambulatorias ya se encuentra en funcionamiento, la inauguraci\u00f3n oficial deber\u00e1 seguir esperando, ya que la presidenta Cristina Fern\u00e1ndez de Kirchner no pod\u00eda realizar la teleconferencia pautada para este lunes. En principio, estaba previsto que el acto se realizara este lunes\u2026","rel":"","context":"En \u00abLocales\u00bb","block_context":{"text":"Locales","link":"http:\/\/www.24baires.com\/?cat=38"},"img":{"alt_text":"","src":"","width":0,"height":0},"classes":[]},{"id":40800,"url":"http:\/\/www.24baires.com\/?p=40800","url_meta":{"origin":56472,"position":4},"title":"Por el alerta meteorol\u00f3gico, pasan para el viernes el acto de Cristina en Florencio Varela","author":"GB","date":"20\/02\/2014","format":false,"excerpt":"FLORENCIO VARELA-El acto que Cristina Fern\u00e1ndez de Kirchner deb\u00eda encabezar esta tarde fue postergado para ma\u00f1ana al mediod\u00eda por razones clim\u00e1ticas, informaron fuentes oficiales. Cristina ten\u00eda previsto presidir esta tarde en el partido bonaerense de Florencio Varela un acto donde deb\u00eda hacer entrega en forma simb\u00f3lica del primer plan Progresar,\u2026","rel":"","context":"En \u00abPol\u00edtica\u00bb","block_context":{"text":"Pol\u00edtica","link":"http:\/\/www.24baires.com\/?cat=51"},"img":{"alt_text":"cristina1","src":"https:\/\/i0.wp.com\/www.24baires.com\/wp-content\/uploads\/2014\/02\/cristina1.jpg?resize=350%2C200","width":350,"height":200,"srcset":"https:\/\/i0.wp.com\/www.24baires.com\/wp-content\/uploads\/2014\/02\/cristina1.jpg?resize=350%2C200 1x, https:\/\/i0.wp.com\/www.24baires.com\/wp-content\/uploads\/2014\/02\/cristina1.jpg?resize=525%2C300 1.5x"},"classes":[]},{"id":34439,"url":"http:\/\/www.24baires.com\/?p=34439","url_meta":{"origin":56472,"position":5},"title":"A causa del temporal Aerol\u00edneas reprogram\u00f3 sus vuelos matutinos","author":"GB","date":"31\/10\/2013","format":false,"excerpt":"Aerol\u00edneas Argentinas y Austral decidieron reprogramar los vuelos que ten\u00edan previstos ma\u00f1ana entre las 6 y las 9 debido a las condiciones clim\u00e1ticas en la Ciudad. La tormenta llegar\u00e1 esta noche, seg\u00fan inform\u00f3 el Servicio Meteorol\u00f3gico Nacional. Aerol\u00edneas Argentinas y Austral reprogramaron los vuelos que ten\u00edan previstos ma\u00f1ana en el\u2026","rel":"","context":"En \u00abSociedad\u00bb","block_context":{"text":"Sociedad","link":"http:\/\/www.24baires.com\/?cat=1"},"img":{"alt_text":"aerolineas argen","src":"https:\/\/i0.wp.com\/www.24baires.com\/wp-content\/uploads\/2013\/10\/aerolineas-argen-300x199.jpg?resize=350%2C200","width":350,"height":200},"classes":[]}],"jetpack_sharing_enabled":true,"jetpack_likes_enabled":true,"jetpack_featured_media_url":"","_links":{"self":[{"href":"http:\/\/www.24baires.com\/index.php?rest_route=\/wp\/v2\/posts\/56472","targetHints":{"allow":["GET"]}}],"collection":[{"href":"http:\/\/www.24baires.com\/index.php?rest_route=\/wp\/v2\/posts"}],"about":[{"href":"http:\/\/www.24baires.com\/index.php?rest_route=\/wp\/v2\/types\/post"}],"author":[{"embeddable":true,"href":"http:\/\/www.24baires.com\/index.php?rest_route=\/wp\/v2\/users\/4"}],"replies":[{"embeddable":true,"href":"http:\/\/www.24baires.com\/index.php?rest_route=%2Fwp%2Fv2%2Fcomments&post=56472"}],"version-history":[{"count":1,"href":"http:\/\/www.24baires.com\/index.php?rest_route=\/wp\/v2\/posts\/56472\/revisions"}],"predecessor-version":[{"id":56473,"href":"http:\/\/www.24baires.com\/index.php?rest_route=\/wp\/v2\/posts\/56472\/revisions\/56473"}],"wp:attachment":[{"href":"http:\/\/www.24baires.com\/index.php?rest_route=%2Fwp%2Fv2%2Fmedia&parent=56472"}],"wp:term":[{"taxonomy":"category","embeddable":true,"href":"http:\/\/www.24baires.com\/index.php?rest_route=%2Fwp%2Fv2%2Fcategories&post=56472"},{"taxonomy":"post_tag","embeddable":true,"href":"http:\/\/www.24baires.com\/index.php?rest_route=%2Fwp%2Fv2%2Ftags&post=56472"}],"curies":[{"name":"wp","href":"https:\/\/api.w.org\/{rel}","templated":true}]}}