{"id":56470,"date":"2014-11-03T11:30:50","date_gmt":"2014-11-03T14:30:50","guid":{"rendered":"http:\/\/www.24baires.com\/?p=56470"},"modified":"2014-11-03T10:38:59","modified_gmt":"2014-11-03T13:38:59","slug":"acusan-al-massismo-de-usar-las-tragedias-de-manera-oportunista","status":"publish","type":"post","link":"http:\/\/www.24baires.com\/?p=56470","title":{"rendered":"Acusan al massismo de usar las tragedias de manera oportunista"},"content":{"rendered":"<p>El diputado provincial del FpV Ricardo Moccero y el intendente de Guamin\u00ed, N\u00e9stor \u00c1lvarez, se expresaron sobre el mensaje enviado en las redes sociales a los vecinos de Coronel Pringles por parte de Sergio Massa haciendo referencia al papel del Gobierno de la Provincia en las inundaciones tild\u00e1ndolo de \u201coportunista, medi\u00e1tico y desagradable\u201d, asegurando que el deber\u00eda \u201cproponer y contar sus propuestas en vez de usar las tragedias para la pol\u00edtica\u00bb.<!--more--><\/p>\n<p>\u00abLas lluvias que se est\u00e1n dando en el sudoeste bonaerense son extraordinarias y el Gobierno Provincial viene trabajando con los municipios en realizaci\u00f3n de obras hidr\u00e1ulicas de manera permanente\u00bb, afirm\u00f3 N\u00e9stor \u00c1lvarez.<\/p>\n<p>El intendente de Guamin\u00ed insisti\u00f3 en que \u00ablos candidatos tienen que proponer y no usar las problem\u00e1ticas clim\u00e1ticas para hacer un desagradable uso de las lluvias extraordinarias\u00bb.<\/p>\n<p>\u00c1lvarez tambi\u00e9n hizo referencia a las declaraciones de Carlos Oreste, intendente de Coronel Pringles, sumado recientemente a las filas del massismo: \u00abEn su af\u00e1n de criticar sin fundamento, Oreste agradeci\u00f3 la preocupaci\u00f3n del Ministerio de Infraestructura frente a las inundaciones en su municipio y afirm\u00f3 que no obtuvo ni siquiera un llamado telef\u00f3nico por parte de la Direcci\u00f3n Provincial de Hidr\u00e1ulica, cuando este organismo depende del ministerio de Infraestructura, dato que evidentemente ignora\u00bb.<\/p>\n<p>Por su parte el legislador del FpV, Ricardo Moccero, referente de la Sexta Secci\u00f3n electoral carg\u00f3 contra Massa tild\u00e1ndolo como el \u201coportunista del d\u00eda\u201d, afirmando con contundencia que \u201cno lo vio junto a los vecinos de Coronel Pringles, con los pies en el agua dando respuestas\u201d<\/p>\n<p>\u201cNo lo vi a Massa en Pringles junto a las 40 familias evacuadas, en cambio los ministros del gobernador Scioli se pusieron de inmediato en contacto con el intendente; claro Massa no se enter\u00f3 de estas cosas, porque seguramente estaba en el \u201cBailando o TN\u201d fustig\u00f3 Moccero.<\/p>\n<p>Agreg\u00f3 que en los \u00faltimos d\u00edas se reuni\u00f3 con el ministro de Asuntos Agrarios, Alejandro \u201cTopo\u201d Rodr\u00edguez para avanzar en la declaraci\u00f3n de \u201cdesastre y emergencia agropecuaria\u201d para los distritos afectados, como as\u00ed tambi\u00e9n junto al senador Jorge Ruesga con el ministro de Infraestructura Alejandro Arl\u00eda y el director de Hidr\u00e1ulica para avanzar en las obras de infraestructura necesarias, dando \u201cr\u00e1pidas respuestas\u201d a la acuciante situaci\u00f3n de la regi\u00f3n, contando con el apoyo del ministerio de Desarrollo Social de la Naci\u00f3n y de la Provincia.<\/p>\n<p>\u201cEste gobierno Nacional y Provincial ha generado en estos 10 a\u00f1os la inversi\u00f3n en obra p\u00fablica e infraestructura m\u00e1s importante de la historia argentina. Hoy el Estado se pone de pie para estar a la altura de las circunstancias, atendiendo las urgencias de los distritos de la provincia de Buenos Aires que han sufrido las inundaciones\u201d,<\/p>\n<p>\u201cEs muy bajo utilizar medi\u00e1ticamente un tema tan delicado que afecta a los vecinos de Coronel Pringles; el propio Gobernador nos llam\u00f3 para que actuemos de inmediato solidariz\u00e1ndonos con los damnificados, pero claro es m\u00e1s f\u00e1cil hacerse el distra\u00eddo y criticar al gobierno, que explicar c\u00f3mo puede hacer para frenar el agua en las sierras y con qu\u00e9 presupuesto lo har\u00eda\u201d, dispar\u00f3.<\/p>\n<p>\u201cLamentable Sergio Massa, mejor que siga participando donde mejor le va, en el guitarreo\u201d, finaliz\u00f3 Ricardo Moccero, diputado provincial.<\/p>\n","protected":false},"excerpt":{"rendered":"<p>El diputado provincial del FpV Ricardo Moccero y el intendente de Guamin\u00ed, N\u00e9stor \u00c1lvarez, se expresaron sobre el mensaje enviado en las redes sociales a los vecinos de Coronel Pringles por parte de Sergio Massa haciendo referencia al papel del Gobierno de la Provincia en las inundaciones tild\u00e1ndolo de \u201coportunista, medi\u00e1tico y desagradable\u201d, asegurando que el deber\u00eda \u201cproponer y contar [&#8230;]<\/p>\n","protected":false},"author":4,"featured_media":0,"comment_status":"open","ping_status":"open","sticky":false,"template":"","format":"standard","meta":{"_jetpack_newsletter_access":"","_jetpack_dont_email_post_to_subs":false,"_jetpack_newsletter_tier_id":0,"_jetpack_memberships_contains_paywalled_content":false,"_jetpack_memberships_contains_paid_content":false,"footnotes":""},"categories":[51],"tags":[],"class_list":["post-56470","post","type-post","status-publish","format-standard","hentry","category-politica"],"jetpack_shortlink":"https:\/\/wp.me\/p2JWE0-eGO","jetpack-related-posts":[{"id":16770,"url":"http:\/\/www.24baires.com\/?p=16770","url_meta":{"origin":56470,"position":0},"title":"Intendentes de Guamin\u00ed y de Saavedra presenciaron el relanzamiento del Programa Ovino","author":"AF","date":"26\/02\/2013","format":false,"excerpt":"Los intendentes N\u00e9stor \u00c1lvarez de Guamin\u00ed y Hugo Corvatta de Saavedra, se reunieron con el ministro Gustavo Arrieta quien les anunci\u00f3 el relanzamiento del Programa Ovino provincial para que se incorporen todos los municipios interesados. Los intendentes N\u00e9stor \u00c1lvarez de Guamin\u00ed y Hugo Corvatta de Saavedra, se reunieron con el\u2026","rel":"","context":"En \u00abLocales\u00bb","block_context":{"text":"Locales","link":"http:\/\/www.24baires.com\/?cat=38"},"img":{"alt_text":"","src":"","width":0,"height":0},"classes":[]},{"id":102876,"url":"http:\/\/www.24baires.com\/?p=102876","url_meta":{"origin":56470,"position":1},"title":"Por la crisis varios intendentes adelantan el aguinaldo y lo pagan antes de fin de mes","author":"Grupo Sierra","date":"20\/06\/2018","format":false,"excerpt":"Mientras que al menos una quincena de intendentes resolvieron adelantar el medio aguinaldo y lo pagaron antes del D\u00eda del Padre, un nuevo grupo de jefes comunales se sum\u00f3 a la medida y anunci\u00f3 que depositar\u00e1 esos fondos esta semana con el fin de aliviar el bolsillo de los trabajadores\u2026","rel":"","context":"En \u00abMunicipios\u00bb","block_context":{"text":"Municipios","link":"http:\/\/www.24baires.com\/?cat=44"},"img":{"alt_text":"","src":"https:\/\/i0.wp.com\/www.24baires.com\/wp-content\/uploads\/2018\/06\/intendente-guamini.jpg?resize=350%2C200","width":350,"height":200,"srcset":"https:\/\/i0.wp.com\/www.24baires.com\/wp-content\/uploads\/2018\/06\/intendente-guamini.jpg?resize=350%2C200 1x, https:\/\/i0.wp.com\/www.24baires.com\/wp-content\/uploads\/2018\/06\/intendente-guamini.jpg?resize=525%2C300 1.5x"},"classes":[]},{"id":47197,"url":"http:\/\/www.24baires.com\/?p=47197","url_meta":{"origin":56470,"position":2},"title":"Recomenz\u00f3 la repavimentaci\u00f3n de la Ruta 65 entre Guamin\u00ed y Daireaux","author":"AF","date":"02\/06\/2014","format":false,"excerpt":"Se reiniciaron los trabajos de repavimentaci\u00f3n de la ruta provincial n\u00famero 65, entre los distritos de Daireaux y Guamin\u00ed. Por tal raz\u00f3n visit\u00f3 ambos lugares la Administradora Provincial de Vialidad, Patricia Tombessi, que acompa\u00f1ada por los intendentes municipales, N\u00e9stor \u00c1lvarez (Guamin\u00ed) y Esteban Hernando, (Daireaux) dio el visto bueno para\u2026","rel":"","context":"En \u00abLocales\u00bb","block_context":{"text":"Locales","link":"http:\/\/www.24baires.com\/?cat=38"},"img":{"alt_text":"ruta 6","src":"https:\/\/i0.wp.com\/www.24baires.com\/wp-content\/uploads\/2013\/04\/ruta-6.jpg?resize=350%2C200","width":350,"height":200,"srcset":"https:\/\/i0.wp.com\/www.24baires.com\/wp-content\/uploads\/2013\/04\/ruta-6.jpg?resize=350%2C200 1x, https:\/\/i0.wp.com\/www.24baires.com\/wp-content\/uploads\/2013\/04\/ruta-6.jpg?resize=525%2C300 1.5x"},"classes":[]},{"id":102994,"url":"http:\/\/www.24baires.com\/?p=102994","url_meta":{"origin":56470,"position":3},"title":"Insaurralde lanz\u00f3 su carrera por la Gobernaci\u00f3n bonaerense","author":"GB","date":"26\/06\/2018","format":false,"excerpt":"El intendente de Lomas de Zamora, Mart\u00edn Insaurralde, se anot\u00f3 hoy oficialmente en la carrera por la Gobernaci\u00f3n bonaerense, al difundir el apoyo de una docena de intendentes para que empiece a \"caminar la provincia\". El intendente, uno de los principales referentes del peronismo \"dialoguista\" en la provincia, reuni\u00f3 hoy\u2026","rel":"","context":"En \u00abProvincia\u00bb","block_context":{"text":"Provincia","link":"http:\/\/www.24baires.com\/?cat=40"},"img":{"alt_text":"","src":"https:\/\/i0.wp.com\/www.24baires.com\/wp-content\/uploads\/2018\/06\/insaurralde-300x200.jpg?resize=350%2C200","width":350,"height":200},"classes":[]},{"id":22400,"url":"http:\/\/www.24baires.com\/?p=22400","url_meta":{"origin":56470,"position":4},"title":"Inauguran una Polic\u00eda de la Mujer en Guamin\u00ed","author":"AF","date":"02\/05\/2013","format":false,"excerpt":"El pr\u00f3ximo viernes 3 de mayo se pondr\u00e1 en funcionamiento la Comisar\u00eda de la Mujer y la Familia del municipio de Guamin\u00ed. El intendente de Guamin\u00ed, N\u00e9stor \u00c1lvarez, junto a la subsecretaria de Planificaci\u00f3n del ministerio de Justicia y Seguridad, Silvia La Ruffa, ser\u00e1n los encargados de encabezar el acto\u2026","rel":"","context":"En \u00abLocales\u00bb","block_context":{"text":"Locales","link":"http:\/\/www.24baires.com\/?cat=38"},"img":{"alt_text":"","src":"","width":0,"height":0},"classes":[]},{"id":16418,"url":"http:\/\/www.24baires.com\/?p=16418","url_meta":{"origin":56470,"position":5},"title":"Guamin\u00ed y Benito Ju\u00e1rez: Arrieta acord\u00f3 el fortalecimiento de pol\u00edticas agropecuarias","author":"AF","date":"22\/02\/2013","format":false,"excerpt":"El ministro de Asuntos Agrarios de la Provincia de Buenos Aires, Gustavo Arrieta, se reuni\u00f3 en La Plata con los intendentes de Guamin\u00ed, N\u00e9stor Alvarez, y de Saavedra, Hugo Corvatta, con quienes acord\u00f3 fortalecer y consolidar las l\u00edneas de acci\u00f3n planteadas en 2012 para esos municipios. Se contempla continuar con\u2026","rel":"","context":"En \u00abLocales\u00bb","block_context":{"text":"Locales","link":"http:\/\/www.24baires.com\/?cat=38"},"img":{"alt_text":"","src":"","width":0,"height":0},"classes":[]}],"jetpack_sharing_enabled":true,"jetpack_likes_enabled":true,"jetpack_featured_media_url":"","_links":{"self":[{"href":"http:\/\/www.24baires.com\/index.php?rest_route=\/wp\/v2\/posts\/56470","targetHints":{"allow":["GET"]}}],"collection":[{"href":"http:\/\/www.24baires.com\/index.php?rest_route=\/wp\/v2\/posts"}],"about":[{"href":"http:\/\/www.24baires.com\/index.php?rest_route=\/wp\/v2\/types\/post"}],"author":[{"embeddable":true,"href":"http:\/\/www.24baires.com\/index.php?rest_route=\/wp\/v2\/users\/4"}],"replies":[{"embeddable":true,"href":"http:\/\/www.24baires.com\/index.php?rest_route=%2Fwp%2Fv2%2Fcomments&post=56470"}],"version-history":[{"count":1,"href":"http:\/\/www.24baires.com\/index.php?rest_route=\/wp\/v2\/posts\/56470\/revisions"}],"predecessor-version":[{"id":56471,"href":"http:\/\/www.24baires.com\/index.php?rest_route=\/wp\/v2\/posts\/56470\/revisions\/56471"}],"wp:attachment":[{"href":"http:\/\/www.24baires.com\/index.php?rest_route=%2Fwp%2Fv2%2Fmedia&parent=56470"}],"wp:term":[{"taxonomy":"category","embeddable":true,"href":"http:\/\/www.24baires.com\/index.php?rest_route=%2Fwp%2Fv2%2Fcategories&post=56470"},{"taxonomy":"post_tag","embeddable":true,"href":"http:\/\/www.24baires.com\/index.php?rest_route=%2Fwp%2Fv2%2Ftags&post=56470"}],"curies":[{"name":"wp","href":"https:\/\/api.w.org\/{rel}","templated":true}]}}