{"id":56462,"date":"2014-11-03T09:30:51","date_gmt":"2014-11-03T12:30:51","guid":{"rendered":"http:\/\/www.24baires.com\/?p=56462"},"modified":"2014-11-04T10:08:13","modified_gmt":"2014-11-04T13:08:13","slug":"parece-que-existiera-un-acuerdo-tacito-entre-algunos-miembros-de-la-corte-con-la-oposicion","status":"publish","type":"post","link":"http:\/\/www.24baires.com\/?p=56462","title":{"rendered":"\u201cParece que existiera un acuerdo t\u00e1cito entre algunos miembros de la Corte con la oposici\u00f3n\u201d"},"content":{"rendered":"<p><img data-recalc-dims=\"1\" loading=\"lazy\" decoding=\"async\" class=\"aligncenter size-full wp-image-53421\" src=\"https:\/\/i0.wp.com\/www.24baires.com\/wp-content\/uploads\/2014\/09\/capitanich-4.jpg?resize=560%2C313\" alt=\"capitanich 4\" width=\"560\" height=\"313\" srcset=\"https:\/\/i0.wp.com\/www.24baires.com\/wp-content\/uploads\/2014\/09\/capitanich-4.jpg?w=560 560w, https:\/\/i0.wp.com\/www.24baires.com\/wp-content\/uploads\/2014\/09\/capitanich-4.jpg?resize=300%2C167 300w\" sizes=\"auto, (max-width: 560px) 100vw, 560px\" \/>El jefe de Gabinete afirm\u00f3 que \u201cparece que existiera un acuerdo t\u00e1cito\u201d para impedir el nombramiento de miembros en el m\u00e1ximo tribunal y record\u00f3 que el \u201cPoder Judicial tiene el mayor presupuesto de su historia\u201d.<!--more--><\/p>\n<p>\u00abPareciera que hay un acuerdo t\u00e1cito entre algunos miembros de la Corte con la oposic\u00f3n para impedir la designaci\u00f3n de nuevos miembros. Corresponde que el Poder Ejecutivo cubra la vacante en el marco de la calidad institucional y m\u00e1xime teniendo en cuenta la acci\u00f3n de este gobierno\u00bb en materia de Justicia, dijo Capitanich en rueda de prensa en Casa de Gobierno.<\/p>\n<p>En ese marco, el jefe de Gabinete se\u00f1al\u00f3 que se \u00abobserva con mucha preocupaci\u00f3n lo que la oposici\u00f3n pol\u00edtica env\u00eda como mensaje\u00bb.<\/p>\n<p>El funcionario precis\u00f3 que \u00abde acuerdo con la Constituci\u00f3n, corresponde al PE enviar el pliego propuesto al Senado, y existe un plazo de 30 d\u00edas desde el momento en que se produzca la vacante\u00bb.<\/p>\n<p>Como la fecha de renuncia de Zafaroni qued\u00f3 establecida a partir del 31 de diciembre, el gobierno nacional tendr\u00e1 -a partir del 1 de enero de 2015- un plazo de 30 d\u00edas para enviar al Senado la propuesta correspondiente.<\/p>\n<p>\u00abLos mismos que pregonan calidad institucional y atacan sistem\u00e1ticamente al gobierno son los que demuestran una estrategia para alterar la calidad institucional. La Corte debe funcionar con cinco miembros\u00bb, ratific\u00f3 el ministro coordinador.<\/p>\n<p>En tanto, Capitanich reiter\u00f3 que la justicia argentina \u00abtiene el mayor presupuesto de la historia\u00bb, y que la Corte Suprema \u00abpercibe una tasa de justicia, no redistribuye esos ingresos en el Consejo de la Magistratura y le pretende echar la culpa al gobierno por retrasos en los pagos a los empleados\u00bb.<\/p>\n<p>\u00abLa posici\u00f3n del gobierno nacional es muy clara: garantizar la independencia del Poder Judicial, pero no prestarnos al juego perverso de algunos de sus miembros\u00bb, concluy\u00f3.<\/p>\n","protected":false},"excerpt":{"rendered":"<p>El jefe de Gabinete afirm\u00f3 que \u201cparece que existiera un acuerdo t\u00e1cito\u201d para impedir el nombramiento de miembros en el m\u00e1ximo tribunal y record\u00f3 que el \u201cPoder Judicial tiene el mayor presupuesto de su historia\u201d.<\/p>\n","protected":false},"author":4,"featured_media":0,"comment_status":"open","ping_status":"open","sticky":false,"template":"","format":"standard","meta":{"_jetpack_newsletter_access":"","_jetpack_dont_email_post_to_subs":false,"_jetpack_newsletter_tier_id":0,"_jetpack_memberships_contains_paywalled_content":false,"_jetpack_memberships_contains_paid_content":false,"footnotes":""},"categories":[51],"tags":[],"class_list":["post-56462","post","type-post","status-publish","format-standard","hentry","category-politica"],"jetpack_shortlink":"https:\/\/wp.me\/p2JWE0-eGG","jetpack-related-posts":[{"id":102144,"url":"http:\/\/www.24baires.com\/?p=102144","url_meta":{"origin":56462,"position":0},"title":"Pe\u00f1a adelant\u00f3 que el Gobierno quiere un \u201cgran acuerdo\u201d con la oposici\u00f3n","author":"GB","date":"15\/05\/2018","format":false,"excerpt":"Lo blanque\u00f3 el Jefe de Gabinete, Marcos Pe\u00f1a, luego de una reuni\u00f3n con todos los ministros en Casa Rosada. La idea es que se plasme en un proyecto de Presupuesto \u201cconsensuado\u201d para 2019. El antecedente de Eduardo Duhalde en 2002. Esta ma\u00f1ana, el jefe de Gabinete, Marcos Pe\u00f1a, sorprendi\u00f3 al\u2026","rel":"","context":"En \u00abEconom\u00eda\u00bb","block_context":{"text":"Econom\u00eda","link":"http:\/\/www.24baires.com\/?cat=45"},"img":{"alt_text":"","src":"https:\/\/i0.wp.com\/www.24baires.com\/wp-content\/uploads\/2018\/05\/pe%C3%B1a.jpg?resize=350%2C200","width":350,"height":200,"srcset":"https:\/\/i0.wp.com\/www.24baires.com\/wp-content\/uploads\/2018\/05\/pe%C3%B1a.jpg?resize=350%2C200 1x, https:\/\/i0.wp.com\/www.24baires.com\/wp-content\/uploads\/2018\/05\/pe%C3%B1a.jpg?resize=525%2C300 1.5x"},"classes":[]},{"id":117827,"url":"http:\/\/www.24baires.com\/?p=117827","url_meta":{"origin":56462,"position":1},"title":"\u00abLa campa\u00f1a de vacunaci\u00f3n es m\u00e1s importante que la campa\u00f1a electoral\u00bb","author":"AF","date":"08\/07\/2021","format":false,"excerpt":"Durante el informe de gesti\u00f3n ante la C\u00e1mara baja, el jefe de Gabinete hizo referencia a los signos de reactivaci\u00f3n econ\u00f3mica, destac\u00f3 la campa\u00f1a de vacunaci\u00f3n que lleva adelante el Gobierno y anunci\u00f3 la firma de un acuerdo con el laboratorio Moderna. El jefe del Gabinete, Santiago Cafiero, subray\u00f3 que\u2026","rel":"","context":"En \u00abPol\u00edtica\u00bb","block_context":{"text":"Pol\u00edtica","link":"http:\/\/www.24baires.com\/?cat=51"},"img":{"alt_text":"","src":"https:\/\/i0.wp.com\/www.24baires.com\/wp-content\/uploads\/2021\/05\/609ace614d0e9_1004x565.jpg?resize=350%2C200","width":350,"height":200,"srcset":"https:\/\/i0.wp.com\/www.24baires.com\/wp-content\/uploads\/2021\/05\/609ace614d0e9_1004x565.jpg?resize=350%2C200 1x, https:\/\/i0.wp.com\/www.24baires.com\/wp-content\/uploads\/2021\/05\/609ace614d0e9_1004x565.jpg?resize=525%2C300 1.5x"},"classes":[]},{"id":104759,"url":"http:\/\/www.24baires.com\/?p=104759","url_meta":{"origin":56462,"position":2},"title":"Pe\u00f1a ratific\u00f3 el Presupuesto y rechaz\u00f3 las cr\u00edticas","author":"AF","date":"03\/10\/2018","format":false,"excerpt":"Durante su primera aparici\u00f3n p\u00fablica tras la reestructuraci\u00f3n del gabinete y la firma del segundo acuerdo con el FMI en menos de tres meses, el ministro coordinador de la alianza gobernante rechaz\u00f3 reformular la iniciativa oficial. El ex ministro de Econom\u00eda Axel Kicillof, por su parte, advirti\u00f3 que el presupuesto\u2026","rel":"","context":"En \u00abPol\u00edtica\u00bb","block_context":{"text":"Pol\u00edtica","link":"http:\/\/www.24baires.com\/?cat=51"},"img":{"alt_text":"","src":"https:\/\/i0.wp.com\/www.24baires.com\/wp-content\/uploads\/2018\/05\/pe%C3%B1a.jpg?resize=350%2C200","width":350,"height":200,"srcset":"https:\/\/i0.wp.com\/www.24baires.com\/wp-content\/uploads\/2018\/05\/pe%C3%B1a.jpg?resize=350%2C200 1x, https:\/\/i0.wp.com\/www.24baires.com\/wp-content\/uploads\/2018\/05\/pe%C3%B1a.jpg?resize=525%2C300 1.5x"},"classes":[]},{"id":117683,"url":"http:\/\/www.24baires.com\/?p=117683","url_meta":{"origin":56462,"position":3},"title":"Cafiero: \u00abEl Presidente se la juega por salvar vidas y la oposici\u00f3n politiza la pandemia\u00bb","author":"AF","date":"03\/06\/2021","format":false,"excerpt":"El Jefe de Gabinete respondi\u00f3 preguntas ante el pleno de la C\u00e1mara de Senadores e inst\u00f3 a no hacer pol\u00edtica con la pandemia. En el marco de su informe ante el cuerpo legislativo El jefe de Gabinete de Ministros,responsabiliz\u00f3 a la oposici\u00f3n de \"partidizar\" la situaci\u00f3n sanitaria en medio de\u2026","rel":"","context":"En \u00abPol\u00edtica\u00bb","block_context":{"text":"Pol\u00edtica","link":"http:\/\/www.24baires.com\/?cat=51"},"img":{"alt_text":"","src":"https:\/\/i0.wp.com\/www.24baires.com\/wp-content\/uploads\/2021\/05\/609ace614d0e9_1004x565.jpg?resize=350%2C200","width":350,"height":200,"srcset":"https:\/\/i0.wp.com\/www.24baires.com\/wp-content\/uploads\/2021\/05\/609ace614d0e9_1004x565.jpg?resize=350%2C200 1x, https:\/\/i0.wp.com\/www.24baires.com\/wp-content\/uploads\/2021\/05\/609ace614d0e9_1004x565.jpg?resize=525%2C300 1.5x"},"classes":[]},{"id":108009,"url":"http:\/\/www.24baires.com\/?p=108009","url_meta":{"origin":56462,"position":4},"title":"\u00abEs imposible que Cristina firme este acuerdo\u00bb","author":"GB","date":"07\/05\/2019","format":false,"excerpt":"El ex jefe de Gabinete de CFK y actual aliado cuestion\u00f3 con dureza el acuerdo de Cambiemos. \"El Gobierno quiere corresponsabilizar a toda la oposici\u00f3n por las malas pol\u00edticas de ellos\", alert\u00f3 por C5N. La ex presidenta Cristina Kirchner no se sumar\u00e1 al pedido electoralista de \"consenso\" que plante\u00f3 el\u2026","rel":"","context":"En \u00abPol\u00edtica\u00bb","block_context":{"text":"Pol\u00edtica","link":"http:\/\/www.24baires.com\/?cat=51"},"img":{"alt_text":"","src":"https:\/\/i0.wp.com\/www.24baires.com\/wp-content\/uploads\/2018\/11\/cristina.jpg?resize=350%2C200","width":350,"height":200,"srcset":"https:\/\/i0.wp.com\/www.24baires.com\/wp-content\/uploads\/2018\/11\/cristina.jpg?resize=350%2C200 1x, https:\/\/i0.wp.com\/www.24baires.com\/wp-content\/uploads\/2018\/11\/cristina.jpg?resize=525%2C300 1.5x"},"classes":[]},{"id":94672,"url":"http:\/\/www.24baires.com\/?p=94672","url_meta":{"origin":56462,"position":5},"title":"El Gobierno volver\u00e1 a reunirse con docentes para discutir salarios","author":"AF","date":"22\/05\/2017","format":false,"excerpt":"El Gobierno bonaerense volver\u00e1 a sentarse a negociar salarios con los gremios docentes esta semana, aunque sin d\u00eda confirmado, tras un impase de m\u00e1s de veinte d\u00edas, y si bien mostr\u00f3 voluntad de dialogar \u201chasta ponerse \u201cde acuerdo\u201d, dej\u00f3 en claro que seguir\u00e1 con los descuentos por los d\u00edas de\u2026","rel":"","context":"En \u00abSociedad\u00bb","block_context":{"text":"Sociedad","link":"http:\/\/www.24baires.com\/?cat=1"},"img":{"alt_text":"","src":"https:\/\/i0.wp.com\/www.24baires.com\/wp-content\/uploads\/2017\/03\/marcha-federal-docente.jpg?resize=350%2C200","width":350,"height":200,"srcset":"https:\/\/i0.wp.com\/www.24baires.com\/wp-content\/uploads\/2017\/03\/marcha-federal-docente.jpg?resize=350%2C200 1x, https:\/\/i0.wp.com\/www.24baires.com\/wp-content\/uploads\/2017\/03\/marcha-federal-docente.jpg?resize=525%2C300 1.5x"},"classes":[]}],"jetpack_sharing_enabled":true,"jetpack_likes_enabled":true,"jetpack_featured_media_url":"","_links":{"self":[{"href":"http:\/\/www.24baires.com\/index.php?rest_route=\/wp\/v2\/posts\/56462","targetHints":{"allow":["GET"]}}],"collection":[{"href":"http:\/\/www.24baires.com\/index.php?rest_route=\/wp\/v2\/posts"}],"about":[{"href":"http:\/\/www.24baires.com\/index.php?rest_route=\/wp\/v2\/types\/post"}],"author":[{"embeddable":true,"href":"http:\/\/www.24baires.com\/index.php?rest_route=\/wp\/v2\/users\/4"}],"replies":[{"embeddable":true,"href":"http:\/\/www.24baires.com\/index.php?rest_route=%2Fwp%2Fv2%2Fcomments&post=56462"}],"version-history":[{"count":1,"href":"http:\/\/www.24baires.com\/index.php?rest_route=\/wp\/v2\/posts\/56462\/revisions"}],"predecessor-version":[{"id":56463,"href":"http:\/\/www.24baires.com\/index.php?rest_route=\/wp\/v2\/posts\/56462\/revisions\/56463"}],"wp:attachment":[{"href":"http:\/\/www.24baires.com\/index.php?rest_route=%2Fwp%2Fv2%2Fmedia&parent=56462"}],"wp:term":[{"taxonomy":"category","embeddable":true,"href":"http:\/\/www.24baires.com\/index.php?rest_route=%2Fwp%2Fv2%2Fcategories&post=56462"},{"taxonomy":"post_tag","embeddable":true,"href":"http:\/\/www.24baires.com\/index.php?rest_route=%2Fwp%2Fv2%2Ftags&post=56462"}],"curies":[{"name":"wp","href":"https:\/\/api.w.org\/{rel}","templated":true}]}}