{"id":56459,"date":"2014-11-02T22:10:07","date_gmt":"2014-11-03T01:10:07","guid":{"rendered":"http:\/\/www.24baires.com\/?p=56459"},"modified":"2014-11-02T22:10:07","modified_gmt":"2014-11-03T01:10:07","slug":"internaron-a-cristina-en-el-sanatorio-otamendi-por-un-cuadro-febril","status":"publish","type":"post","link":"http:\/\/www.24baires.com\/?p=56459","title":{"rendered":"Internaron a Cristina en el Sanatorio Otamendi por un cuadro febril"},"content":{"rendered":"<p><img data-recalc-dims=\"1\" loading=\"lazy\" decoding=\"async\" class=\"aligncenter size-full wp-image-54636\" src=\"https:\/\/i0.wp.com\/www.24baires.com\/wp-content\/uploads\/2014\/10\/cristina23.jpg?resize=560%2C280\" alt=\"cristina23\" width=\"560\" height=\"280\" srcset=\"https:\/\/i0.wp.com\/www.24baires.com\/wp-content\/uploads\/2014\/10\/cristina23.jpg?w=560 560w, https:\/\/i0.wp.com\/www.24baires.com\/wp-content\/uploads\/2014\/10\/cristina23.jpg?resize=300%2C150 300w\" sizes=\"auto, (max-width: 560px) 100vw, 560px\" \/>La Unidad m\u00e9dica presidencial inform\u00f3 que la mandataria \u00abpresenta un cuadro febril infecciooso\u00bb y que \u00abdebido a ello se decidi\u00f3 su internaci\u00f3n para estudio y control\u00bb.<!--more--><\/p>\n<p>La presidenta Cristina Fern\u00e1ndez de Kirchner fue internada en el sanatorio Otamendi por presentar un \u00abcuadro febril infeccioso\u00bb, inform\u00f3 esta noche la Unidad M\u00e9dica Presidencial.<\/p>\n<p>\u00abDesde la tarde de hoy, la se\u00f1ora presidenta de la Naci\u00f3n, dra., Cristina Fern\u00e1ndez de Kirchner presenta un cuadro febril infeccioso. Debido a ello se decidi\u00f3 su internaci\u00f3n en el sanatorio Otamendi para estudio y tratamiento\u00bb, se\u00f1al\u00f3 un comunicado firmado por los doctores Marcelo Ballesteros y Ricardo Solla.<\/p>\n","protected":false},"excerpt":{"rendered":"<p>La Unidad m\u00e9dica presidencial inform\u00f3 que la mandataria \u00abpresenta un cuadro febril infecciooso\u00bb y que \u00abdebido a ello se decidi\u00f3 su internaci\u00f3n para estudio y control\u00bb.<\/p>\n","protected":false},"author":8,"featured_media":0,"comment_status":"open","ping_status":"open","sticky":false,"template":"","format":"standard","meta":{"_jetpack_newsletter_access":"","_jetpack_dont_email_post_to_subs":false,"_jetpack_newsletter_tier_id":0,"_jetpack_memberships_contains_paywalled_content":false,"_jetpack_memberships_contains_paid_content":false,"footnotes":""},"categories":[51],"tags":[],"class_list":["post-56459","post","type-post","status-publish","format-standard","hentry","category-politica"],"jetpack_shortlink":"https:\/\/wp.me\/p2JWE0-eGD","jetpack-related-posts":[{"id":56522,"url":"http:\/\/www.24baires.com\/?p=56522","url_meta":{"origin":56459,"position":0},"title":"Nuevo parte de Cristina confirma sigmoiditis","author":"Grupo Sierra","date":"03\/11\/2014","format":false,"excerpt":"La Unidad M\u00e9dica Presidencial emiti\u00f3 un nuevo comunicado sobre la salud de la mandataria en el que informa que sufre un cuadro fabril infeccioso producto de una sigmoiditis. La jefa de Estado se encuentra estable y permanecer\u00e1 internada en el sanatorio Otamendi. La presidenta Cristina Fern\u00e1ndez de Kirchner cursa el\u2026","rel":"","context":"En \u00abGeneral\u00bb","block_context":{"text":"General","link":"http:\/\/www.24baires.com\/?cat=67"},"img":{"alt_text":"vuelta cristina","src":"https:\/\/i0.wp.com\/www.24baires.com\/wp-content\/uploads\/2013\/11\/vuelta-cristina.jpg?resize=350%2C200","width":350,"height":200,"srcset":"https:\/\/i0.wp.com\/www.24baires.com\/wp-content\/uploads\/2013\/11\/vuelta-cristina.jpg?resize=350%2C200 1x, https:\/\/i0.wp.com\/www.24baires.com\/wp-content\/uploads\/2013\/11\/vuelta-cristina.jpg?resize=525%2C300 1.5x"},"classes":[]},{"id":56828,"url":"http:\/\/www.24baires.com\/?p=56828","url_meta":{"origin":56459,"position":1},"title":"Le dieron el alta a Cristina Kirchner","author":"GB","date":"09\/11\/2014","format":false,"excerpt":"Tras una semana internada en el sanatorio Otamendi, la Presidente fue dada de alta y deber\u00e1 descansar unos d\u00edas antes de volver a las actividades normales. Tras cumplir hoy una semana de internaci\u00f3n en una cl\u00ednica del barrio de Balvanera bajo tratamiento antibi\u00f3tico por presentar un cuadro de sigmoiditis, la\u2026","rel":"","context":"En \u00abPol\u00edtica\u00bb","block_context":{"text":"Pol\u00edtica","link":"http:\/\/www.24baires.com\/?cat=51"},"img":{"alt_text":"vuelta cristina","src":"https:\/\/i0.wp.com\/www.24baires.com\/wp-content\/uploads\/2013\/11\/vuelta-cristina.jpg?resize=350%2C200","width":350,"height":200,"srcset":"https:\/\/i0.wp.com\/www.24baires.com\/wp-content\/uploads\/2013\/11\/vuelta-cristina.jpg?resize=350%2C200 1x, https:\/\/i0.wp.com\/www.24baires.com\/wp-content\/uploads\/2013\/11\/vuelta-cristina.jpg?resize=525%2C300 1.5x"},"classes":[]},{"id":56809,"url":"http:\/\/www.24baires.com\/?p=56809","url_meta":{"origin":56459,"position":2},"title":"Nuevo parte m\u00e9dico de Cristina: \u00abPresenta buena evoluci\u00f3n cl\u00ednica\u00bb","author":"GB","date":"09\/11\/2014","format":false,"excerpt":"La presidenta Cristina Fern\u00e1ndez de Kirchner \u201cpresenta buena evoluci\u00f3n cl\u00ednica e imagenol\u00f3gica\u201d, al cumplirse su sexto d\u00eda de internaci\u00f3n en el sanatorio Otamendi, seg\u00fan se indic\u00f3 en un nuevo parte m\u00e9dico firmado por los integrantes de la unidad m\u00e9dica presidencial. \u201cLa se\u00f1ora Presidenta de la Naci\u00f3n, Doctora Cristina Fern\u00e1ndez de\u2026","rel":"","context":"En \u00abPol\u00edtica\u00bb","block_context":{"text":"Pol\u00edtica","link":"http:\/\/www.24baires.com\/?cat=51"},"img":{"alt_text":"cristina rating 2","src":"https:\/\/i0.wp.com\/www.24baires.com\/wp-content\/uploads\/2014\/06\/cristina-rating-2.jpg?resize=350%2C200","width":350,"height":200,"srcset":"https:\/\/i0.wp.com\/www.24baires.com\/wp-content\/uploads\/2014\/06\/cristina-rating-2.jpg?resize=350%2C200 1x, https:\/\/i0.wp.com\/www.24baires.com\/wp-content\/uploads\/2014\/06\/cristina-rating-2.jpg?resize=525%2C300 1.5x"},"classes":[]},{"id":58307,"url":"http:\/\/www.24baires.com\/?p=58307","url_meta":{"origin":56459,"position":3},"title":"Florencia Kirchner se encuentra en buen estado y fue dada de alta","author":"Grupo Sierra","date":"08\/12\/2014","format":false,"excerpt":"La hija de la Presidenta, pas\u00f3 la noche en la Fundaci\u00f3n Favaloro. La Unidad M\u00e9dica Presidencial no inform\u00f3 los motivos por los cuales la joven de 24 a\u00f1os estuvo internada. Los m\u00f3viles de televisi\u00f3n registraron hoy la salida del auto oficial en el que suele trasladarse la jefa de Estado.\u2026","rel":"","context":"En \u00abGeneral\u00bb","block_context":{"text":"General","link":"http:\/\/www.24baires.com\/?cat=67"},"img":{"alt_text":"florencia kirchner","src":"https:\/\/i0.wp.com\/www.24baires.com\/wp-content\/uploads\/2013\/04\/florencia-kirchner.jpg?resize=350%2C200","width":350,"height":200,"srcset":"https:\/\/i0.wp.com\/www.24baires.com\/wp-content\/uploads\/2013\/04\/florencia-kirchner.jpg?resize=350%2C200 1x, https:\/\/i0.wp.com\/www.24baires.com\/wp-content\/uploads\/2013\/04\/florencia-kirchner.jpg?resize=525%2C300 1.5x"},"classes":[]},{"id":57440,"url":"http:\/\/www.24baires.com\/?p=57440","url_meta":{"origin":56459,"position":4},"title":"Cristina recibi\u00f3 en Olivos a Kicillof y Zannini","author":"GB","date":"20\/11\/2014","format":false,"excerpt":"La Presidenta mantuvo un encuentro en horas de la ma\u00f1ana con el ministro de Econom\u00eda y el secretario de Legal y T\u00e9cnica en el que abordaron diferentes temas de la agenda gubernamental. La reuni\u00f3n se realiz\u00f3 en la residencia presidencial de Olivos, donde Cristina completa su recuperaci\u00f3n por indicaci\u00f3n m\u00e9dica,\u2026","rel":"","context":"En \u00abPol\u00edtica\u00bb","block_context":{"text":"Pol\u00edtica","link":"http:\/\/www.24baires.com\/?cat=51"},"img":{"alt_text":"cristina kicillof","src":"https:\/\/i0.wp.com\/www.24baires.com\/wp-content\/uploads\/2014\/08\/cristina-kicillof.jpg?resize=350%2C200","width":350,"height":200,"srcset":"https:\/\/i0.wp.com\/www.24baires.com\/wp-content\/uploads\/2014\/08\/cristina-kicillof.jpg?resize=350%2C200 1x, https:\/\/i0.wp.com\/www.24baires.com\/wp-content\/uploads\/2014\/08\/cristina-kicillof.jpg?resize=525%2C300 1.5x"},"classes":[]},{"id":112815,"url":"http:\/\/www.24baires.com\/?p=112815","url_meta":{"origin":56459,"position":5},"title":"Alberto cruz\u00f3 a Pe\u00f1a por una fake news sobre su salud","author":"GB","date":"01\/11\/2019","format":false,"excerpt":"\"Que deje de gastar los pocos d\u00f3lares que todav\u00eda no dilapidaron en instalar noticias falsas por las redes\", lanz\u00f3 el presidente electo, quien desminti\u00f3 que est\u00e9 internado en el sanatorio Otamendi El presidente electo Alberto Fern\u00e1ndez despej\u00f3 los falsos rumores que circularon sobre una supuesta internaci\u00f3n por problemas de salud\u2026","rel":"","context":"En \u00abPol\u00edtica\u00bb","block_context":{"text":"Pol\u00edtica","link":"http:\/\/www.24baires.com\/?cat=51"},"img":{"alt_text":"","src":"https:\/\/i0.wp.com\/www.24baires.com\/wp-content\/uploads\/2019\/11\/pe%C3%B1a-alberto.jpg?resize=350%2C200","width":350,"height":200,"srcset":"https:\/\/i0.wp.com\/www.24baires.com\/wp-content\/uploads\/2019\/11\/pe%C3%B1a-alberto.jpg?resize=350%2C200 1x, https:\/\/i0.wp.com\/www.24baires.com\/wp-content\/uploads\/2019\/11\/pe%C3%B1a-alberto.jpg?resize=525%2C300 1.5x"},"classes":[]}],"jetpack_sharing_enabled":true,"jetpack_likes_enabled":true,"jetpack_featured_media_url":"","_links":{"self":[{"href":"http:\/\/www.24baires.com\/index.php?rest_route=\/wp\/v2\/posts\/56459","targetHints":{"allow":["GET"]}}],"collection":[{"href":"http:\/\/www.24baires.com\/index.php?rest_route=\/wp\/v2\/posts"}],"about":[{"href":"http:\/\/www.24baires.com\/index.php?rest_route=\/wp\/v2\/types\/post"}],"author":[{"embeddable":true,"href":"http:\/\/www.24baires.com\/index.php?rest_route=\/wp\/v2\/users\/8"}],"replies":[{"embeddable":true,"href":"http:\/\/www.24baires.com\/index.php?rest_route=%2Fwp%2Fv2%2Fcomments&post=56459"}],"version-history":[{"count":1,"href":"http:\/\/www.24baires.com\/index.php?rest_route=\/wp\/v2\/posts\/56459\/revisions"}],"predecessor-version":[{"id":56460,"href":"http:\/\/www.24baires.com\/index.php?rest_route=\/wp\/v2\/posts\/56459\/revisions\/56460"}],"wp:attachment":[{"href":"http:\/\/www.24baires.com\/index.php?rest_route=%2Fwp%2Fv2%2Fmedia&parent=56459"}],"wp:term":[{"taxonomy":"category","embeddable":true,"href":"http:\/\/www.24baires.com\/index.php?rest_route=%2Fwp%2Fv2%2Fcategories&post=56459"},{"taxonomy":"post_tag","embeddable":true,"href":"http:\/\/www.24baires.com\/index.php?rest_route=%2Fwp%2Fv2%2Ftags&post=56459"}],"curies":[{"name":"wp","href":"https:\/\/api.w.org\/{rel}","templated":true}]}}