{"id":56442,"date":"2014-11-02T17:00:38","date_gmt":"2014-11-02T20:00:38","guid":{"rendered":"http:\/\/www.24baires.com\/?p=56442"},"modified":"2014-11-02T16:53:15","modified_gmt":"2014-11-02T19:53:15","slug":"el-senado-comenzara-a-debatir-esta-semana-el-proyecto-argentina-digital","status":"publish","type":"post","link":"http:\/\/www.24baires.com\/?p=56442","title":{"rendered":"El Senado comenzar\u00e1 a debatir esta semana el proyecto Argentina Digital"},"content":{"rendered":"<p><img data-recalc-dims=\"1\" loading=\"lazy\" decoding=\"async\" class=\"alignleft size-full wp-image-30945\" src=\"https:\/\/i0.wp.com\/www.24baires.com\/wp-content\/uploads\/2013\/08\/Senado.jpg?resize=320%2C213\" alt=\"Senado\" width=\"320\" height=\"213\" srcset=\"https:\/\/i0.wp.com\/www.24baires.com\/wp-content\/uploads\/2013\/08\/Senado.jpg?w=320 320w, https:\/\/i0.wp.com\/www.24baires.com\/wp-content\/uploads\/2013\/08\/Senado.jpg?resize=300%2C199 300w\" sizes=\"auto, (max-width: 320px) 100vw, 320px\" \/>El proyecto de ley de telecomunicaciones enviado por el Poder Ejecutivo comenzar\u00e1 a ser analizado en la Comisi\u00f3n de Sistemas, Medios y Comunicaci\u00f3n este martes con la presencia del jefe de Gabinete, Jorge Capitanich; y del ministro de Planificaci\u00f3n Federal, Julio De Vido.<!--more--><\/p>\n<p>El encuentro, que se llevar\u00e1 a cabo desde las 11 en el Sal\u00f3n Azul de la C\u00e1mara alta, contar\u00e1 tambi\u00e9n con la presencia del secretario de Comunicaciones, Norberto Berner, adelant\u00f3 a T\u00e9lam la presidenta de la Comisi\u00f3n, la kirchnerista salte\u00f1a Liliana Fellner.<\/p>\n<p>La intenci\u00f3n del oficialismo es que el Senado apruebe la iniciativa el 26 de noviembre y que el tema llegue ya discutido a Diputados para que sea convertido en ley antes de fin de a\u00f1o, por lo que se descuenta la extensi\u00f3n del per\u00edodo ordinario.<\/p>\n<p>Al mencionar los alcances del proyecto enviado por el Ejecutivo al Senado, Fellner resalt\u00f3 que \u00abel negocio se abre para todos\u00bb y record\u00f3 que \u00abhay una reglamentaci\u00f3n que establece que cualquiera que entre para dar servicios de tecnolog\u00edas de informaci\u00f3n y telecomunicaciones o de comunicaci\u00f3n audiovisual debe cumplir con los mismos criterios y restricciones que cualquiera\u00bb.<\/p>\n<p>\u00abSi bien las telef\u00f3nicas van a poder dar servicios de comunicaci\u00f3n audiovisual, las empresas que hoy brindan comunicaci\u00f3n audiovisual tambi\u00e9n van a poder dar servicios como las telef\u00f3nicas\u00bb, destac\u00f3.<\/p>\n<p>Durante las tres semanas de debate que se prev\u00e9n por delante, Fellner remarc\u00f3 que quiere \u00abescuchar a las cooperativas y a las pymes del interior del pa\u00eds\u00bb porque, \u00abm\u00e1s all\u00e1 de que esta ley est\u00e1 vinculada al usuario y a su derecho a obtener una comunicaci\u00f3n y un servicio universal, uno de los beneficiarios en los que hay que poner mayor \u00e9nfasis es en las cooperativas y las Pymes\u00bb.<\/p>\n<p>\u00abEllos son los que estar\u00e1n presentes muchas veces en lo que se conoce como la &#8216;\u00faltima milla&#8217; que es la relaci\u00f3n directa que existe entre los prestadores y el cliente y es eso lo que se declara como servicio p\u00fablico\u00bb, enfatiz\u00f3.<\/p>\n<p>Fellner denunci\u00f3 que \u00abcuando las cooperativas pretenden subirse a la fibra de las grandes empresas, no pueden hacerlo\u00bb y que \u00abah\u00ed va a estar el rol del Estado como regulador m\u00e1ximo\u00bb.<\/p>\n<p>Por otro lado, la presidenta de la Comisi\u00f3n de Sistemas del Senado puntualiz\u00f3 que \u00abes una novedad declarar como servicio p\u00fablico\u00bb a las tecnolog\u00edas de la informaci\u00f3n y la comunicaci\u00f3n\u00bb, que \u00aba nadie se le hab\u00eda ocurrido esto anteriormente\u00bb y que eso va a generar \u00abmenores costos para el usuario y una mejor calidad de servicio\u00bb.<\/p>\n<p>Finalmente, Fellner destac\u00f3 que en su comisi\u00f3n \u00abse vienen discutiendo temas como este o como la neutralidad en la red desde hace un a\u00f1o y siete meses\u00bb y, aunque reconoci\u00f3 que a partir de ese trabajo se podr\u00edan hacer aportes al proyecto que envi\u00f3 el Ejecutivo, aclar\u00f3 que \u00abno se va a variar el sentido de la Ley que es la defensa del usuario\u00bb.<\/p>\n<p>El proyecto que comenzar\u00e1 a debatirse este martes propone \u00abdeclarar de inter\u00e9s p\u00fablico el desarrollo y la regulaci\u00f3n de las tecnolog\u00edas de la informaci\u00f3n, las comunicaciones y sus recursos asociados\u00bb, garantizando la \u00abcompleta neutralidad de las redes con la finalidad de posibilitar el acceso\u00bb de todos los argentinos \u00aba los servicios de la informaci\u00f3n y las comunicaciones en condiciones sociales y geogr\u00e1ficas equitativas\u00bb.<\/p>\n<p>El proyecto que reemplaza un decreto-Ley del a\u00f1o 1972, firmado durante la dictadura del general Alejandro Lanusse, tiene como objetivo apuntalar la competencia entre empresas de servicios, dado que una firma pyme o una cooperativa que provee internet podr\u00e1 llegar a cualquier hogar del pa\u00eds aunque no tenga infraestructura propia.<\/p>\n<p>&nbsp;<\/p>\n<p>&nbsp;<\/p>\n<p>&nbsp;<\/p>\n<p>&nbsp;<\/p>\n<p>&nbsp;<\/p>\n<p>&nbsp;<\/p>\n<p>&nbsp;<\/p>\n<p>&nbsp;<\/p>\n<p>&nbsp;<\/p>\n<p>&nbsp;<\/p>\n<p>&nbsp;<\/p>\n<p>&nbsp;<\/p>\n","protected":false},"excerpt":{"rendered":"<p>El proyecto de ley de telecomunicaciones enviado por el Poder Ejecutivo comenzar\u00e1 a ser analizado en la Comisi\u00f3n de Sistemas, Medios y Comunicaci\u00f3n este martes con la presencia del jefe de Gabinete, Jorge Capitanich; y del ministro de Planificaci\u00f3n Federal, Julio De Vido.<\/p>\n","protected":false},"author":8,"featured_media":0,"comment_status":"open","ping_status":"open","sticky":false,"template":"","format":"standard","meta":{"_jetpack_newsletter_access":"","_jetpack_dont_email_post_to_subs":false,"_jetpack_newsletter_tier_id":0,"_jetpack_memberships_contains_paywalled_content":false,"_jetpack_memberships_contains_paid_content":false,"footnotes":""},"categories":[51],"tags":[],"class_list":["post-56442","post","type-post","status-publish","format-standard","hentry","category-politica"],"jetpack_shortlink":"https:\/\/wp.me\/p2JWE0-eGm","jetpack-related-posts":[{"id":105352,"url":"http:\/\/www.24baires.com\/?p=105352","url_meta":{"origin":56442,"position":0},"title":"Senadores dieron ingreso al Presupuesto provincial","author":"AF","date":"08\/11\/2018","format":false,"excerpt":"El Senado bonaerense inici\u00f3 hoy formalmente el debate por el Presupuesto y la Ley Impositiva 2019, al dar estado parlamentario a los proyectos enviados por el Ejecutivo. En tanto, la c\u00e1mara alta se autoconvoc\u00f3 a sesiones extraordinarias, lo que marca las expectativas del oficialismo de que el debate se va\u2026","rel":"","context":"En \u00abProvincia\u00bb","block_context":{"text":"Provincia","link":"http:\/\/www.24baires.com\/?cat=40"},"img":{"alt_text":"","src":"https:\/\/i0.wp.com\/www.24baires.com\/wp-content\/uploads\/2017\/07\/senado.jpg?resize=350%2C200","width":350,"height":200,"srcset":"https:\/\/i0.wp.com\/www.24baires.com\/wp-content\/uploads\/2017\/07\/senado.jpg?resize=350%2C200 1x, https:\/\/i0.wp.com\/www.24baires.com\/wp-content\/uploads\/2017\/07\/senado.jpg?resize=525%2C300 1.5x"},"classes":[]},{"id":121288,"url":"http:\/\/www.24baires.com\/?p=121288","url_meta":{"origin":56442,"position":1},"title":"La Ley Bases y el paquete fiscal ingresaron al Senado","author":"GB","date":"03\/05\/2024","format":false,"excerpt":"Diputados gir\u00f3 este jueves por la noche los dos proyectos con media sanci\u00f3n, y ahora el Gobierno podr\u00eda enviar funcionarios a las comisiones. La C\u00e1mara de Diputados envi\u00f3 este jueves al Senado los proyectos impulsados por el Gobierno de Javier Milei de Ley Bases y paquete fiscal, tras la media\u2026","rel":"","context":"En \u00abPol\u00edtica\u00bb","block_context":{"text":"Pol\u00edtica","link":"http:\/\/www.24baires.com\/?cat=51"},"img":{"alt_text":"","src":"https:\/\/i0.wp.com\/www.24baires.com\/wp-content\/uploads\/2024\/05\/senadores-era-milei.webp?resize=350%2C200","width":350,"height":200,"srcset":"https:\/\/i0.wp.com\/www.24baires.com\/wp-content\/uploads\/2024\/05\/senadores-era-milei.webp?resize=350%2C200 1x, https:\/\/i0.wp.com\/www.24baires.com\/wp-content\/uploads\/2024\/05\/senadores-era-milei.webp?resize=525%2C300 1.5x"},"classes":[]},{"id":111892,"url":"http:\/\/www.24baires.com\/?p=111892","url_meta":{"origin":56442,"position":2},"title":"El Gobierno posterga el env\u00edo del proyecto de \u00abreperfilamiento\u00bb de deuda para buscar consenso","author":"AF","date":"02\/09\/2019","format":false,"excerpt":"El senador Federico Pinedo anunci\u00f3 a trav\u00e9s de su cuenta en Twitter la demora del env\u00edo de la iniciativa. Asegur\u00f3 que primero buscar\u00e1n los consensos necesarios con la oposici\u00f3n. El gobierno de Mauricio Macri decidi\u00f3 postergar por el momento el env\u00edo del proyecto de ley para reperfilar los vencimientos de\u2026","rel":"","context":"En \u00abPol\u00edtica\u00bb","block_context":{"text":"Pol\u00edtica","link":"http:\/\/www.24baires.com\/?cat=51"},"img":{"alt_text":"","src":"https:\/\/i0.wp.com\/www.24baires.com\/wp-content\/uploads\/2019\/09\/gobierno.jpg?resize=350%2C200","width":350,"height":200,"srcset":"https:\/\/i0.wp.com\/www.24baires.com\/wp-content\/uploads\/2019\/09\/gobierno.jpg?resize=350%2C200 1x, https:\/\/i0.wp.com\/www.24baires.com\/wp-content\/uploads\/2019\/09\/gobierno.jpg?resize=525%2C300 1.5x"},"classes":[]},{"id":58472,"url":"http:\/\/www.24baires.com\/?p=58472","url_meta":{"origin":56442,"position":3},"title":"Diputados comenz\u00f3 la reuni\u00f3n de comisi\u00f3n para tratar el proyecto Argentina Digital","author":"GB","date":"11\/12\/2014","format":false,"excerpt":"La comisi\u00f3n de Comunicaciones de la C\u00e1mara de Diputados comenz\u00f3 a debatir esta tarde el proyecto de ley de Argentina Digital, que regula las telecomunicaciones fijas y m\u00f3viles, las redes de conexi\u00f3n a internet, la televisi\u00f3n por sat\u00e9lite y por cable, enviado por el Poder Ejecutivo, y que el Senado\u2026","rel":"","context":"En \u00abPol\u00edtica\u00bb","block_context":{"text":"Pol\u00edtica","link":"http:\/\/www.24baires.com\/?cat=51"},"img":{"alt_text":"","src":"","width":0,"height":0},"classes":[]},{"id":103007,"url":"http:\/\/www.24baires.com\/?p=103007","url_meta":{"origin":56442,"position":4},"title":"El Senado votar\u00e1 el aborto legal el pr\u00f3ximo 8 de agosto","author":"AF","date":"26\/06\/2018","format":false,"excerpt":"Esta semana arranc\u00f3 el tratamiento en comisiones y se acord\u00f3 en la reuni\u00f3n de Labor Parlamentaria de este martes entre los jefes de bloques la fecha del tratamiento del proyecto en el recinto. Los jefes de las bancadas del Senado acordaron este martes que la votaci\u00f3n de la ley del\u2026","rel":"","context":"En \u00abSociedad\u00bb","block_context":{"text":"Sociedad","link":"http:\/\/www.24baires.com\/?cat=1"},"img":{"alt_text":"","src":"https:\/\/i0.wp.com\/www.24baires.com\/wp-content\/uploads\/2018\/02\/aborto.jpg?resize=350%2C200","width":350,"height":200,"srcset":"https:\/\/i0.wp.com\/www.24baires.com\/wp-content\/uploads\/2018\/02\/aborto.jpg?resize=350%2C200 1x, https:\/\/i0.wp.com\/www.24baires.com\/wp-content\/uploads\/2018\/02\/aborto.jpg?resize=525%2C300 1.5x"},"classes":[]},{"id":44252,"url":"http:\/\/www.24baires.com\/?p=44252","url_meta":{"origin":56442,"position":5},"title":"Un debate urgente: tratar\u00e1n en el Senado el proyecto contra el trabajo informal","author":"Grupo Sierra","date":"19\/04\/2014","format":false,"excerpt":"Vuelve a escena el proyecto de Ley de Promoci\u00f3n del Trabajo Registrado, cuya discusi\u00f3n comenzar\u00e1 esta semana en el Senado Nacional, luego de que fuera enviado por el Poder Ejecutivo. La busca \"promover el trabajo registrado y profundizar la lucha contra el fraude laboral\", beneficiar\u00eda a casi 300.000 micro empleadores.\u2026","rel":"","context":"En \u00abSociedad\u00bb","block_context":{"text":"Sociedad","link":"http:\/\/www.24baires.com\/?cat=1"},"img":{"alt_text":"Senado1","src":"https:\/\/i0.wp.com\/www.24baires.com\/wp-content\/uploads\/2013\/09\/Senado1-300x190.jpg?resize=350%2C200","width":350,"height":200},"classes":[]}],"jetpack_sharing_enabled":true,"jetpack_likes_enabled":true,"jetpack_featured_media_url":"","_links":{"self":[{"href":"http:\/\/www.24baires.com\/index.php?rest_route=\/wp\/v2\/posts\/56442","targetHints":{"allow":["GET"]}}],"collection":[{"href":"http:\/\/www.24baires.com\/index.php?rest_route=\/wp\/v2\/posts"}],"about":[{"href":"http:\/\/www.24baires.com\/index.php?rest_route=\/wp\/v2\/types\/post"}],"author":[{"embeddable":true,"href":"http:\/\/www.24baires.com\/index.php?rest_route=\/wp\/v2\/users\/8"}],"replies":[{"embeddable":true,"href":"http:\/\/www.24baires.com\/index.php?rest_route=%2Fwp%2Fv2%2Fcomments&post=56442"}],"version-history":[{"count":1,"href":"http:\/\/www.24baires.com\/index.php?rest_route=\/wp\/v2\/posts\/56442\/revisions"}],"predecessor-version":[{"id":56443,"href":"http:\/\/www.24baires.com\/index.php?rest_route=\/wp\/v2\/posts\/56442\/revisions\/56443"}],"wp:attachment":[{"href":"http:\/\/www.24baires.com\/index.php?rest_route=%2Fwp%2Fv2%2Fmedia&parent=56442"}],"wp:term":[{"taxonomy":"category","embeddable":true,"href":"http:\/\/www.24baires.com\/index.php?rest_route=%2Fwp%2Fv2%2Fcategories&post=56442"},{"taxonomy":"post_tag","embeddable":true,"href":"http:\/\/www.24baires.com\/index.php?rest_route=%2Fwp%2Fv2%2Ftags&post=56442"}],"curies":[{"name":"wp","href":"https:\/\/api.w.org\/{rel}","templated":true}]}}