{"id":56422,"date":"2014-11-02T10:13:23","date_gmt":"2014-11-02T13:13:23","guid":{"rendered":"http:\/\/www.24baires.com\/?p=56422"},"modified":"2014-11-02T10:13:23","modified_gmt":"2014-11-02T13:13:23","slug":"cristina-recordo-a-nestor-y-saludo-a-la-militancia-por-twitter","status":"publish","type":"post","link":"http:\/\/www.24baires.com\/?p=56422","title":{"rendered":"Cristina record\u00f3 a N\u00e9stor y salud\u00f3 a la militancia por Twitter"},"content":{"rendered":"<p><img data-recalc-dims=\"1\" loading=\"lazy\" decoding=\"async\" class=\"aligncenter size-full wp-image-47033\" src=\"https:\/\/i0.wp.com\/www.24baires.com\/wp-content\/uploads\/2014\/05\/n%C3%A9stor-cristina.jpg?resize=560%2C394\" alt=\"n\u00e9stor cristina\" width=\"560\" height=\"394\" srcset=\"https:\/\/i0.wp.com\/www.24baires.com\/wp-content\/uploads\/2014\/05\/n%C3%A9stor-cristina.jpg?w=560 560w, https:\/\/i0.wp.com\/www.24baires.com\/wp-content\/uploads\/2014\/05\/n%C3%A9stor-cristina.jpg?resize=300%2C211 300w\" sizes=\"auto, (max-width: 560px) 100vw, 560px\" \/>La presidenta Cristina Fern\u00e1ndez de Kirchner resalt\u00f3 hoy el valor de la miltancia y los \u00abnuevos tiempos\u00bb que vive Argentina, al evocar un episodio ocurrido en 1974 en R\u00edo Gallegos, cuando N\u00e9stor Kirchner fue apresado junto a dos dirigentes radicales que intentaron defenderlo, hecho relatado por la hija de unos los dirigentes en una nota del diario P\u00e1gina 12, al tiempo que cont\u00f3 que le gustar\u00eda conocer a Casey Wonder, el chico de 11 a\u00f1os que \u00abhabl\u00f3 con pasi\u00f3n de sus ideas\u00bb.<!--more--><\/p>\n<p>Cristina evoc\u00f3 aquel hecho en un texto que public\u00f3 en las redes sociales y en su p\u00e1gina oficial, bajo el t\u00edtulo \u00abla edad de la militancia; la edad de la generaci\u00f3n diezmada; la edad de mi hija; la edad de Casey Wander\u00bb, en referencia al chico que, en ocasi\u00f3n del homenaje a N\u00e9stor Kirchner en la ex ESMA, revolucion\u00f3 las redes sociales al difundir una nota en la destac\u00f3 la figura del ex mandatario y algunos de los logros de su gobierno, con un lenguaje poco habitual para su edad edad.<\/p>\n<p>Cristina, poco antes de la medianoche, cont\u00f3 en las redes: \u00abOlivos, pasadas las 10 de la noche. Llueve y no puedo evitar los recuerdos que durante todo el d\u00eda me persiguieron despu\u00e9s de haber le\u00eddo: \u201cLa edad de la militancia\u201d, una nota de opini\u00f3n de Claudia Fern\u00e1ndez Chaparro publicada en P\u00e1gina\/12 (P\u00e1g. 15)\u00bb, del 31 de octubre.<\/p>\n<p>\u00abNo conozco a su autora, pero s\u00ed los hechos relatados, con tanta nitidez como si pudiera verlos y sentirlos en lugar de leerlos\u00bb, dijo en referencia al episodio ocurrido hace 40 a\u00f1os.<\/p>\n<p>Y agreg\u00f3: \u00aben realidad no se trata de suerte. Se trata de otra Argentina. De cambio y nuevos tiempos. De Democracia en serio y a fondo. Irreversible, como le gusta decir a algunos\u00bb.<\/p>\n","protected":false},"excerpt":{"rendered":"<p>La presidenta Cristina Fern\u00e1ndez de Kirchner resalt\u00f3 hoy el valor de la miltancia y los \u00abnuevos tiempos\u00bb que vive Argentina, al evocar un episodio ocurrido en 1974 en R\u00edo Gallegos, cuando N\u00e9stor Kirchner fue apresado junto a dos dirigentes radicales que intentaron defenderlo, hecho relatado por la hija de unos los dirigentes en una nota del diario P\u00e1gina 12, al [&#8230;]<\/p>\n","protected":false},"author":11,"featured_media":0,"comment_status":"open","ping_status":"open","sticky":false,"template":"","format":"standard","meta":{"_jetpack_newsletter_access":"","_jetpack_dont_email_post_to_subs":false,"_jetpack_newsletter_tier_id":0,"_jetpack_memberships_contains_paywalled_content":false,"_jetpack_memberships_contains_paid_content":false,"footnotes":""},"categories":[51],"tags":[],"class_list":["post-56422","post","type-post","status-publish","format-standard","hentry","category-politica"],"jetpack_shortlink":"https:\/\/wp.me\/p2JWE0-eG2","jetpack-related-posts":[{"id":108071,"url":"http:\/\/www.24baires.com\/?p=108071","url_meta":{"origin":56422,"position":0},"title":"CFK present\u00f3 su libro y plante\u00f3 \u00abun contrato social de ciudadan\u00eda responsable\u00bb","author":"AF","date":"10\/05\/2019","format":false,"excerpt":"Cristina Kirchner present\u00f3 su libro ante una multitud reunida dentro y fuera del predio de La Rural. En tono coloquial, dijo que espera \u201cque sirva para el debate\u201d y plante\u00f3 un \u201ccontrato social de ciudadan\u00eda responsable\u201d que impulse el crecimiento econ\u00f3mico a partir del desarrollo del mercado interno. La ex\u2026","rel":"","context":"En \u00abPol\u00edtica\u00bb","block_context":{"text":"Pol\u00edtica","link":"http:\/\/www.24baires.com\/?cat=51"},"img":{"alt_text":"","src":"https:\/\/i0.wp.com\/www.24baires.com\/wp-content\/uploads\/2019\/05\/cristina-sinceramente.jpeg?resize=350%2C200","width":350,"height":200,"srcset":"https:\/\/i0.wp.com\/www.24baires.com\/wp-content\/uploads\/2019\/05\/cristina-sinceramente.jpeg?resize=350%2C200 1x, https:\/\/i0.wp.com\/www.24baires.com\/wp-content\/uploads\/2019\/05\/cristina-sinceramente.jpeg?resize=525%2C300 1.5x"},"classes":[]},{"id":15951,"url":"http:\/\/www.24baires.com\/?p=15951","url_meta":{"origin":56422,"position":1},"title":"Falleci\u00f3 la madre de N\u00e9stor Kirchner","author":"Grupo Sierra","date":"17\/02\/2013","format":false,"excerpt":"La madre del expresidente N\u00e9stor Kirchner y suegra de Cristina Fern\u00e1ndez, Mar\u00eda Ostoic, falleci\u00f3 este domingo, a los 92 a\u00f1os, en una cl\u00ednica porte\u00f1a.\u00a0Tras la muerte de su hijo, en 2010, la suegra de la mandataria Cristina Kirchner hab\u00eda quedado al cuidado de la ministra de Desarrollo Social, Alicia Kirchner,\u2026","rel":"","context":"En \u00abSociedad\u00bb","block_context":{"text":"Sociedad","link":"http:\/\/www.24baires.com\/?cat=1"},"img":{"alt_text":"ostoic maria","src":"https:\/\/i0.wp.com\/www.24baires.com\/wp-content\/uploads\/2013\/02\/ostoic-maria.jpg?resize=350%2C200","width":350,"height":200},"classes":[]},{"id":112783,"url":"http:\/\/www.24baires.com\/?p=112783","url_meta":{"origin":56422,"position":2},"title":"Alberto Fern\u00e1ndez se reunir\u00e1 con Susana Trimarco para impulsar la lucha contra la trata","author":"AF","date":"30\/10\/2019","format":false,"excerpt":"La madre de Marita Ver\u00f3n se reuni\u00f3 con el miembro del equipo de transici\u00f3n Santiago Cafiero y revel\u00f3 que la semana que viene se ver\u00e1 con el presidente electo. El presidente electo, Alberto Fern\u00e1ndez, recibir\u00e1 la semana que viene a Susana Trimarco, madre de Marita Ver\u00f3n, secuestrada en abril de\u2026","rel":"","context":"En \u00abSociedad\u00bb","block_context":{"text":"Sociedad","link":"http:\/\/www.24baires.com\/?cat=1"},"img":{"alt_text":"","src":"https:\/\/i0.wp.com\/www.24baires.com\/wp-content\/uploads\/2015\/07\/trimarco3.jpg?resize=350%2C200","width":350,"height":200,"srcset":"https:\/\/i0.wp.com\/www.24baires.com\/wp-content\/uploads\/2015\/07\/trimarco3.jpg?resize=350%2C200 1x, https:\/\/i0.wp.com\/www.24baires.com\/wp-content\/uploads\/2015\/07\/trimarco3.jpg?resize=525%2C300 1.5x"},"classes":[]},{"id":107773,"url":"http:\/\/www.24baires.com\/?p=107773","url_meta":{"origin":56422,"position":3},"title":"CFK presentar\u00e1 su libro \u00abSinceramente\u00bb","author":"AF","date":"23\/04\/2019","format":false,"excerpt":"La expresidenta lanzar\u00e1 el 26 de abril un texto que no es \"autobiogr\u00e1fico, ni tampoco una enumeraci\u00f3n de logros personales o pol\u00edticos\". \"Mauricio Macri es el caos y por eso creo firmemente que hay que volver a ordenar la Argentina\", se puede leer en un adelanto. La presentaci\u00f3n ser\u00e1 el\u2026","rel":"","context":"En \u00abPol\u00edtica\u00bb","block_context":{"text":"Pol\u00edtica","link":"http:\/\/www.24baires.com\/?cat=51"},"img":{"alt_text":"","src":"https:\/\/i0.wp.com\/www.24baires.com\/wp-content\/uploads\/2019\/04\/libro-cfk.jpg?resize=350%2C200","width":350,"height":200,"srcset":"https:\/\/i0.wp.com\/www.24baires.com\/wp-content\/uploads\/2019\/04\/libro-cfk.jpg?resize=350%2C200 1x, https:\/\/i0.wp.com\/www.24baires.com\/wp-content\/uploads\/2019\/04\/libro-cfk.jpg?resize=525%2C300 1.5x"},"classes":[]},{"id":108246,"url":"http:\/\/www.24baires.com\/?p=108246","url_meta":{"origin":56422,"position":4},"title":"Se confirm\u00f3 la f\u00f3rmula presidencial: Alberto Fern\u00e1ndez &#8211; Cristina Fern\u00e1ndez de Kirchner","author":"AF","date":"18\/05\/2019","format":false,"excerpt":"La ex presidenta anuncio por las redes sociales que acompa\u00f1ar\u00e1 al ex jefe de Gabinete como candidata a vicepresidenta. Reivindic\u00f3 su trabajo al lado de Nestor Kirchner y de ella, Record\u00f3 que \"tuvimos diferencias\" y lo destac\u00f3 en la tarea del rescatar al pa\u00eds del \"drama\" actual. El siguiente video\u2026","rel":"","context":"En \u00abPol\u00edtica\u00bb","block_context":{"text":"Pol\u00edtica","link":"http:\/\/www.24baires.com\/?cat=51"},"img":{"alt_text":"","src":"https:\/\/i0.wp.com\/www.24baires.com\/wp-content\/uploads\/2019\/05\/anibal-y-cristina.jpg?resize=350%2C200","width":350,"height":200,"srcset":"https:\/\/i0.wp.com\/www.24baires.com\/wp-content\/uploads\/2019\/05\/anibal-y-cristina.jpg?resize=350%2C200 1x, https:\/\/i0.wp.com\/www.24baires.com\/wp-content\/uploads\/2019\/05\/anibal-y-cristina.jpg?resize=525%2C300 1.5x"},"classes":[]},{"id":112689,"url":"http:\/\/www.24baires.com\/?p=112689","url_meta":{"origin":56422,"position":5},"title":"Vot\u00f3 Alberto y record\u00f3 a N\u00e9stor: \u201cestoy seguro que me est\u00e1 ayudando\u00bb","author":"GB","date":"27\/10\/2019","format":false,"excerpt":"El candidato a presidente del Frente de Todos emitir\u00e1 su voto en la mesa 68 de la Universidad Cat\u00f3lica Argentina (UCA), en Puerto Madero. En la previa, record\u00f3 a N\u00e9stor Kirchner al cumplirse nueve a\u00f1os de su fallecimiento. El candidato a presidente del Frente de Todos, Alberto Fern\u00e1ndez, emiti\u00f3 su\u2026","rel":"","context":"En \u00abELECCIONES 2019\u00bb","block_context":{"text":"ELECCIONES 2019","link":"http:\/\/www.24baires.com\/?cat=329"},"img":{"alt_text":"","src":"https:\/\/i0.wp.com\/www.24baires.com\/wp-content\/uploads\/2019\/10\/alberto.jpg?resize=350%2C200","width":350,"height":200,"srcset":"https:\/\/i0.wp.com\/www.24baires.com\/wp-content\/uploads\/2019\/10\/alberto.jpg?resize=350%2C200 1x, https:\/\/i0.wp.com\/www.24baires.com\/wp-content\/uploads\/2019\/10\/alberto.jpg?resize=525%2C300 1.5x"},"classes":[]}],"jetpack_sharing_enabled":true,"jetpack_likes_enabled":true,"jetpack_featured_media_url":"","_links":{"self":[{"href":"http:\/\/www.24baires.com\/index.php?rest_route=\/wp\/v2\/posts\/56422","targetHints":{"allow":["GET"]}}],"collection":[{"href":"http:\/\/www.24baires.com\/index.php?rest_route=\/wp\/v2\/posts"}],"about":[{"href":"http:\/\/www.24baires.com\/index.php?rest_route=\/wp\/v2\/types\/post"}],"author":[{"embeddable":true,"href":"http:\/\/www.24baires.com\/index.php?rest_route=\/wp\/v2\/users\/11"}],"replies":[{"embeddable":true,"href":"http:\/\/www.24baires.com\/index.php?rest_route=%2Fwp%2Fv2%2Fcomments&post=56422"}],"version-history":[{"count":1,"href":"http:\/\/www.24baires.com\/index.php?rest_route=\/wp\/v2\/posts\/56422\/revisions"}],"predecessor-version":[{"id":56423,"href":"http:\/\/www.24baires.com\/index.php?rest_route=\/wp\/v2\/posts\/56422\/revisions\/56423"}],"wp:attachment":[{"href":"http:\/\/www.24baires.com\/index.php?rest_route=%2Fwp%2Fv2%2Fmedia&parent=56422"}],"wp:term":[{"taxonomy":"category","embeddable":true,"href":"http:\/\/www.24baires.com\/index.php?rest_route=%2Fwp%2Fv2%2Fcategories&post=56422"},{"taxonomy":"post_tag","embeddable":true,"href":"http:\/\/www.24baires.com\/index.php?rest_route=%2Fwp%2Fv2%2Ftags&post=56422"}],"curies":[{"name":"wp","href":"https:\/\/api.w.org\/{rel}","templated":true}]}}