{"id":56370,"date":"2014-10-31T19:31:39","date_gmt":"2014-10-31T22:31:39","guid":{"rendered":"http:\/\/www.24baires.com\/?p=56370"},"modified":"2014-10-31T19:31:39","modified_gmt":"2014-10-31T22:31:39","slug":"el-pj-bonaerense-reune-el-sabado-a-sus-precandidatos-en-san-nicolas","status":"publish","type":"post","link":"http:\/\/www.24baires.com\/?p=56370","title":{"rendered":"El PJ bonaerense re\u00fane el s\u00e1bado a sus precandidatos en San Nicol\u00e1s"},"content":{"rendered":"<p><img data-recalc-dims=\"1\" loading=\"lazy\" decoding=\"async\" class=\"aligncenter size-full wp-image-56222\" src=\"https:\/\/i0.wp.com\/www.24baires.com\/wp-content\/uploads\/2014\/10\/pj-bona.jpg?resize=560%2C319\" alt=\"pj bona\" width=\"560\" height=\"319\" srcset=\"https:\/\/i0.wp.com\/www.24baires.com\/wp-content\/uploads\/2014\/10\/pj-bona.jpg?w=560 560w, https:\/\/i0.wp.com\/www.24baires.com\/wp-content\/uploads\/2014\/10\/pj-bona.jpg?resize=300%2C170 300w\" sizes=\"auto, (max-width: 560px) 100vw, 560px\" \/>El Partido Justicialista (PJ) bonaerense se re\u00fane este s\u00e1bado en San Nicol\u00e1s en un nuevo encuentro partidario que contar\u00e1 con la presencia de los dirigentes peronistas que tienen la intenci\u00f3n de presentarse en las Primarias Abiertas Simult\u00e1neas y Obligatorias (PASO), como precandidatos a presidente por el Frente para la Victoria.<!--more--><\/p>\n<p>En un renovado mensaje de unidad bajo la conducci\u00f3n de la presidenta Cristina Fern\u00e1ndez de Kirchner, los peronistas que aspiran a convertirse en el candidato a presidente del oficialismo volver\u00e1n a intentar repetir la foto del acto del D\u00eda de la Lealtad en Moreno y renovar el mensaje de pertenencia al kirchnerismo.<\/p>\n<p>En ese c\u00f3nclave participaron el gobernador de Buenos Aires, Daniel Scioli; el ministro de Interior y Transporte, Florencio Randazzo; el ministro de Defensa, Agust\u00edn Rossi; y el gobernador de Entre R\u00edos, Sergio Urribarri; junto al intendente de La Matanza y presidente del PJ bonaerense, Fernando Espinoza mientras que el presidente de la C\u00e1mara de Diputados, Juli\u00e1n Dom\u00ednguez, otro de los precandidato, no asisti\u00f3 por estar enfermo.<\/p>\n<p>Ante los cientos de militantes que colmaron el Club Recreativo Los Indios de Moreno, los precandidatos oficialistas coincidieron en ese encuentro que Cristina Kirchner ser\u00e1 despu\u00e9s de 2015 la conductora de ese espacio pol\u00edtico y que se continuar\u00e1 con el proyecto de pa\u00eds que implement\u00f3 el ex presidente N\u00e9stor Kirchner en 2003.<\/p>\n<p>En esta nueva jornada de reflexi\u00f3n y debate en San Nicol\u00e1s los dirigentes justicialistas continuar\u00e1n en la b\u00fasqueda de \u201cunificar criterios\u201d y armar una \u201cplataforma de propuestas para solucionar los problemas de la gente\u201d, seg\u00fan se\u00f1alaron fuentes partidarias que adem\u00e1s negaron que \u201cexista presiones para bajar candidaturas\u201d y encolumnarse detr\u00e1s de alguno de ellos.<\/p>\n<p>&nbsp;<\/p>\n<p>&nbsp;<\/p>\n<p>&nbsp;<\/p>\n<p>&nbsp;<\/p>\n<p>&nbsp;<\/p>\n<p>&nbsp;<\/p>\n<p>&nbsp;<\/p>\n<p>&nbsp;<\/p>\n<p>&nbsp;<\/p>\n<p>&nbsp;<\/p>\n<p>&nbsp;<\/p>\n<p>&nbsp;<\/p>\n<p>&nbsp;<\/p>\n","protected":false},"excerpt":{"rendered":"<p>El Partido Justicialista (PJ) bonaerense se re\u00fane este s\u00e1bado en San Nicol\u00e1s en un nuevo encuentro partidario que contar\u00e1 con la presencia de los dirigentes peronistas que tienen la intenci\u00f3n de presentarse en las Primarias Abiertas Simult\u00e1neas y Obligatorias (PASO), como precandidatos a presidente por el Frente para la Victoria.<\/p>\n","protected":false},"author":8,"featured_media":0,"comment_status":"open","ping_status":"open","sticky":false,"template":"","format":"standard","meta":{"_jetpack_newsletter_access":"","_jetpack_dont_email_post_to_subs":false,"_jetpack_newsletter_tier_id":0,"_jetpack_memberships_contains_paywalled_content":false,"_jetpack_memberships_contains_paid_content":false,"footnotes":""},"categories":[51],"tags":[],"class_list":["post-56370","post","type-post","status-publish","format-standard","hentry","category-politica"],"jetpack_shortlink":"https:\/\/wp.me\/p2JWE0-eFc","jetpack-related-posts":[{"id":120181,"url":"http:\/\/www.24baires.com\/?p=120181","url_meta":{"origin":56370,"position":0},"title":"El Frente de Todos pasa a llamarse \u00abUni\u00f3n por la Patria\u00bb","author":"AF","date":"14\/06\/2023","format":false,"excerpt":"Los distintos sectores que componen el frente oficialista mantienen reuniones para definir, entre otras cosas, la constituci\u00f3n de su junta partidaria y el reglamento electoral que fijar\u00e1 pisos y porcentajes para la integraci\u00f3n de listas. El Frente de Todos (FdT) se llamar\u00e1 Uni\u00f3n por la Patria (UxP) en las pr\u00f3ximas\u2026","rel":"","context":"En \u00abPol\u00edtica\u00bb","block_context":{"text":"Pol\u00edtica","link":"http:\/\/www.24baires.com\/?cat=51"},"img":{"alt_text":"","src":"https:\/\/i0.wp.com\/www.24baires.com\/wp-content\/uploads\/2023\/06\/cfk-25-5.png?resize=350%2C200","width":350,"height":200,"srcset":"https:\/\/i0.wp.com\/www.24baires.com\/wp-content\/uploads\/2023\/06\/cfk-25-5.png?resize=350%2C200 1x, https:\/\/i0.wp.com\/www.24baires.com\/wp-content\/uploads\/2023\/06\/cfk-25-5.png?resize=525%2C300 1.5x, https:\/\/i0.wp.com\/www.24baires.com\/wp-content\/uploads\/2023\/06\/cfk-25-5.png?resize=700%2C400 2x, https:\/\/i0.wp.com\/www.24baires.com\/wp-content\/uploads\/2023\/06\/cfk-25-5.png?resize=1050%2C600 3x"},"classes":[]},{"id":108487,"url":"http:\/\/www.24baires.com\/?p=108487","url_meta":{"origin":56370,"position":1},"title":"El massismo define si avanza en un frente con el kirchnerismo","author":"GB","date":"30\/05\/2019","format":false,"excerpt":"El Frente Renovador bonaerense realizar\u00e1 este jueves su congreso partidario para definir el futuro del partido de cara a las elecciones. El tema central de la cumbre en Parque Norte ser\u00e1 la posibilidad de avanzar en un frente com\u00fan con el kirchnerismo y el PJ bonaerense. El congreso de los\u2026","rel":"","context":"En \u00abPol\u00edtica\u00bb","block_context":{"text":"Pol\u00edtica","link":"http:\/\/www.24baires.com\/?cat=51"},"img":{"alt_text":"","src":"https:\/\/i0.wp.com\/www.24baires.com\/wp-content\/uploads\/2019\/05\/alternativa-federal.jpg?resize=350%2C200","width":350,"height":200,"srcset":"https:\/\/i0.wp.com\/www.24baires.com\/wp-content\/uploads\/2019\/05\/alternativa-federal.jpg?resize=350%2C200 1x, https:\/\/i0.wp.com\/www.24baires.com\/wp-content\/uploads\/2019\/05\/alternativa-federal.jpg?resize=525%2C300 1.5x"},"classes":[]},{"id":101862,"url":"http:\/\/www.24baires.com\/?p=101862","url_meta":{"origin":56370,"position":2},"title":"Malvinas Argentinas: el PJ Bonaerense lanz\u00f3 \u00abIncluir\u00bb, su escuela de formaci\u00f3n pol\u00edtica","author":"GB","date":"27\/04\/2018","format":false,"excerpt":"Dirigentes de todos los sectores del peronismo confluyeron en Malvinas Argentinas para presentar la herramienta de \"modernizaci\u00f3n\" del partido de cara al 2019. Con un acto en Malvinas Argentinas del que participaron dirigentes del kirchnerismo y el massismo, el PJ Bonaerense lanz\u00f3 ayer \"Incluir\", su escuela de formaci\u00f3n pol\u00edtica para\u2026","rel":"","context":"En \u00abProvincia\u00bb","block_context":{"text":"Provincia","link":"http:\/\/www.24baires.com\/?cat=40"},"img":{"alt_text":"","src":"https:\/\/i0.wp.com\/www.24baires.com\/wp-content\/uploads\/2018\/04\/incluir.jpg?resize=350%2C200","width":350,"height":200,"srcset":"https:\/\/i0.wp.com\/www.24baires.com\/wp-content\/uploads\/2018\/04\/incluir.jpg?resize=350%2C200 1x, https:\/\/i0.wp.com\/www.24baires.com\/wp-content\/uploads\/2018\/04\/incluir.jpg?resize=525%2C300 1.5x"},"classes":[]},{"id":103421,"url":"http:\/\/www.24baires.com\/?p=103421","url_meta":{"origin":56370,"position":3},"title":"\u00abHace falta una gran PASO en el peronismo\u00bb destac\u00f3 Sol\u00e1 y quiere ser candidato","author":"Grupo Sierra","date":"18\/07\/2018","format":false,"excerpt":"El diputado nacional, Felipe Sol\u00e1, ratific\u00f3 sus intenciones de postularse en las elecciones presidenciales de 2019, dijo que tiene \"la experiencia suficiente\" para ser candidato y \"para salir de la crisis\" y volvi\u00f3 a abogar por \"un gran acuerdo\" en el PJ que integre a todas las vertientes. En declaraciones\u2026","rel":"","context":"En \u00abPol\u00edtica\u00bb","block_context":{"text":"Pol\u00edtica","link":"http:\/\/www.24baires.com\/?cat=51"},"img":{"alt_text":"","src":"https:\/\/i0.wp.com\/www.24baires.com\/wp-content\/uploads\/2012\/10\/sol%C3%A1.jpg?resize=350%2C200","width":350,"height":200,"srcset":"https:\/\/i0.wp.com\/www.24baires.com\/wp-content\/uploads\/2012\/10\/sol%C3%A1.jpg?resize=350%2C200 1x, https:\/\/i0.wp.com\/www.24baires.com\/wp-content\/uploads\/2012\/10\/sol%C3%A1.jpg?resize=525%2C300 1.5x"},"classes":[]},{"id":108380,"url":"http:\/\/www.24baires.com\/?p=108380","url_meta":{"origin":56370,"position":4},"title":"Reuni\u00f3n de Alberto Fern\u00e1ndez con intendentes del PJ bonaerense","author":"AF","date":"24\/05\/2019","format":false,"excerpt":"El precandidato presidencial Alberto Fern\u00e1ndez se reuni\u00f3 este mediod\u00eda con intendentes y legisladores peronistas en la localidad de San Antonio de Areco con la mirada puesta en recuperar los votos perdidos por el kirchnerismo en el interior rural bonaerense y continuar el debate respecto de la candidatura para gobernador. \"El\u2026","rel":"","context":"En \u00abPol\u00edtica\u00bb","block_context":{"text":"Pol\u00edtica","link":"http:\/\/www.24baires.com\/?cat=51"},"img":{"alt_text":"","src":"https:\/\/i0.wp.com\/www.24baires.com\/wp-content\/uploads\/2019\/05\/alberto-fernandez-intendentes-bonaerenses.jpg?resize=350%2C200","width":350,"height":200,"srcset":"https:\/\/i0.wp.com\/www.24baires.com\/wp-content\/uploads\/2019\/05\/alberto-fernandez-intendentes-bonaerenses.jpg?resize=350%2C200 1x, https:\/\/i0.wp.com\/www.24baires.com\/wp-content\/uploads\/2019\/05\/alberto-fernandez-intendentes-bonaerenses.jpg?resize=525%2C300 1.5x"},"classes":[]},{"id":108452,"url":"http:\/\/www.24baires.com\/?p=108452","url_meta":{"origin":56370,"position":5},"title":"Se confirm\u00f3 la f\u00f3rmula provincial de Unidad Ciudadana:  Axel Kicillof &#8211; Ver\u00f3nica Magario","author":"AF","date":"28\/05\/2019","format":false,"excerpt":"Finalmente, y tras el amague pol\u00edtico del lunes, se confirm\u00f3 la f\u00f3rmula que Cristina y Alberto Fern\u00e1ndez hab\u00edan destacado por Twitter: Ver\u00f3nica Magario y Axel Kicillof. Ambos dirigentes publicaron mensajes en sus redes sociales donde remarcaron las tareas del ex ministro de Econom\u00eda y de la actual intendenta de La\u2026","rel":"","context":"En \u00abPol\u00edtica\u00bb","block_context":{"text":"Pol\u00edtica","link":"http:\/\/www.24baires.com\/?cat=51"},"img":{"alt_text":"","src":"https:\/\/i0.wp.com\/www.24baires.com\/wp-content\/uploads\/2019\/05\/kicillof-cfk-magario-alberto.jpg?resize=350%2C200","width":350,"height":200,"srcset":"https:\/\/i0.wp.com\/www.24baires.com\/wp-content\/uploads\/2019\/05\/kicillof-cfk-magario-alberto.jpg?resize=350%2C200 1x, https:\/\/i0.wp.com\/www.24baires.com\/wp-content\/uploads\/2019\/05\/kicillof-cfk-magario-alberto.jpg?resize=525%2C300 1.5x"},"classes":[]}],"jetpack_sharing_enabled":true,"jetpack_likes_enabled":true,"jetpack_featured_media_url":"","_links":{"self":[{"href":"http:\/\/www.24baires.com\/index.php?rest_route=\/wp\/v2\/posts\/56370","targetHints":{"allow":["GET"]}}],"collection":[{"href":"http:\/\/www.24baires.com\/index.php?rest_route=\/wp\/v2\/posts"}],"about":[{"href":"http:\/\/www.24baires.com\/index.php?rest_route=\/wp\/v2\/types\/post"}],"author":[{"embeddable":true,"href":"http:\/\/www.24baires.com\/index.php?rest_route=\/wp\/v2\/users\/8"}],"replies":[{"embeddable":true,"href":"http:\/\/www.24baires.com\/index.php?rest_route=%2Fwp%2Fv2%2Fcomments&post=56370"}],"version-history":[{"count":1,"href":"http:\/\/www.24baires.com\/index.php?rest_route=\/wp\/v2\/posts\/56370\/revisions"}],"predecessor-version":[{"id":56371,"href":"http:\/\/www.24baires.com\/index.php?rest_route=\/wp\/v2\/posts\/56370\/revisions\/56371"}],"wp:attachment":[{"href":"http:\/\/www.24baires.com\/index.php?rest_route=%2Fwp%2Fv2%2Fmedia&parent=56370"}],"wp:term":[{"taxonomy":"category","embeddable":true,"href":"http:\/\/www.24baires.com\/index.php?rest_route=%2Fwp%2Fv2%2Fcategories&post=56370"},{"taxonomy":"post_tag","embeddable":true,"href":"http:\/\/www.24baires.com\/index.php?rest_route=%2Fwp%2Fv2%2Ftags&post=56370"}],"curies":[{"name":"wp","href":"https:\/\/api.w.org\/{rel}","templated":true}]}}