{"id":56362,"date":"2014-10-31T18:00:31","date_gmt":"2014-10-31T21:00:31","guid":{"rendered":"http:\/\/www.24baires.com\/?p=56362"},"modified":"2014-11-01T10:08:06","modified_gmt":"2014-11-01T13:08:06","slug":"cristina-reclamo-a-obama-por-una-funcionaria-que-asesora-a-los-fondos-buitre","status":"publish","type":"post","link":"http:\/\/www.24baires.com\/?p=56362","title":{"rendered":"Cristina reclam\u00f3 a Obama por una funcionaria que asesora a los fondos buitre"},"content":{"rendered":"<p><img data-recalc-dims=\"1\" loading=\"lazy\" decoding=\"async\" class=\"aligncenter size-full wp-image-56363\" src=\"https:\/\/i0.wp.com\/www.24baires.com\/wp-content\/uploads\/2014\/10\/cristina-obama.jpg?resize=560%2C313\" alt=\"cristina obama\" width=\"560\" height=\"313\" srcset=\"https:\/\/i0.wp.com\/www.24baires.com\/wp-content\/uploads\/2014\/10\/cristina-obama.jpg?w=560 560w, https:\/\/i0.wp.com\/www.24baires.com\/wp-content\/uploads\/2014\/10\/cristina-obama.jpg?resize=300%2C167 300w\" sizes=\"auto, (max-width: 560px) 100vw, 560px\" \/>La presidenta envi\u00f3 a su par norteamericano una carta en la cual le se\u00f1ala que de confirmarse que Nancy Soderberg, presidenta del Public Interest Declassication Board, es la misma que co preside la American Task Force, ser\u00eda un \u201checho grave en las relaciones entre nuestros pa\u00edses\u201d.<!--more--><\/p>\n<p>La presidenta Cristina Fern\u00e1ndez de Kirchner envi\u00f3 hoy una carta a su par de Estados Unidos, Barack Obama, en la que le pidi\u00f3 que aclare si Nancy Soderberg, como presidenta del Public Interest Declassication Board (PIDB), \u201corganismo bajo responsabilidad directa del Gobierno de los Estados Unidos\u201d, es la misma que integra el grupo lobbista de los fondos buitre, American Task Force Argentina.<\/p>\n<p>En la extensa misiva, de cinco carillas, difundida oficialmente en la Casa de Gobierno, Cristina expresa que Soderberg es a su vez \u201cla copresidenta de la American Task Force Argentina (ATFA), entidad creada espec\u00edficamente para atacar y difamar a la Rep\u00fablica Argentina y a su presidenta\u201d, en beneficio de \u201cun pu\u00f1ado de fondos buitre que pretenden obtener ganancias exorbitantes interrumpiendo el derecho soberano a la reestructuraci\u00f3n de la deuda externa\u201d Argentina.<\/p>\n<p>En uno de los principales tramos del texto, la mandataria argentina se\u00f1ala: \u00abQuisiera informarle que la se\u00f1ora Nancy Soderberg, copresidenta de ATFA, ha llevado a cabo una campa\u00f1a difamatoria e injuriosa de proporciones inauditas contra el pueblo, las autoridades de mi pa\u00eds y mi persona en particular, con el prop\u00f3sito de perjudicar a la Rep\u00fablica Argentina en beneficio de un pu\u00f1ado de fondos buitre que pretenden obtener ganancias exorbitantes interrumpiendo el derecho soberano a la reestructuraci\u00f3n de la deuda externa de mi pa\u00eds\u00bb.<\/p>\n<p>\u00abEstas acciones incluyen el infame embargo a la Fragata Libertad, nave insignia de nuestra Armada, que motiv\u00f3 la decisi\u00f3n un\u00e1nime del Tribunal del Derechos del Mar de las Naciones Unidas ordenando la anulaci\u00f3n del embargo por ser violatorio del Derecho Internacional. Tambi\u00e9n intentaron embargar un sat\u00e9lite que es parte de un programa conjunto con la NASA. Ser\u00eda muy parad\u00f3jico que la se\u00f1ora Soderberg de la Casa Blanca sea la misma que desde ATFA festejaba y promov\u00eda acciones que afectaban, tambi\u00e9n, a intereses de Estados Unidos\u00bb, agrega.<\/p>\n<p>&nbsp;<\/p>\n<p>&nbsp;<\/p>\n<p>&nbsp;<\/p>\n<p>&nbsp;<\/p>\n<p>&nbsp;<\/p>\n<p>&nbsp;<\/p>\n<p>&nbsp;<\/p>\n<p>&nbsp;<\/p>\n","protected":false},"excerpt":{"rendered":"<p>La presidenta envi\u00f3 a su par norteamericano una carta en la cual le se\u00f1ala que de confirmarse que Nancy Soderberg, presidenta del Public Interest Declassication Board, es la misma que co preside la American Task Force, ser\u00eda un \u201checho grave en las relaciones entre nuestros pa\u00edses\u201d.<\/p>\n","protected":false},"author":8,"featured_media":0,"comment_status":"open","ping_status":"open","sticky":false,"template":"","format":"standard","meta":{"_jetpack_newsletter_access":"","_jetpack_dont_email_post_to_subs":false,"_jetpack_newsletter_tier_id":0,"_jetpack_memberships_contains_paywalled_content":false,"_jetpack_memberships_contains_paid_content":false,"footnotes":""},"categories":[51],"tags":[],"class_list":["post-56362","post","type-post","status-publish","format-standard","hentry","category-politica"],"jetpack_shortlink":"https:\/\/wp.me\/p2JWE0-eF4","jetpack-related-posts":[{"id":59248,"url":"http:\/\/www.24baires.com\/?p=59248","url_meta":{"origin":56362,"position":0},"title":"Fondos buitre gastaron m\u00e1s de un mill\u00f3n de d\u00f3lares en hacer lobby","author":"GB","date":"28\/12\/2014","format":false,"excerpt":"Los fondos buitre que litigan en Estados Unidos contra la Argentina invirtieron este a\u00f1o m\u00e1s de un mill\u00f3n de d\u00f3lares para hacer lobby sobre funcionarios norteamericanos, y acumulan m\u00e1s de cinco millones de d\u00f3lares gastados para tal fin desde 2007. La American Task Force Argentina (ATFA), cuyo principal aportante es\u2026","rel":"","context":"En \u00abEconom\u00eda\u00bb","block_context":{"text":"Econom\u00eda","link":"http:\/\/www.24baires.com\/?cat=45"},"img":{"alt_text":"fondos buitre","src":"https:\/\/i0.wp.com\/www.24baires.com\/wp-content\/uploads\/2014\/06\/fondos-buitre.jpg?resize=350%2C200","width":350,"height":200,"srcset":"https:\/\/i0.wp.com\/www.24baires.com\/wp-content\/uploads\/2014\/06\/fondos-buitre.jpg?resize=350%2C200 1x, https:\/\/i0.wp.com\/www.24baires.com\/wp-content\/uploads\/2014\/06\/fondos-buitre.jpg?resize=525%2C300 1.5x"},"classes":[]},{"id":49702,"url":"http:\/\/www.24baires.com\/?p=49702","url_meta":{"origin":56362,"position":1},"title":"Samid contra los fondos buitre: \u00abNo violamos protocolos con la carne\u00bb","author":"Grupo Sierra","date":"11\/07\/2014","format":false,"excerpt":"El \"Rey de la Carne\" sali\u00f3 al cruce del grupo econ\u00f3mico estadounidense que acus\u00f3 a Argentina por problemas con la salud animal. El vicepresidente del Mercado Central y empresario del sector c\u00e1rnico, Alberto Samid, critic\u00f3 el lobby contra el mercado de la carne argentina que comenzaron a realizar el d\u00eda\u2026","rel":"","context":"En \u00abPol\u00edtica\u00bb","block_context":{"text":"Pol\u00edtica","link":"http:\/\/www.24baires.com\/?cat=51"},"img":{"alt_text":"samid","src":"https:\/\/i0.wp.com\/www.24baires.com\/wp-content\/uploads\/2014\/02\/samid.jpg?resize=350%2C200","width":350,"height":200,"srcset":"https:\/\/i0.wp.com\/www.24baires.com\/wp-content\/uploads\/2014\/02\/samid.jpg?resize=350%2C200 1x, https:\/\/i0.wp.com\/www.24baires.com\/wp-content\/uploads\/2014\/02\/samid.jpg?resize=525%2C300 1.5x"},"classes":[]},{"id":49598,"url":"http:\/\/www.24baires.com\/?p=49598","url_meta":{"origin":56362,"position":2},"title":"\u00abLos fondos buitre no pretenden negociar, quieren extorsionar\u00bb","author":"AF","date":"10\/07\/2014","format":false,"excerpt":"El jefe de Gabinete, Jorge Capitanich, afirm\u00f3 hoy que la American Task Force Argentina (ATFA), organizaci\u00f3n que agrupa a los tenedores que reclaman por los t\u00edtulos en default, \"no pretende negociar, sino extorsionar\", al responder a la solicitada publicada por los fondos buitre que cuestiona la voluntad de pago expresada\u2026","rel":"","context":"En \u00abEconom\u00eda\u00bb","block_context":{"text":"Econom\u00eda","link":"http:\/\/www.24baires.com\/?cat=45"},"img":{"alt_text":"capitanich","src":"https:\/\/i0.wp.com\/www.24baires.com\/wp-content\/uploads\/2014\/04\/capitanich.jpg?resize=350%2C200","width":350,"height":200,"srcset":"https:\/\/i0.wp.com\/www.24baires.com\/wp-content\/uploads\/2014\/04\/capitanich.jpg?resize=350%2C200 1x, https:\/\/i0.wp.com\/www.24baires.com\/wp-content\/uploads\/2014\/04\/capitanich.jpg?resize=525%2C300 1.5x"},"classes":[]},{"id":49973,"url":"http:\/\/www.24baires.com\/?p=49973","url_meta":{"origin":56362,"position":3},"title":"\u00abArgentina no est\u00e1 ni estar\u00e1 en default porque le paga a sus acreedores\u00bb","author":"AF","date":"16\/07\/2014","format":false,"excerpt":"El jefe de Gabinete respondi\u00f3 as\u00ed una solicitada de los fondos buitre y record\u00f3 que \u201cArgentina paga y cumple\u201d. A su vez, se\u00f1al\u00f3 que el pa\u00eds \"no est\u00e1 ni estar\u00e1 default\" porque el Estado paga a sus acreedores. \"Argentina paga, Argentina cumple regular y responsablemente. Es un juez el que\u2026","rel":"","context":"En \u00abEconom\u00eda\u00bb","block_context":{"text":"Econom\u00eda","link":"http:\/\/www.24baires.com\/?cat=45"},"img":{"alt_text":"Capitanich","src":"https:\/\/i0.wp.com\/www.24baires.com\/wp-content\/uploads\/2013\/12\/Capitanich.jpg?resize=350%2C200","width":350,"height":200,"srcset":"https:\/\/i0.wp.com\/www.24baires.com\/wp-content\/uploads\/2013\/12\/Capitanich.jpg?resize=350%2C200 1x, https:\/\/i0.wp.com\/www.24baires.com\/wp-content\/uploads\/2013\/12\/Capitanich.jpg?resize=525%2C300 1.5x"},"classes":[]},{"id":49698,"url":"http:\/\/www.24baires.com\/?p=49698","url_meta":{"origin":56362,"position":4},"title":"Canciller\u00eda acusa a los fondos buitre de \u00abhostigar la producci\u00f3n del pa\u00eds\u00bb","author":"Grupo Sierra","date":"11\/07\/2014","format":false,"excerpt":"El Ministerio de Relaciones Exteriores apunt\u00f3 a los fondos por impulsar una \"campa\u00f1a de hostigamiento\" al \"proceso productivo y la capacidad exportadora\" del pa\u00eds, al haber solicitado ayer al Congreso de Estados Unidos que impida la apertura de exportaciones de carne argentina. \"Queda claro a partir de este nuevo episodio\u2026","rel":"","context":"En \u00abPol\u00edtica\u00bb","block_context":{"text":"Pol\u00edtica","link":"http:\/\/www.24baires.com\/?cat=51"},"img":{"alt_text":"timerman","src":"https:\/\/i0.wp.com\/www.24baires.com\/wp-content\/uploads\/2013\/03\/timerman.jpg?resize=350%2C200","width":350,"height":200,"srcset":"https:\/\/i0.wp.com\/www.24baires.com\/wp-content\/uploads\/2013\/03\/timerman.jpg?resize=350%2C200 1x, https:\/\/i0.wp.com\/www.24baires.com\/wp-content\/uploads\/2013\/03\/timerman.jpg?resize=525%2C300 1.5x"},"classes":[]},{"id":117875,"url":"http:\/\/www.24baires.com\/?p=117875","url_meta":{"origin":56362,"position":5},"title":"Cristina consider\u00f3 \u00abdisparate judicial, institucional y pol\u00edtico\u00bb a la causa del memor\u00e1ndum","author":"AF","date":"16\/07\/2021","format":false,"excerpt":"La vicepresidenta expuso durante la audiencia p\u00fablica, que fue escuchada por m\u00e1s de 20 mil personas a trav\u00e9s de YouTube. \"Se hicieron maniobras persecutorias para perjudicarnos a m\u00ed y mi familia\", asegur\u00f3. El Tribunal Oral Federal 8 debe resolver si declara o no la nulidad del proceso. La vicepresidenta Cristina\u2026","rel":"","context":"En \u00abJUDICIALES\u00bb","block_context":{"text":"JUDICIALES","link":"http:\/\/www.24baires.com\/?cat=68"},"img":{"alt_text":"","src":"https:\/\/i0.wp.com\/www.24baires.com\/wp-content\/uploads\/2021\/07\/cfk.jpg?resize=350%2C200","width":350,"height":200,"srcset":"https:\/\/i0.wp.com\/www.24baires.com\/wp-content\/uploads\/2021\/07\/cfk.jpg?resize=350%2C200 1x, https:\/\/i0.wp.com\/www.24baires.com\/wp-content\/uploads\/2021\/07\/cfk.jpg?resize=525%2C300 1.5x"},"classes":[]}],"jetpack_sharing_enabled":true,"jetpack_likes_enabled":true,"jetpack_featured_media_url":"","_links":{"self":[{"href":"http:\/\/www.24baires.com\/index.php?rest_route=\/wp\/v2\/posts\/56362","targetHints":{"allow":["GET"]}}],"collection":[{"href":"http:\/\/www.24baires.com\/index.php?rest_route=\/wp\/v2\/posts"}],"about":[{"href":"http:\/\/www.24baires.com\/index.php?rest_route=\/wp\/v2\/types\/post"}],"author":[{"embeddable":true,"href":"http:\/\/www.24baires.com\/index.php?rest_route=\/wp\/v2\/users\/8"}],"replies":[{"embeddable":true,"href":"http:\/\/www.24baires.com\/index.php?rest_route=%2Fwp%2Fv2%2Fcomments&post=56362"}],"version-history":[{"count":1,"href":"http:\/\/www.24baires.com\/index.php?rest_route=\/wp\/v2\/posts\/56362\/revisions"}],"predecessor-version":[{"id":56364,"href":"http:\/\/www.24baires.com\/index.php?rest_route=\/wp\/v2\/posts\/56362\/revisions\/56364"}],"wp:attachment":[{"href":"http:\/\/www.24baires.com\/index.php?rest_route=%2Fwp%2Fv2%2Fmedia&parent=56362"}],"wp:term":[{"taxonomy":"category","embeddable":true,"href":"http:\/\/www.24baires.com\/index.php?rest_route=%2Fwp%2Fv2%2Fcategories&post=56362"},{"taxonomy":"post_tag","embeddable":true,"href":"http:\/\/www.24baires.com\/index.php?rest_route=%2Fwp%2Fv2%2Ftags&post=56362"}],"curies":[{"name":"wp","href":"https:\/\/api.w.org\/{rel}","templated":true}]}}