{"id":56332,"date":"2014-10-31T09:30:12","date_gmt":"2014-10-31T12:30:12","guid":{"rendered":"http:\/\/www.24baires.com\/?p=56332"},"modified":"2014-11-01T10:10:29","modified_gmt":"2014-11-01T13:10:29","slug":"en-el-arco-opositor-opera-claramente-el-frente-derogador-dijo-capitanich","status":"publish","type":"post","link":"http:\/\/www.24baires.com\/?p=56332","title":{"rendered":"\u00abEn el arco opositor opera claramente el frente derogador\u00bb, dijo Capitanich"},"content":{"rendered":"<p><img data-recalc-dims=\"1\" loading=\"lazy\" decoding=\"async\" class=\"aligncenter size-full wp-image-43881\" src=\"https:\/\/i0.wp.com\/www.24baires.com\/wp-content\/uploads\/2014\/04\/capitanich.jpg?resize=560%2C313\" alt=\"capitanich\" width=\"560\" height=\"313\" srcset=\"https:\/\/i0.wp.com\/www.24baires.com\/wp-content\/uploads\/2014\/04\/capitanich.jpg?w=560 560w, https:\/\/i0.wp.com\/www.24baires.com\/wp-content\/uploads\/2014\/04\/capitanich.jpg?resize=300%2C167 300w\" sizes=\"auto, (max-width: 560px) 100vw, 560px\" \/>El jefe de Gabinete, Jorge Capitanich, afirm\u00f3 hoy que buscan \u00abterminar con todo lo que hizo este Gobierno\u00bb en los \u00faltimos 11 a\u00f1os y que \u00e9l define al programa opositor como \u00abel &#8216;plan M'\u00bb.<!--more--><\/p>\n<p>El jefe de Gabinete, Jorge Capitanich, afirm\u00f3 hoy que, entre los dirigentes de la oposici\u00f3n, \u00abopera claramente el frente derogador\u00bb que busca \u00abterminar con todo lo que hizo este gobierno\u00bb en los \u00faltimos 11 a\u00f1os.<\/p>\n<p>\u00abEn el arco opositor opera claramente el frente derogador, lo que yo llamo el &#8216;plan M&#8217;, o que tambi\u00e9n se podr\u00eda llamar &#8216;plan de M&#8217;, que busca derogar todo lo que hizo este gobierno\u00bb, dijo Capitanich en rueda de prensa en Casa de Gobierno.<\/p>\n<p>\u00abQuieren restituir las AFJP a los bancos, quieren eliminar la asignaci\u00f3n universal por hijo, quieren eliminar el sistema de financiamiento de la seguridad social, bajar las retenciones. Quieren eliminar el financiamiento genuino que tiene el Estado, F\u00fatbol para Todos, y se oponen a la ley de telecomunicaciones\u00bb, agreg\u00f3.<\/p>\n<p>Para Capitanich, estos sectores opositores \u00abquieren aplicar la pol\u00edtica m\u00e1s ortodoxa para generar exclusi\u00f3n social, lo que tienen como manual de operaciones\u00bb.<\/p>\n<p>En ese marco, el funcionario indic\u00f3 que \u00absi uno pudiera observar las variables y predicciones que hicieron los economistas en estos 11 a\u00f1os, se dar\u00eda cuenta de su absoluto incumplimiento\u00bb.<\/p>\n","protected":false},"excerpt":{"rendered":"<p>El jefe de Gabinete, Jorge Capitanich, afirm\u00f3 hoy que buscan \u00abterminar con todo lo que hizo este Gobierno\u00bb en los \u00faltimos 11 a\u00f1os y que \u00e9l define al programa opositor como \u00abel &#8216;plan M&#8217;\u00bb.<\/p>\n","protected":false},"author":4,"featured_media":0,"comment_status":"open","ping_status":"open","sticky":false,"template":"","format":"standard","meta":{"_jetpack_newsletter_access":"","_jetpack_dont_email_post_to_subs":false,"_jetpack_newsletter_tier_id":0,"_jetpack_memberships_contains_paywalled_content":false,"_jetpack_memberships_contains_paid_content":false,"footnotes":""},"categories":[51],"tags":[],"class_list":["post-56332","post","type-post","status-publish","format-standard","hentry","category-politica"],"jetpack_shortlink":"https:\/\/wp.me\/p2JWE0-eEA","jetpack-related-posts":[{"id":52609,"url":"http:\/\/www.24baires.com\/?p=52609","url_meta":{"origin":56332,"position":0},"title":"\u00abEl 75% de los trabajadores manifest\u00f3 su voluntad de trabajar\u00bb","author":"AF","date":"28\/08\/2014","format":false,"excerpt":"El jefe de Gabinete, Jorge Capitanich, ratific\u00f3 que el gobierno es \"respetuoso del derecho de huelga\", pero no comparte \"las circunstancias ni el momento\" de la medida de fuerza. En rueda de prensa en Casa de Gobierno, Capitanich dijo que \"hay 20 gremios, que cuentan con m\u00e1s de 30 mil\u2026","rel":"","context":"En \u00abSociedad\u00bb","block_context":{"text":"Sociedad","link":"http:\/\/www.24baires.com\/?cat=1"},"img":{"alt_text":"capitanich","src":"https:\/\/i0.wp.com\/www.24baires.com\/wp-content\/uploads\/2014\/04\/capitanich.jpg?resize=350%2C200","width":350,"height":200,"srcset":"https:\/\/i0.wp.com\/www.24baires.com\/wp-content\/uploads\/2014\/04\/capitanich.jpg?resize=350%2C200 1x, https:\/\/i0.wp.com\/www.24baires.com\/wp-content\/uploads\/2014\/04\/capitanich.jpg?resize=525%2C300 1.5x"},"classes":[]},{"id":47748,"url":"http:\/\/www.24baires.com\/?p=47748","url_meta":{"origin":56332,"position":1},"title":"Capitanich: se difunden \u00edndices falsos para \u00abfavorecer al sistema financiero argentino\u00bb","author":"AF","date":"10\/06\/2014","format":false,"excerpt":"El jefe de Gabinete, Jorge Capitanich, se\u00f1al\u00f3 a los \"grupos medi\u00e1ticos concentrados y opositores\" al Gobierno como los responsables de \"descalificar el \u00edndice de precios con cifras falsas y operaciones de prensa\". El jefe de Gabinete, Jorge Capitanich, critic\u00f3 hoy a los \"grupos medi\u00e1ticos concentrados y opositores\" al gobierno que\u2026","rel":"","context":"En \u00abEconom\u00eda\u00bb","block_context":{"text":"Econom\u00eda","link":"http:\/\/www.24baires.com\/?cat=45"},"img":{"alt_text":"Capitanich","src":"https:\/\/i0.wp.com\/www.24baires.com\/wp-content\/uploads\/2014\/01\/Capitanich.jpg?resize=350%2C200","width":350,"height":200,"srcset":"https:\/\/i0.wp.com\/www.24baires.com\/wp-content\/uploads\/2014\/01\/Capitanich.jpg?resize=350%2C200 1x, https:\/\/i0.wp.com\/www.24baires.com\/wp-content\/uploads\/2014\/01\/Capitanich.jpg?resize=525%2C300 1.5x"},"classes":[]},{"id":116123,"url":"http:\/\/www.24baires.com\/?p=116123","url_meta":{"origin":56332,"position":2},"title":"\u00abLa Argentina central que tiene periferias no se puede tolerar m\u00e1s\u00bb","author":"AF","date":"01\/09\/2020","format":false,"excerpt":"El Presidente encabez\u00f3 la firma de convenios con el gobernador de Chaco, Jorge Capitanich. En ese marco, defendi\u00f3 el acceso a la conectividad y al conocimiento en todo el pa\u00eds. El presidente Alberto Fern\u00e1ndez reafirm\u00f3 que \"la Argentina central, que tiene dos periferias, al norte y a sur del pa\u00eds,\u2026","rel":"","context":"En \u00abPol\u00edtica\u00bb","block_context":{"text":"Pol\u00edtica","link":"http:\/\/www.24baires.com\/?cat=51"},"img":{"alt_text":"","src":"https:\/\/i0.wp.com\/www.24baires.com\/wp-content\/uploads\/2020\/09\/fern%C3%A1ndez-capitanich.jpg?resize=350%2C200","width":350,"height":200,"srcset":"https:\/\/i0.wp.com\/www.24baires.com\/wp-content\/uploads\/2020\/09\/fern%C3%A1ndez-capitanich.jpg?resize=350%2C200 1x, https:\/\/i0.wp.com\/www.24baires.com\/wp-content\/uploads\/2020\/09\/fern%C3%A1ndez-capitanich.jpg?resize=525%2C300 1.5x"},"classes":[]},{"id":115668,"url":"http:\/\/www.24baires.com\/?p=115668","url_meta":{"origin":56332,"position":3},"title":"El Gobierno anunci\u00f3 el comienzo de la nueva fase","author":"AF","date":"17\/07\/2020","format":false,"excerpt":"Alberto Fern\u00e1ndez realiz\u00f3 una conferencia de prensa, junto a los mandatarios provinciales de Jujuy, Chaco, R\u00edo Negro, Buenos Aires y el jefe de gobierno porte\u00f1o. El presidente Alberto Fern\u00e1ndez comenz\u00f3 su discurso con la afirmaci\u00f3n de que \"la pandemia sigue presente, sigue atacando y sigue enfermando y llev\u00e1ndose vidas\", adem\u00e1s\u2026","rel":"","context":"En \u00abSociedad\u00bb","block_context":{"text":"Sociedad","link":"http:\/\/www.24baires.com\/?cat=1"},"img":{"alt_text":"","src":"https:\/\/i0.wp.com\/www.24baires.com\/wp-content\/uploads\/2020\/07\/larreta-fern%C3%A1ndez-kicillof.jpg?resize=350%2C200","width":350,"height":200,"srcset":"https:\/\/i0.wp.com\/www.24baires.com\/wp-content\/uploads\/2020\/07\/larreta-fern%C3%A1ndez-kicillof.jpg?resize=350%2C200 1x, https:\/\/i0.wp.com\/www.24baires.com\/wp-content\/uploads\/2020\/07\/larreta-fern%C3%A1ndez-kicillof.jpg?resize=525%2C300 1.5x"},"classes":[]},{"id":56981,"url":"http:\/\/www.24baires.com\/?p=56981","url_meta":{"origin":56332,"position":4},"title":"\u00abLa oposici\u00f3n no ofrece ninguna alternativa confiable\u00bb, asegur\u00f3 Capitanich","author":"AF","date":"12\/11\/2014","format":false,"excerpt":"El jefe de Gabinete se\u00f1al\u00f3 que \"en primer lugar no est\u00e1 claro su mensaje pol\u00edtco, ya que un d\u00eda dicen una cosa y otro d\u00eda, otra\u201d. Al tiempo que enfatiz\u00f3 que carece de \u201cproyectos pol\u00edticos\u201d. \"Un d\u00eda dicen que van a derogar todo, el otro d\u00eda respaldan al gobierno, otro\u2026","rel":"","context":"En \u00abPol\u00edtica\u00bb","block_context":{"text":"Pol\u00edtica","link":"http:\/\/www.24baires.com\/?cat=51"},"img":{"alt_text":"capitanich","src":"https:\/\/i0.wp.com\/www.24baires.com\/wp-content\/uploads\/2014\/09\/capitanich1.jpg?resize=350%2C200","width":350,"height":200,"srcset":"https:\/\/i0.wp.com\/www.24baires.com\/wp-content\/uploads\/2014\/09\/capitanich1.jpg?resize=350%2C200 1x, https:\/\/i0.wp.com\/www.24baires.com\/wp-content\/uploads\/2014\/09\/capitanich1.jpg?resize=525%2C300 1.5x"},"classes":[]},{"id":55226,"url":"http:\/\/www.24baires.com\/?p=55226","url_meta":{"origin":56332,"position":5},"title":"\u00abSanz quiere exclusi\u00f3n social\u00bb","author":"Grupo Sierra","date":"11\/10\/2014","format":false,"excerpt":"As\u00ed lo expres\u00f3 el jefe de Gabinete, Jorge Capitanich, consider\u00f3 necesario \u201crepudiar en forma contundente\" los dichos del senador Ernesto Sanz (UCR) sobre que dejar\u00e1 sin efecto todas las recientes leyes del Congreso si llega a ser Presidente. Capitanich lo expres\u00f3 este mediod\u00eda a la prensa chaque\u00f1a en la Casa\u2026","rel":"","context":"En \u00abPol\u00edtica\u00bb","block_context":{"text":"Pol\u00edtica","link":"http:\/\/www.24baires.com\/?cat=51"},"img":{"alt_text":"cobos sanz ucr","src":"https:\/\/i0.wp.com\/www.24baires.com\/wp-content\/uploads\/2014\/05\/cobos-sanz-ucr.jpg?resize=350%2C200","width":350,"height":200,"srcset":"https:\/\/i0.wp.com\/www.24baires.com\/wp-content\/uploads\/2014\/05\/cobos-sanz-ucr.jpg?resize=350%2C200 1x, https:\/\/i0.wp.com\/www.24baires.com\/wp-content\/uploads\/2014\/05\/cobos-sanz-ucr.jpg?resize=525%2C300 1.5x"},"classes":[]}],"jetpack_sharing_enabled":true,"jetpack_likes_enabled":true,"jetpack_featured_media_url":"","_links":{"self":[{"href":"http:\/\/www.24baires.com\/index.php?rest_route=\/wp\/v2\/posts\/56332","targetHints":{"allow":["GET"]}}],"collection":[{"href":"http:\/\/www.24baires.com\/index.php?rest_route=\/wp\/v2\/posts"}],"about":[{"href":"http:\/\/www.24baires.com\/index.php?rest_route=\/wp\/v2\/types\/post"}],"author":[{"embeddable":true,"href":"http:\/\/www.24baires.com\/index.php?rest_route=\/wp\/v2\/users\/4"}],"replies":[{"embeddable":true,"href":"http:\/\/www.24baires.com\/index.php?rest_route=%2Fwp%2Fv2%2Fcomments&post=56332"}],"version-history":[{"count":1,"href":"http:\/\/www.24baires.com\/index.php?rest_route=\/wp\/v2\/posts\/56332\/revisions"}],"predecessor-version":[{"id":56333,"href":"http:\/\/www.24baires.com\/index.php?rest_route=\/wp\/v2\/posts\/56332\/revisions\/56333"}],"wp:attachment":[{"href":"http:\/\/www.24baires.com\/index.php?rest_route=%2Fwp%2Fv2%2Fmedia&parent=56332"}],"wp:term":[{"taxonomy":"category","embeddable":true,"href":"http:\/\/www.24baires.com\/index.php?rest_route=%2Fwp%2Fv2%2Fcategories&post=56332"},{"taxonomy":"post_tag","embeddable":true,"href":"http:\/\/www.24baires.com\/index.php?rest_route=%2Fwp%2Fv2%2Ftags&post=56332"}],"curies":[{"name":"wp","href":"https:\/\/api.w.org\/{rel}","templated":true}]}}