{"id":56328,"date":"2014-10-30T21:23:43","date_gmt":"2014-10-31T00:23:43","guid":{"rendered":"http:\/\/www.24baires.com\/?p=56328"},"modified":"2014-10-30T21:58:47","modified_gmt":"2014-10-31T00:58:47","slug":"el-sciolismo-y-la-urgencia-por-aprobar-el-presupuesto-2015","status":"publish","type":"post","link":"http:\/\/www.24baires.com\/?p=56328","title":{"rendered":"El sciolismo y la urgencia por aprobar el Presupuesto 2015"},"content":{"rendered":"<p><img data-recalc-dims=\"1\" loading=\"lazy\" decoding=\"async\" class=\"aligncenter size-full wp-image-42281\" src=\"https:\/\/i0.wp.com\/www.24baires.com\/wp-content\/uploads\/2014\/03\/Guido-Lorenzino-Matta.jpg?resize=560%2C383\" alt=\"Guido-Lorenzino-Matta\" width=\"560\" height=\"383\" srcset=\"https:\/\/i0.wp.com\/www.24baires.com\/wp-content\/uploads\/2014\/03\/Guido-Lorenzino-Matta.jpg?w=560 560w, https:\/\/i0.wp.com\/www.24baires.com\/wp-content\/uploads\/2014\/03\/Guido-Lorenzino-Matta.jpg?resize=300%2C205 300w\" sizes=\"auto, (max-width: 560px) 100vw, 560px\" \/>El diputado provincial Guido Lorenzino pidi\u00f3 hoy \u201cresponsabilidad\u201d a la oposici\u00f3n para aprobar el Presupuesto enviado por el Ejecutivo para el pr\u00f3ximo a\u00f1o y \u00abapur\u00f3\u00bb al Frente Renovador.<!--more--><\/p>\n<p>\u201cPresentamos el Presupuesto, lo hemos explicado y el Jefe de Gabinete provincial dar\u00e1 la explicaci\u00f3n general\u201d, explic\u00f3 Lorenzino, y agreg\u00f3 que cada fuerza \u201cdebe explicitar si votar\u00e1 con la propuesta de gastos y recursos, ya que no existe la votaci\u00f3n a medias\u201d.<\/p>\n<p>Pidi\u00f3 al respecto a las fuerzas opositoras \u201cprecisi\u00f3n\u201d a la hora de \u201cacompa\u00f1ar o no\u201d el Presupuesto, y \u201cno dar discursos con bajeza\u201d.<\/p>\n<p>\u201cEl endeudamiento nos permite hacer grandes obras, por eso le decimos a la sociedad que votamos gastos e ingresos\u201d, dijo el legislador, y critic\u00f3 al espacio del Frente Renovador porque \u201crealiza este juego medi\u00e1tico que distrae la verdadera discusi\u00f3n\u201d.<\/p>\n<p>\u201cEl endeudamiento estipulado en el Presupuesto se vincula a la necesidad de seguir transformando la Provincia a trav\u00e9s de las grandes obras estipuladas en la administraci\u00f3n de Daniel Scioli\u201d, explic\u00f3 el diputado.<\/p>\n<p>Remarc\u00f3 como \u201cnecesario\u201d que todas las fuerzas pol\u00edticas sean \u201cprecisas y honestas para decir qu\u00e9 van a votar\u201d, por ello, subray\u00f3: \u201csi votan presupuesto significa votar gastos e ingresos, de lo contrario le van a mentir a la gente si dicen que van a acompa\u00f1ar s\u00f3lo los gastos y no los ingresos, porque pondr\u00e1n como excusas el endeudamiento\u201d, asegur\u00f3 Lorenzino.<\/p>\n<p>&nbsp;<\/p>\n<p>&nbsp;<\/p>\n<p>&nbsp;<\/p>\n<p>&nbsp;<\/p>\n","protected":false},"excerpt":{"rendered":"<p>El diputado provincial Guido Lorenzino pidi\u00f3 hoy \u201cresponsabilidad\u201d a la oposici\u00f3n para aprobar el Presupuesto enviado por el Ejecutivo para el pr\u00f3ximo a\u00f1o y \u00abapur\u00f3\u00bb al Frente Renovador.<\/p>\n","protected":false},"author":11,"featured_media":0,"comment_status":"open","ping_status":"open","sticky":false,"template":"","format":"standard","meta":{"_jetpack_newsletter_access":"","_jetpack_dont_email_post_to_subs":false,"_jetpack_newsletter_tier_id":0,"_jetpack_memberships_contains_paywalled_content":false,"_jetpack_memberships_contains_paid_content":false,"footnotes":""},"categories":[51],"tags":[],"class_list":["post-56328","post","type-post","status-publish","format-standard","hentry","category-politica"],"jetpack_shortlink":"https:\/\/wp.me\/p2JWE0-eEw","jetpack-related-posts":[{"id":90935,"url":"http:\/\/www.24baires.com\/?p=90935","url_meta":{"origin":56328,"position":0},"title":"El oficialismo busca aprobar el presupuesto bonaerense","author":"AF","date":"21\/12\/2016","format":false,"excerpt":"Cambiemos negocia para que la Legislatura sancione este mi\u00e9rcoles la propuesta de gastos y de endeudamiento para la provincia en 2017. El oficialismo bonaerense intentar\u00e1 que la Legislatura provincial sancione el proyecto de ley de Presupuesto del a\u00f1o pr\u00f3ximo para la provincia de Buenos Aires, en las sesiones a las\u2026","rel":"","context":"En \u00abEconom\u00eda\u00bb","block_context":{"text":"Econom\u00eda","link":"http:\/\/www.24baires.com\/?cat=45"},"img":{"alt_text":"","src":"https:\/\/i0.wp.com\/www.24baires.com\/wp-content\/uploads\/2016\/10\/legislatura-bonaerense.jpg?resize=350%2C200","width":350,"height":200,"srcset":"https:\/\/i0.wp.com\/www.24baires.com\/wp-content\/uploads\/2016\/10\/legislatura-bonaerense.jpg?resize=350%2C200 1x, https:\/\/i0.wp.com\/www.24baires.com\/wp-content\/uploads\/2016\/10\/legislatura-bonaerense.jpg?resize=525%2C300 1.5x"},"classes":[]},{"id":35749,"url":"http:\/\/www.24baires.com\/?p=35749","url_meta":{"origin":56328,"position":1},"title":"Comienza semana clave para debatir el Presupuesto 2014","author":"AF","date":"26\/11\/2013","format":false,"excerpt":"Desde el oficialismo intentar\u00e1n desde este martes acercar posiciones con el massismo para poder destrabar el complejo escenario en torno a la aprobaci\u00f3n del Presupuesto 2014 y la Ley Impositiva. El acuerdo que comenzar\u00e1 a tomar color hoy con las primeras reuniones oficiales de la semana, que incluir\u00e1 adem\u00e1s las\u2026","rel":"","context":"En \u00abEconom\u00eda\u00bb","block_context":{"text":"Econom\u00eda","link":"http:\/\/www.24baires.com\/?cat=45"},"img":{"alt_text":"","src":"","width":0,"height":0},"classes":[]},{"id":35265,"url":"http:\/\/www.24baires.com\/?p=35265","url_meta":{"origin":56328,"position":2},"title":"Sciolistas renuevan sus cr\u00edticas a Massa por trabar el presupuesto 2014","author":"AF","date":"16\/11\/2013","format":false,"excerpt":"La ministra de Gobierno bonaerense, Cristina Alvarez Rodr\u00edguez, afirm\u00f3 que el l\u00edder del Frente Renovador \u201cpretende boicotear la gesti\u00f3n provincial\u201d en lo referente al presupuesto provincial 2014. \u201cEsta herramienta permitir\u00e1 conseguir financiamiento para realizar obras de importancia para los habitantes de la Provincia, no para gastos corrientes como dice Massa\",\u2026","rel":"","context":"En \u00abPol\u00edtica\u00bb","block_context":{"text":"Pol\u00edtica","link":"http:\/\/www.24baires.com\/?cat=51"},"img":{"alt_text":"alvarez-rodriguez - cristina","src":"https:\/\/i0.wp.com\/www.24baires.com\/wp-content\/uploads\/2012\/10\/alvarez-rodriguez-cristina.jpg?resize=350%2C200","width":350,"height":200,"srcset":"https:\/\/i0.wp.com\/www.24baires.com\/wp-content\/uploads\/2012\/10\/alvarez-rodriguez-cristina.jpg?resize=350%2C200 1x, https:\/\/i0.wp.com\/www.24baires.com\/wp-content\/uploads\/2012\/10\/alvarez-rodriguez-cristina.jpg?resize=525%2C300 1.5x"},"classes":[]},{"id":105250,"url":"http:\/\/www.24baires.com\/?p=105250","url_meta":{"origin":56328,"position":3},"title":"Vidal se reuni\u00f3 con Massa en busca de un aliado para destrabar el Presupuesto 2019","author":"GB","date":"02\/11\/2018","format":false,"excerpt":"La gobernadora Mar\u00eda Eugenia Vidal mantuvo un encuentro con el l\u00edder del Frente Renovador, Sergio Massa, en busca de un aliado para aprobar el Presupuesto 2019 en la Legislatura bonaerense, y luego de que el dirigente dijera que se correr\u00eda de ese debate, cuando el espacio que encabeza es clave\u2026","rel":"","context":"En \u00abProvincia\u00bb","block_context":{"text":"Provincia","link":"http:\/\/www.24baires.com\/?cat=40"},"img":{"alt_text":"","src":"https:\/\/i0.wp.com\/www.24baires.com\/wp-content\/uploads\/2018\/11\/vidal-massa-300x200.jpg?resize=350%2C200","width":350,"height":200},"classes":[]},{"id":35737,"url":"http:\/\/www.24baires.com\/?p=35737","url_meta":{"origin":56328,"position":4},"title":"Piden al Frente Renovador que \u00abrecapacite\u00bb ante el Presupuesto 2014","author":"GB","date":"25\/11\/2013","format":false,"excerpt":"El senador bonaerense por el Frente para la Victoria (FPV), Luciano Martini, pidi\u00f3 a los legisladores del Frente Renovador que lidera Sergio Massa que \u201crecapaciten\" y debatan el presupuesto provincial para 2014 elaborado por el gobierno de Daniel Scioli. \"Lo peor que puede pasar es que no haya presupuesto y\u2026","rel":"","context":"En \u00abEconom\u00eda\u00bb","block_context":{"text":"Econom\u00eda","link":"http:\/\/www.24baires.com\/?cat=45"},"img":{"alt_text":"","src":"","width":0,"height":0},"classes":[]},{"id":35893,"url":"http:\/\/www.24baires.com\/?p=35893","url_meta":{"origin":56328,"position":5},"title":"El Senado bonaerense aprob\u00f3 el Presupuesto 2014","author":"GB","date":"28\/11\/2013","format":false,"excerpt":"La C\u00e1mara Alta aprob\u00f3 el proyecto que prev\u00e9 gastos por m\u00e1s de 180.000 millones para el pr\u00f3ximo a\u00f1os, tras lograr un acuerdo entre el oficialismo y el Frente Renovador. Ahora, la iniciativa fue girada a Diputados, que tiene previsto sancionarla esta noche. La C\u00e1mara de Senadores bonaerense aprob\u00f3 esta tarde\u2026","rel":"","context":"En \u00abPol\u00edtica\u00bb","block_context":{"text":"Pol\u00edtica","link":"http:\/\/www.24baires.com\/?cat=51"},"img":{"alt_text":"","src":"","width":0,"height":0},"classes":[]}],"jetpack_sharing_enabled":true,"jetpack_likes_enabled":true,"jetpack_featured_media_url":"","_links":{"self":[{"href":"http:\/\/www.24baires.com\/index.php?rest_route=\/wp\/v2\/posts\/56328","targetHints":{"allow":["GET"]}}],"collection":[{"href":"http:\/\/www.24baires.com\/index.php?rest_route=\/wp\/v2\/posts"}],"about":[{"href":"http:\/\/www.24baires.com\/index.php?rest_route=\/wp\/v2\/types\/post"}],"author":[{"embeddable":true,"href":"http:\/\/www.24baires.com\/index.php?rest_route=\/wp\/v2\/users\/11"}],"replies":[{"embeddable":true,"href":"http:\/\/www.24baires.com\/index.php?rest_route=%2Fwp%2Fv2%2Fcomments&post=56328"}],"version-history":[{"count":1,"href":"http:\/\/www.24baires.com\/index.php?rest_route=\/wp\/v2\/posts\/56328\/revisions"}],"predecessor-version":[{"id":56329,"href":"http:\/\/www.24baires.com\/index.php?rest_route=\/wp\/v2\/posts\/56328\/revisions\/56329"}],"wp:attachment":[{"href":"http:\/\/www.24baires.com\/index.php?rest_route=%2Fwp%2Fv2%2Fmedia&parent=56328"}],"wp:term":[{"taxonomy":"category","embeddable":true,"href":"http:\/\/www.24baires.com\/index.php?rest_route=%2Fwp%2Fv2%2Fcategories&post=56328"},{"taxonomy":"post_tag","embeddable":true,"href":"http:\/\/www.24baires.com\/index.php?rest_route=%2Fwp%2Fv2%2Ftags&post=56328"}],"curies":[{"name":"wp","href":"https:\/\/api.w.org\/{rel}","templated":true}]}}