{"id":56298,"date":"2014-10-30T17:30:43","date_gmt":"2014-10-30T20:30:43","guid":{"rendered":"http:\/\/www.24baires.com\/?p=56298"},"modified":"2014-10-30T17:27:38","modified_gmt":"2014-10-30T20:27:38","slug":"de-la-sota-puso-en-duda-su-acuerdo-electoral-con-massa","status":"publish","type":"post","link":"http:\/\/www.24baires.com\/?p=56298","title":{"rendered":"De la Sota puso en duda su acuerdo electoral con Massa"},"content":{"rendered":"<p><img data-recalc-dims=\"1\" loading=\"lazy\" decoding=\"async\" class=\"aligncenter size-full wp-image-15521\" src=\"https:\/\/i0.wp.com\/www.24baires.com\/wp-content\/uploads\/2013\/02\/de-la-sota.jpg?resize=560%2C314\" alt=\"de la sota\" width=\"560\" height=\"314\" srcset=\"https:\/\/i0.wp.com\/www.24baires.com\/wp-content\/uploads\/2013\/02\/de-la-sota.jpg?w=560 560w, https:\/\/i0.wp.com\/www.24baires.com\/wp-content\/uploads\/2013\/02\/de-la-sota.jpg?resize=300%2C168 300w\" sizes=\"auto, (max-width: 560px) 100vw, 560px\" \/>El gobernador de C\u00f3rdoba, Jos\u00e9 Manuel De la Sota, confes\u00f3 hoy que a\u00fan no sabe si integrar\u00e1 un mismo espacio con el l\u00edder del Frente Renovador, Sergio Massa, de cara a las elecciones de 2015 y adem\u00e1s destac\u00f3 que con el gobernador bonaerense, Daniel Scioli, siempre tuvo \u00abuna relaci\u00f3n afectiva\u00bb.<br \/>\n<!--more--><\/p>\n<p>De la Sota formul\u00f3 esas declaraciones tras ser declarado Visitante Ilustre por el Concejo Deliberante de la ciudad de La Plata.<\/p>\n<p>Cuando se le pregunt\u00f3 sobre sus aspiraciones electorales de cara a 2015, el cordob\u00e9s remarc\u00f3 que quiere ser \u201cel presidente de la uni\u00f3n nacional\u201d.<\/p>\n<p>Sobre un posible acercamiento con Massa, el gobernador remarc\u00f3: \u201cNo s\u00e9 si estaremos en el mismo espacio o no, a\u00fan es muy temprano\u201d, y asegur\u00f3 que \u201chay muchos espacios que todav\u00eda no est\u00e1n definidos\u201d.<\/p>\n<p>Sobre su relaci\u00f3n con Scioli, De la Sota reconoci\u00f3 que ?es cordial y afectiva\u00bb.<\/p>\n<p>&nbsp;<\/p>\n<p>&nbsp;<\/p>\n<p>&nbsp;<\/p>\n<p>&nbsp;<\/p>\n<p>&nbsp;<\/p>\n<p>&nbsp;<\/p>\n<p>&nbsp;<\/p>\n<p>&nbsp;<\/p>\n<p>&nbsp;<\/p>\n<p>&nbsp;<\/p>\n<p>&nbsp;<\/p>\n","protected":false},"excerpt":{"rendered":"<p>El gobernador de C\u00f3rdoba, Jos\u00e9 Manuel De la Sota, confes\u00f3 hoy que a\u00fan no sabe si integrar\u00e1 un mismo espacio con el l\u00edder del Frente Renovador, Sergio Massa, de cara a las elecciones de 2015 y adem\u00e1s destac\u00f3 que con el gobernador bonaerense, Daniel Scioli, siempre tuvo \u00abuna relaci\u00f3n afectiva\u00bb.<\/p>\n","protected":false},"author":8,"featured_media":0,"comment_status":"open","ping_status":"open","sticky":false,"template":"","format":"standard","meta":{"_jetpack_newsletter_access":"","_jetpack_dont_email_post_to_subs":false,"_jetpack_newsletter_tier_id":0,"_jetpack_memberships_contains_paywalled_content":false,"_jetpack_memberships_contains_paid_content":false,"footnotes":""},"categories":[51],"tags":[],"class_list":["post-56298","post","type-post","status-publish","format-standard","hentry","category-politica"],"jetpack_shortlink":"https:\/\/wp.me\/p2JWE0-eE2","jetpack-related-posts":[{"id":72547,"url":"http:\/\/www.24baires.com\/?p=72547","url_meta":{"origin":56298,"position":0},"title":"Massa: el acuerdo entre el FR y la UCR fracas\u00f3 porque \u00abno hubo visi\u00f3n estrat\u00e9gica\u00bb","author":"AF","date":"23\/09\/2015","format":false,"excerpt":"El candidato presidencial del Frente Renovador a\u00fan as\u00ed se mostr\u00f3 \"convencido\" de su triunfo si llegara a competir en un eventual balotaje frente al candidato del FpV, Daniel Scioli. \"No hubo visi\u00f3n estrat\u00e9gica para construir la gran primaria, pero no vale la pena llorar sobre lo que no pas\u00f3\", afirm\u00f3\u2026","rel":"","context":"En \u00abPol\u00edtica\u00bb","block_context":{"text":"Pol\u00edtica","link":"http:\/\/www.24baires.com\/?cat=51"},"img":{"alt_text":"sergio massa","src":"https:\/\/i0.wp.com\/www.24baires.com\/wp-content\/uploads\/2015\/06\/sergio-massa.jpg?resize=350%2C200","width":350,"height":200,"srcset":"https:\/\/i0.wp.com\/www.24baires.com\/wp-content\/uploads\/2015\/06\/sergio-massa.jpg?resize=350%2C200 1x, https:\/\/i0.wp.com\/www.24baires.com\/wp-content\/uploads\/2015\/06\/sergio-massa.jpg?resize=525%2C300 1.5x"},"classes":[]},{"id":51907,"url":"http:\/\/www.24baires.com\/?p=51907","url_meta":{"origin":56298,"position":1},"title":"De La Sota quiere figurar en provincia","author":"Grupo Sierra","date":"15\/08\/2014","format":false,"excerpt":"El Mandatario cordob\u00e9s pasar\u00e1 por Pilar este viernes para empezar a caminar por diversos municipios, especialmente en tierras fuertes del massismo. Y tiene previstos contactos con el merlense Ra\u00fal Othaceh\u00e9 y concejales del Frente Renovador en Mor\u00f3n. Sin que est\u00e9 definida su pulseada interna con Sergio Massa en el Frente\u2026","rel":"","context":"En \u00abElecciones 2015\u00bb","block_context":{"text":"Elecciones 2015","link":"http:\/\/www.24baires.com\/?cat=74"},"img":{"alt_text":"scioli de la sota","src":"https:\/\/i0.wp.com\/www.24baires.com\/wp-content\/uploads\/2013\/12\/scioli-de-la-sota.jpg?resize=350%2C200","width":350,"height":200,"srcset":"https:\/\/i0.wp.com\/www.24baires.com\/wp-content\/uploads\/2013\/12\/scioli-de-la-sota.jpg?resize=350%2C200 1x, https:\/\/i0.wp.com\/www.24baires.com\/wp-content\/uploads\/2013\/12\/scioli-de-la-sota.jpg?resize=525%2C300 1.5x"},"classes":[]},{"id":14576,"url":"http:\/\/www.24baires.com\/?p=14576","url_meta":{"origin":56298,"position":2},"title":"Scioli ya tiene a &#8216;La Juan Domingo&#8217; trabajando en C\u00f3rdoba para su candidatura presidencial","author":"Grupo Sierra","date":"03\/02\/2013","format":false,"excerpt":"Organizado por los dirigentes Diego Hak, Federico Alvarez y Fernando Masucci, y con la presencia de los senadores provinciales Mar\u00eda Azucena Ehcosor y Alberto De Fazio, se llev\u00f3 a cabo este domingo el lanzamiento de la agrupaci\u00f3n sciolista 'La Juan Domingo' C\u00f3rdoba, que desde las tierras de De la Sota,\u2026","rel":"","context":"En \u00abPol\u00edtica\u00bb","block_context":{"text":"Pol\u00edtica","link":"http:\/\/www.24baires.com\/?cat=51"},"img":{"alt_text":"","src":"","width":0,"height":0},"classes":[]},{"id":120181,"url":"http:\/\/www.24baires.com\/?p=120181","url_meta":{"origin":56298,"position":3},"title":"El Frente de Todos pasa a llamarse \u00abUni\u00f3n por la Patria\u00bb","author":"AF","date":"14\/06\/2023","format":false,"excerpt":"Los distintos sectores que componen el frente oficialista mantienen reuniones para definir, entre otras cosas, la constituci\u00f3n de su junta partidaria y el reglamento electoral que fijar\u00e1 pisos y porcentajes para la integraci\u00f3n de listas. El Frente de Todos (FdT) se llamar\u00e1 Uni\u00f3n por la Patria (UxP) en las pr\u00f3ximas\u2026","rel":"","context":"En \u00abPol\u00edtica\u00bb","block_context":{"text":"Pol\u00edtica","link":"http:\/\/www.24baires.com\/?cat=51"},"img":{"alt_text":"","src":"https:\/\/i0.wp.com\/www.24baires.com\/wp-content\/uploads\/2023\/06\/cfk-25-5.png?resize=350%2C200","width":350,"height":200,"srcset":"https:\/\/i0.wp.com\/www.24baires.com\/wp-content\/uploads\/2023\/06\/cfk-25-5.png?resize=350%2C200 1x, https:\/\/i0.wp.com\/www.24baires.com\/wp-content\/uploads\/2023\/06\/cfk-25-5.png?resize=525%2C300 1.5x, https:\/\/i0.wp.com\/www.24baires.com\/wp-content\/uploads\/2023\/06\/cfk-25-5.png?resize=700%2C400 2x, https:\/\/i0.wp.com\/www.24baires.com\/wp-content\/uploads\/2023\/06\/cfk-25-5.png?resize=1050%2C600 3x"},"classes":[]},{"id":14499,"url":"http:\/\/www.24baires.com\/?p=14499","url_meta":{"origin":56298,"position":4},"title":"\u00abDe la Sota ahora tiene objeciones con las antenas de la TV Digital y hace un a\u00f1o no\u00bb","author":"Grupo Sierra","date":"03\/02\/2013","format":false,"excerpt":"El titular del ANSES, Diego Bossio, sali\u00f3 a criticar duramente al gobernador de la provincia\u00a0mediterr\u00e1nea\u00a0 y afirm\u00f3 que \"hace rato que veo un De la Sota cansado de C\u00f3rdoba y endeudado\". Asimismo, Bossio manifest\u00f3 que \u201ces preocupante que un gobernador se haya mantenido en campa\u00f1a electoral desde que asumi\u00f3 su\u2026","rel":"","context":"En \u00abPol\u00edtica\u00bb","block_context":{"text":"Pol\u00edtica","link":"http:\/\/www.24baires.com\/?cat=51"},"img":{"alt_text":"","src":"","width":0,"height":0},"classes":[]},{"id":65289,"url":"http:\/\/www.24baires.com\/?p=65289","url_meta":{"origin":56298,"position":5},"title":"\u00abNo tengo dudas de que Scioli va a ser el presidente\u00bb","author":"AF","date":"04\/05\/2015","format":false,"excerpt":"El secretario de Seguridad de la Naci\u00f3n, Sergio Berni, confi\u00f3 hoy en el triunfo de Daniel Scioli en las elecciones presidenciales de octubre, como el candidato del Frente para la Victoria (FpV), y consider\u00f3 a Sergio Massa, del Frente Renovador, un \"kirchnerista despechado\" y a Macri el reeditor \"de la\u2026","rel":"","context":"En \u00abElecciones 2015\u00bb","block_context":{"text":"Elecciones 2015","link":"http:\/\/www.24baires.com\/?cat=74"},"img":{"alt_text":"","src":"https:\/\/i0.wp.com\/www.24baires.com\/wp-content\/uploads\/2015\/05\/berni-scioli.jpg?resize=350%2C200","width":350,"height":200,"srcset":"https:\/\/i0.wp.com\/www.24baires.com\/wp-content\/uploads\/2015\/05\/berni-scioli.jpg?resize=350%2C200 1x, https:\/\/i0.wp.com\/www.24baires.com\/wp-content\/uploads\/2015\/05\/berni-scioli.jpg?resize=525%2C300 1.5x"},"classes":[]}],"jetpack_sharing_enabled":true,"jetpack_likes_enabled":true,"jetpack_featured_media_url":"","_links":{"self":[{"href":"http:\/\/www.24baires.com\/index.php?rest_route=\/wp\/v2\/posts\/56298","targetHints":{"allow":["GET"]}}],"collection":[{"href":"http:\/\/www.24baires.com\/index.php?rest_route=\/wp\/v2\/posts"}],"about":[{"href":"http:\/\/www.24baires.com\/index.php?rest_route=\/wp\/v2\/types\/post"}],"author":[{"embeddable":true,"href":"http:\/\/www.24baires.com\/index.php?rest_route=\/wp\/v2\/users\/8"}],"replies":[{"embeddable":true,"href":"http:\/\/www.24baires.com\/index.php?rest_route=%2Fwp%2Fv2%2Fcomments&post=56298"}],"version-history":[{"count":1,"href":"http:\/\/www.24baires.com\/index.php?rest_route=\/wp\/v2\/posts\/56298\/revisions"}],"predecessor-version":[{"id":56299,"href":"http:\/\/www.24baires.com\/index.php?rest_route=\/wp\/v2\/posts\/56298\/revisions\/56299"}],"wp:attachment":[{"href":"http:\/\/www.24baires.com\/index.php?rest_route=%2Fwp%2Fv2%2Fmedia&parent=56298"}],"wp:term":[{"taxonomy":"category","embeddable":true,"href":"http:\/\/www.24baires.com\/index.php?rest_route=%2Fwp%2Fv2%2Fcategories&post=56298"},{"taxonomy":"post_tag","embeddable":true,"href":"http:\/\/www.24baires.com\/index.php?rest_route=%2Fwp%2Fv2%2Ftags&post=56298"}],"curies":[{"name":"wp","href":"https:\/\/api.w.org\/{rel}","templated":true}]}}