{"id":56295,"date":"2014-10-30T17:00:52","date_gmt":"2014-10-30T20:00:52","guid":{"rendered":"http:\/\/www.24baires.com\/?p=56295"},"modified":"2014-10-30T17:20:55","modified_gmt":"2014-10-30T20:20:55","slug":"scioli-anuncio-creditos-para-los-afectados-por-el-temporal","status":"publish","type":"post","link":"http:\/\/www.24baires.com\/?p=56295","title":{"rendered":"Scioli anunci\u00f3 cr\u00e9ditos para los afectados por el temporal"},"content":{"rendered":"<p><img data-recalc-dims=\"1\" loading=\"lazy\" decoding=\"async\" class=\"aligncenter size-full wp-image-56296\" src=\"https:\/\/i0.wp.com\/www.24baires.com\/wp-content\/uploads\/2014\/10\/scioli-lujan.jpg?resize=560%2C344\" alt=\"scioli lujan\" width=\"560\" height=\"344\" srcset=\"https:\/\/i0.wp.com\/www.24baires.com\/wp-content\/uploads\/2014\/10\/scioli-lujan.jpg?w=560 560w, https:\/\/i0.wp.com\/www.24baires.com\/wp-content\/uploads\/2014\/10\/scioli-lujan.jpg?resize=300%2C184 300w\" sizes=\"auto, (max-width: 560px) 100vw, 560px\" \/>El gobernador inform\u00f3 sobre una l\u00ednea crediticia de unos 50 millones de pesos, por la que se otorgar\u00e1n hasta $ 50 mil por familia, a trav\u00e9s del Banco Provincia. Tendr\u00e1 una tasa fija anual del 15,5 % y servir\u00e1 \u201cpara atenuar y compensar las p\u00e9rdidas\u201d de los damnificados. El mandatario asegur\u00f3 que \u201cqueremos transmitir tranquilidad a la sociedad\u201d porque \u201cel pico de crecidas ya pas\u00f3\u201d. Gustavo Marangoni, por su parte, remarc\u00f3 que \u201cel pr\u00e9stamo involucra tanto a personas f\u00edsicas como a comercios e industriales\u201d.<!--more--><\/p>\n<p>El gobernador Daniel Scioli anunci\u00f3 este jueves que el Banco Provincia otorgar\u00e1 una l\u00ednea de cr\u00e9ditos de hasta 50 millones de pesos \u201cpara los vecinos y comerciantes que han tenido p\u00e9rdidas materiales\u201d, tras el temporal que azot\u00f3 a gran parte de la Provincia entre este martes y mi\u00e9rcoles, y que hiciera especial mella en los municipios de Bragado, Luj\u00e1n, La Plata, La Matanza y Coronel Pringles, entre muchos otros.<\/p>\n<p>En conferencia de prensa, y acompa\u00f1ado por el presidente de la entidad crediticia, Gustavo Marangoni, Scioli inform\u00f3 que \u201cel Banco Provincia otorgar\u00e1 una l\u00ednea de cr\u00e9ditos de 50 millones de pesos a una tasa fija anual del 15,5 %, para atenuar y compensar las p\u00e9rdidas\u201d.<\/p>\n<p>\u201cQueremos transmitir tranquilidad a la sociedad, el pico de crecidas ya pas\u00f3\u201d, asegur\u00f3 el Gobernador, al tiempo que a\u00f1adi\u00f3 que se espera que \u201cla situaci\u00f3n se vaya normalizando y los evacuados que tenemos en los distintos centros puedan volver a sus casas\u201d.<\/p>\n<p>Por su parte, Marangoni especific\u00f3 que \u201cse otorgar\u00e1n hasta 50.000 pesos por familia a una tasa atenuada fija del 15,5 %, sin comisi\u00f3n, a 48 meses de plazo (4 a\u00f1os)\u201d.<\/p>\n<p>Agreg\u00f3 que \u201cel pr\u00e9stamo involucra tanto a personas f\u00edsicas como a comercios e industriales que han sufrido niveles de destrozos y p\u00e9rdidas de materiales\u201d, y que \u201cel tr\u00e1mite podr\u00e1 hacerse en las distintas sucursales del Banco Provincia de las ciudades afectadas, con el certificado de damnificado que otorga cada uno de los municipios\u201d.<\/p>\n<p>No obstante, aclar\u00f3 que existir\u00e1n \u201cestrictos controles para corroborar que quienes solicitan el cr\u00e9dito sean, efectivamente, damnificados, entrecruzando datos con los municipios y dem\u00e1s organismos\u201d.<\/p>\n<p>&nbsp;<\/p>\n<p>&nbsp;<\/p>\n<p>&nbsp;<\/p>\n<p>&nbsp;<\/p>\n<p>&nbsp;<\/p>\n<p>&nbsp;<\/p>\n<p>&nbsp;<\/p>\n<p>&nbsp;<\/p>\n<p>&nbsp;<\/p>\n<p>&nbsp;<\/p>\n<p>&nbsp;<\/p>\n<p>&nbsp;<\/p>\n<p>&nbsp;<\/p>\n<p>&nbsp;<\/p>\n","protected":false},"excerpt":{"rendered":"<p>El gobernador inform\u00f3 sobre una l\u00ednea crediticia de unos 50 millones de pesos, por la que se otorgar\u00e1n hasta $ 50 mil por familia, a trav\u00e9s del Banco Provincia. Tendr\u00e1 una tasa fija anual del 15,5 % y servir\u00e1 \u201cpara atenuar y compensar las p\u00e9rdidas\u201d de los damnificados. El mandatario asegur\u00f3 que \u201cqueremos transmitir tranquilidad a la sociedad\u201d porque \u201cel [&#8230;]<\/p>\n","protected":false},"author":8,"featured_media":0,"comment_status":"open","ping_status":"open","sticky":false,"template":"","format":"standard","meta":{"_jetpack_newsletter_access":"","_jetpack_dont_email_post_to_subs":false,"_jetpack_newsletter_tier_id":0,"_jetpack_memberships_contains_paywalled_content":false,"_jetpack_memberships_contains_paid_content":false,"footnotes":""},"categories":[51],"tags":[],"class_list":["post-56295","post","type-post","status-publish","format-standard","hentry","category-politica"],"jetpack_shortlink":"https:\/\/wp.me\/p2JWE0-eDZ","jetpack-related-posts":[{"id":20688,"url":"http:\/\/www.24baires.com\/?p=20688","url_meta":{"origin":56295,"position":0},"title":"El Banco Provincia ya otorg\u00f3 cr\u00e9ditos por $5 millones a damnificados por el temporal","author":"AF","date":"10\/04\/2013","format":false,"excerpt":"As\u00ed lo inform\u00f3 el presidente de la entidad bancaria, Gustavo Marangoni, tras un encuentro con el gobernador Daniel Scioli. Dijo que \"ayer (por este martes) se otorgaron cinco millones de pesos en cr\u00e9ditos\" y subray\u00f3 que estos \"son los primeros y no hay un monto tope\". Se otorgan cr\u00e9ditos de\u2026","rel":"","context":"En \u00abEconom\u00eda\u00bb","block_context":{"text":"Econom\u00eda","link":"http:\/\/www.24baires.com\/?cat=45"},"img":{"alt_text":"","src":"https:\/\/i0.wp.com\/www.24baires.com\/wp-content\/uploads\/2013\/04\/donaciones-LP.jpg?resize=350%2C200","width":350,"height":200},"classes":[]},{"id":20160,"url":"http:\/\/www.24baires.com\/?p=20160","url_meta":{"origin":56295,"position":1},"title":"El Banco Provincia lanza l\u00ednea de cr\u00e9ditos &#8216;blandos&#8217; para afectados por el temporal","author":"AF","date":"04\/04\/2013","format":false,"excerpt":"El Banco Provincia lanz\u00f3 una l\u00ednea de cr\u00e9ditos blandos para las personas afectadas por el fen\u00f3meno clim\u00e1tico con el objetivo de asistir a las familias en la reparaci\u00f3n de los da\u00f1os materiales. Se trata de pr\u00e9stamos de hasta 50 mil pesos, a 48 meses de plazo y con una tasa\u2026","rel":"","context":"En \u00abEconom\u00eda\u00bb","block_context":{"text":"Econom\u00eda","link":"http:\/\/www.24baires.com\/?cat=45"},"img":{"alt_text":"","src":"","width":0,"height":0},"classes":[]},{"id":105246,"url":"http:\/\/www.24baires.com\/?p=105246","url_meta":{"origin":56295,"position":2},"title":"Vidal anunci\u00f3 medidas para las pymes","author":"GB","date":"02\/11\/2018","format":false,"excerpt":"La Gobernadora present\u00f3 un paquete de iniciativas que incluyen ayuda financiera, incentivos productivos y asistencia impositiva. La gobernadora Mar\u00eda Eugenia Vidal present\u00f3 desde Mor\u00f3n un paquete de medidas para \"acompa\u00f1ar\" a las peque\u00f1as y medianas empresas y admiti\u00f3 que noviembre y diciembre ser\u00e1n \"meses complicados\" para el sector por la\u2026","rel":"","context":"En \u00abProvincia\u00bb","block_context":{"text":"Provincia","link":"http:\/\/www.24baires.com\/?cat=40"},"img":{"alt_text":"","src":"https:\/\/i0.wp.com\/www.24baires.com\/wp-content\/uploads\/2018\/03\/vidal-1.jpg?resize=350%2C200","width":350,"height":200,"srcset":"https:\/\/i0.wp.com\/www.24baires.com\/wp-content\/uploads\/2018\/03\/vidal-1.jpg?resize=350%2C200 1x, https:\/\/i0.wp.com\/www.24baires.com\/wp-content\/uploads\/2018\/03\/vidal-1.jpg?resize=525%2C300 1.5x"},"classes":[]},{"id":93648,"url":"http:\/\/www.24baires.com\/?p=93648","url_meta":{"origin":56295,"position":3},"title":"El Banco Provincia extendi\u00f3 la l\u00ednea de cr\u00e9ditos para inundados","author":"AF","date":"07\/04\/2017","format":false,"excerpt":"El presidente de Banco Provincia, Juan Curutchet, confirm\u00f3 que \u201cse prorrog\u00f3 hasta el 30 de junio la vigencia de los pr\u00e9stamos para los afectados por fen\u00f3menos clim\u00e1ticos en Pergamino y San Nicol\u00e1s\u201d. Se trata de una l\u00ednea especial con s\u00f3lo 12% de inter\u00e9s y est\u00e1 destinada a los perjudicados por\u2026","rel":"","context":"En \u00abSociedad\u00bb","block_context":{"text":"Sociedad","link":"http:\/\/www.24baires.com\/?cat=1"},"img":{"alt_text":"","src":"https:\/\/i0.wp.com\/www.24baires.com\/wp-content\/uploads\/2017\/01\/inundaciones.jpg?resize=350%2C200","width":350,"height":200,"srcset":"https:\/\/i0.wp.com\/www.24baires.com\/wp-content\/uploads\/2017\/01\/inundaciones.jpg?resize=350%2C200 1x, https:\/\/i0.wp.com\/www.24baires.com\/wp-content\/uploads\/2017\/01\/inundaciones.jpg?resize=525%2C300 1.5x"},"classes":[]},{"id":36359,"url":"http:\/\/www.24baires.com\/?p=36359","url_meta":{"origin":56295,"position":4},"title":"Chivilcoy: tras el tornado, habilitan l\u00ednea de cr\u00e9dito de $8 millones","author":"AF","date":"07\/12\/2013","format":false,"excerpt":"Lo anunciaron autoridades provinciales que recorrieron con el intendente An\u00edbal Pittelli la ciudad afectada por el temporal del pasado lunes. Los pr\u00e9stamos ser\u00e1n de 30.000 pesos y tendr\u00e1n una tasa fija del 13 por ciento por un plazo de 4 a\u00f1os. El ministro de la Producci\u00f3n bonaerense, Cristian Breitenstein, junto\u2026","rel":"","context":"En \u00abLocales\u00bb","block_context":{"text":"Locales","link":"http:\/\/www.24baires.com\/?cat=38"},"img":{"alt_text":"","src":"","width":0,"height":0},"classes":[]},{"id":104525,"url":"http:\/\/www.24baires.com\/?p=104525","url_meta":{"origin":56295,"position":5},"title":"El Banco Provincia anunci\u00f3 los d\u00edas de 50% de descuento","author":"GB","date":"18\/09\/2018","format":false,"excerpt":"Desde la entidad confirmaron la incorporaci\u00f3n de nuevas cadenas a la promoci\u00f3n para septiembre El Banco Provincia anunci\u00f3 los d\u00edas de 50% de descuento: se suman 58 supermercados marplatenses Banco Provincia anunci\u00f3 la incorporaci\u00f3n de nuevas cadenas de supermercados a la promoci\u00f3n del 50% de descuento para septiembre, que ser\u00e1\u2026","rel":"","context":"En \u00abConsumidores\u00bb","block_context":{"text":"Consumidores","link":"http:\/\/www.24baires.com\/?cat=78"},"img":{"alt_text":"","src":"https:\/\/i0.wp.com\/www.24baires.com\/wp-content\/uploads\/2018\/08\/supermercado.jpg?resize=350%2C200","width":350,"height":200,"srcset":"https:\/\/i0.wp.com\/www.24baires.com\/wp-content\/uploads\/2018\/08\/supermercado.jpg?resize=350%2C200 1x, https:\/\/i0.wp.com\/www.24baires.com\/wp-content\/uploads\/2018\/08\/supermercado.jpg?resize=525%2C300 1.5x"},"classes":[]}],"jetpack_sharing_enabled":true,"jetpack_likes_enabled":true,"jetpack_featured_media_url":"","_links":{"self":[{"href":"http:\/\/www.24baires.com\/index.php?rest_route=\/wp\/v2\/posts\/56295","targetHints":{"allow":["GET"]}}],"collection":[{"href":"http:\/\/www.24baires.com\/index.php?rest_route=\/wp\/v2\/posts"}],"about":[{"href":"http:\/\/www.24baires.com\/index.php?rest_route=\/wp\/v2\/types\/post"}],"author":[{"embeddable":true,"href":"http:\/\/www.24baires.com\/index.php?rest_route=\/wp\/v2\/users\/8"}],"replies":[{"embeddable":true,"href":"http:\/\/www.24baires.com\/index.php?rest_route=%2Fwp%2Fv2%2Fcomments&post=56295"}],"version-history":[{"count":1,"href":"http:\/\/www.24baires.com\/index.php?rest_route=\/wp\/v2\/posts\/56295\/revisions"}],"predecessor-version":[{"id":56297,"href":"http:\/\/www.24baires.com\/index.php?rest_route=\/wp\/v2\/posts\/56295\/revisions\/56297"}],"wp:attachment":[{"href":"http:\/\/www.24baires.com\/index.php?rest_route=%2Fwp%2Fv2%2Fmedia&parent=56295"}],"wp:term":[{"taxonomy":"category","embeddable":true,"href":"http:\/\/www.24baires.com\/index.php?rest_route=%2Fwp%2Fv2%2Fcategories&post=56295"},{"taxonomy":"post_tag","embeddable":true,"href":"http:\/\/www.24baires.com\/index.php?rest_route=%2Fwp%2Fv2%2Ftags&post=56295"}],"curies":[{"name":"wp","href":"https:\/\/api.w.org\/{rel}","templated":true}]}}