{"id":56250,"date":"2014-10-29T20:36:32","date_gmt":"2014-10-29T23:36:32","guid":{"rendered":"http:\/\/www.24baires.com\/?p=56250"},"modified":"2014-10-29T21:10:03","modified_gmt":"2014-10-30T00:10:03","slug":"la-ucr-se-acerca-a-la-dupla-barrionuevo-moyano","status":"publish","type":"post","link":"http:\/\/www.24baires.com\/?p=56250","title":{"rendered":"La UCR se acerca a la dupla Barrionuevo-Moyano"},"content":{"rendered":"<p><img data-recalc-dims=\"1\" loading=\"lazy\" decoding=\"async\" class=\"aligncenter size-full wp-image-52398\" src=\"https:\/\/i0.wp.com\/www.24baires.com\/wp-content\/uploads\/2014\/08\/barrionuevo-moyano.jpg?resize=560%2C315\" alt=\"barrionuevo moyano\" width=\"560\" height=\"315\" srcset=\"https:\/\/i0.wp.com\/www.24baires.com\/wp-content\/uploads\/2014\/08\/barrionuevo-moyano.jpg?w=560 560w, https:\/\/i0.wp.com\/www.24baires.com\/wp-content\/uploads\/2014\/08\/barrionuevo-moyano.jpg?resize=300%2C168 300w\" sizes=\"auto, (max-width: 560px) 100vw, 560px\" \/>Los dirigentes sindicales, Hugo Moyano (CGT-Azopardo) y Luis Barrionuevo (CGT-Azul y Blanca) participar\u00e1n de la asunci\u00f3n de las nuevas autoridades de la Organizaci\u00f3n de Trabajadores Radicales (OTR), dieron una muestra m\u00e1s de las \u00abafianzadas\u00bb relaciones que mantiene el centenario partido con los gremialistas opositores.<!--more--><\/p>\n<p>Moyano y Barrionuevo visitar\u00e1n el Comit\u00e9 Capital de la UCR porte\u00f1a (Tucum\u00e1n 1660), donde se desarrollar\u00e1 la ceremonia de asunci\u00f3n del dirigente de la Asociaci\u00f3n del Personal de los Organismos de Control (APOC), Federico Recagno, como secretario general de la OTR y el resto de las autoridades de la comisi\u00f3n directiva.<\/p>\n<p>El titular de la CTA disidente, Pablo Micheli, tambi\u00e9n fue invitado al acto, pero no confirm\u00f3 su participaci\u00f3n.<\/p>\n<p>Fuentes partidarias se\u00f1alaron que la \u00abnueva comisi\u00f3n, es la primera en la historia de la OTR en estar formada \u00edntegramente por sindicalistas radicales\u00bb.<\/p>\n<p>Recagno es actual secretario adjunto de APOC, gremio que se encuentra encuadrado en la CGT-Azopardo, que conduce Moyano.<\/p>\n<p>Desde la OTR, afirmaron que la presencia de Barrionuevo y Moyano en el acto da muestra de las \u00abafianzadas\u00bb relaciones que la UCR mantiene con los gremialistas opositores, fundamentalmente con el dirigente camionero.<\/p>\n<p>Tanto es as\u00ed que las nuevas autoridades de la Organizaci\u00f3n de Trabajadores Radicales avanzan con Moyano en un acuerdo que permita a la OTR tener oficinas propias en el viejo edificio de la calle Azopardo.<\/p>\n<p>Al finalizar el acto, del que participar\u00e1n adem\u00e1s autoridades partidarias y legisladores radicales, se inaugurar\u00e1 el Centro de Estudios \u201cDr. Luis Ar\u00e9dez\u201d, un \u00abespacio destinado a la promoci\u00f3n de la educaci\u00f3n y a la formaci\u00f3n profesional\u00bb, apuntaron los organizadores.<\/p>\n<p>El acercamiento de Moyano y Barrionuevo al radicalismo se viene acentuando desde el respaldo de la c\u00fapula radical a la marcha a Plaza de Mayo convocada por los dirigentes opositores en diciembre de 2012 contra el gobierno nacional.<\/p>\n","protected":false},"excerpt":{"rendered":"<p>Los dirigentes sindicales, Hugo Moyano (CGT-Azopardo) y Luis Barrionuevo (CGT-Azul y Blanca) participar\u00e1n de la asunci\u00f3n de las nuevas autoridades de la Organizaci\u00f3n de Trabajadores Radicales (OTR), dieron una muestra m\u00e1s de las \u00abafianzadas\u00bb relaciones que mantiene el centenario partido con los gremialistas opositores.<\/p>\n","protected":false},"author":11,"featured_media":0,"comment_status":"open","ping_status":"open","sticky":false,"template":"","format":"standard","meta":{"_jetpack_newsletter_access":"","_jetpack_dont_email_post_to_subs":false,"_jetpack_newsletter_tier_id":0,"_jetpack_memberships_contains_paywalled_content":false,"_jetpack_memberships_contains_paid_content":false,"footnotes":""},"categories":[51],"tags":[],"class_list":["post-56250","post","type-post","status-publish","format-standard","hentry","category-politica"],"jetpack_shortlink":"https:\/\/wp.me\/p2JWE0-eDg","jetpack-related-posts":[{"id":9674,"url":"http:\/\/www.24baires.com\/?p=9674","url_meta":{"origin":56250,"position":0},"title":"Moyano, Micheli y opositores marchan a la Plaza","author":"AF","date":"19\/12\/2012","format":false,"excerpt":"La CGT moyanista, la CTA de Pablo Micheli y partidos opositores se movilizan este mi\u00e9rcoles a la Plaza de Mayo para exigir un aumento del m\u00ednimo no imponible, la universalizaci\u00f3n del salario familiar y el reparto de fondos de las obras sociales sindicales, entre otras demandas. La CGT-Azul y Blanca\u2026","rel":"","context":"En \u00abSociedad\u00bb","block_context":{"text":"Sociedad","link":"http:\/\/www.24baires.com\/?cat=1"},"img":{"alt_text":"","src":"","width":0,"height":0},"classes":[]},{"id":100523,"url":"http:\/\/www.24baires.com\/?p=100523","url_meta":{"origin":56250,"position":1},"title":"Barrionuevo confirm\u00f3 que se baja de la marcha del 21","author":"AF","date":"14\/02\/2018","format":false,"excerpt":"\"Se mezcl\u00f3 todo\", argument\u00f3 el titular de gremio gastron\u00f3mico, Luis Barrionuevo, para dar un paso al costado de la marcha convocada por Camioneros para el 21 de febrero. El sindicalista se\u00f1al\u00f3 que se trata de \"una pelea personal\" entre Moyano y el presidente Mauricio Macri, aunque esa disputa ya estaba\u2026","rel":"","context":"En \u00abSociedad\u00bb","block_context":{"text":"Sociedad","link":"http:\/\/www.24baires.com\/?cat=1"},"img":{"alt_text":"","src":"https:\/\/i0.wp.com\/www.24baires.com\/wp-content\/uploads\/2014\/08\/barrionuevo-moyano.jpg?resize=350%2C200","width":350,"height":200,"srcset":"https:\/\/i0.wp.com\/www.24baires.com\/wp-content\/uploads\/2014\/08\/barrionuevo-moyano.jpg?resize=350%2C200 1x, https:\/\/i0.wp.com\/www.24baires.com\/wp-content\/uploads\/2014\/08\/barrionuevo-moyano.jpg?resize=525%2C300 1.5x"},"classes":[]},{"id":100576,"url":"http:\/\/www.24baires.com\/?p=100576","url_meta":{"origin":56250,"position":2},"title":"Schmid admiti\u00f3 el quiebre en la conducci\u00f3n de la CGT","author":"AF","date":"16\/02\/2018","format":false,"excerpt":"El dirigente sindical y triunviro de la CGT sostuvo que \u201chay que barajar y dar de nuevo\" respecto a la conducci\u00f3n colegiada, aunque se\u00f1al\u00f3 que el hecho de que haya un solo secretario general no resolver\u00e1 las internas. \"Si tomamos decisiones en el colectivo y despu\u00e9s las desconocemos, estamos con\u2026","rel":"","context":"En \u00abLocales\u00bb","block_context":{"text":"Locales","link":"http:\/\/www.24baires.com\/?cat=38"},"img":{"alt_text":"","src":"https:\/\/i0.wp.com\/www.24baires.com\/wp-content\/uploads\/2017\/10\/reunion-cgt.jpg?resize=350%2C200","width":350,"height":200,"srcset":"https:\/\/i0.wp.com\/www.24baires.com\/wp-content\/uploads\/2017\/10\/reunion-cgt.jpg?resize=350%2C200 1x, https:\/\/i0.wp.com\/www.24baires.com\/wp-content\/uploads\/2017\/10\/reunion-cgt.jpg?resize=525%2C300 1.5x"},"classes":[]},{"id":100030,"url":"http:\/\/www.24baires.com\/?p=100030","url_meta":{"origin":56250,"position":3},"title":"\u00abHacen m\u00e1s ricos a los ricos y m\u00e1s pobres a los pobres\u00bb","author":"AF","date":"18\/01\/2018","format":false,"excerpt":"El gastron\u00f3mico Barrionuevo comparti\u00f3 un almuerzo con dos de los tres triunviros de la CGT m\u00e1s el camionero Moyano y otros dirigentes de peso en Mar del Plata. De esa reuni\u00f3n surgi\u00f3 un dur\u00edsimo comunicado en contra del r\u00e9gimen macrista. El triunviro de la CGT Juan Carlos Schmid anunci\u00f3 que,\u2026","rel":"","context":"En \u00abSociedad\u00bb","block_context":{"text":"Sociedad","link":"http:\/\/www.24baires.com\/?cat=1"},"img":{"alt_text":"","src":"https:\/\/i0.wp.com\/www.24baires.com\/wp-content\/uploads\/2018\/01\/cgt.jpg?resize=350%2C200","width":350,"height":200,"srcset":"https:\/\/i0.wp.com\/www.24baires.com\/wp-content\/uploads\/2018\/01\/cgt.jpg?resize=350%2C200 1x, https:\/\/i0.wp.com\/www.24baires.com\/wp-content\/uploads\/2018\/01\/cgt.jpg?resize=525%2C300 1.5x"},"classes":[]},{"id":101953,"url":"http:\/\/www.24baires.com\/?p=101953","url_meta":{"origin":56250,"position":4},"title":"La CGT y los gremios del transporte marchan contra los tarifazos","author":"GB","date":"04\/05\/2018","format":false,"excerpt":"La central obrera emiti\u00f3 un comunicado y dio a conocer que movilizar\u00e1n hacia el Entre Nacional de Regulaci\u00f3n de la Electricidad (ENRE). A su vez apuntaron contra las pol\u00edticas econ\u00f3micas del gobierno nacional. El triunvirato de la CGT, encabezado por Juan Carlos Schmid, H\u00e9ctor Daer y Carlos Acu\u00f1a, resolvi\u00f3 que\u2026","rel":"","context":"En \u00abSociedad\u00bb","block_context":{"text":"Sociedad","link":"http:\/\/www.24baires.com\/?cat=1"},"img":{"alt_text":"","src":"https:\/\/i0.wp.com\/www.24baires.com\/wp-content\/uploads\/2018\/04\/cgt.jpg?resize=350%2C200","width":350,"height":200,"srcset":"https:\/\/i0.wp.com\/www.24baires.com\/wp-content\/uploads\/2018\/04\/cgt.jpg?resize=350%2C200 1x, https:\/\/i0.wp.com\/www.24baires.com\/wp-content\/uploads\/2018\/04\/cgt.jpg?resize=525%2C300 1.5x"},"classes":[]},{"id":53759,"url":"http:\/\/www.24baires.com\/?p=53759","url_meta":{"origin":56250,"position":5},"title":"Moyano y Barrionuevo, vuelven al ruedo","author":"Grupo Sierra","date":"16\/09\/2014","format":false,"excerpt":"Se reunieron con dirigentes de las centrales sindicales que conducen, pero evitaron hablar sobre nuevas medidas de fuerza. Encabezados por Moyano y Barrionuevo, los principales dirigentes de la CGT Azopardo y de la Azul y Blanca se reunieron este mediod\u00eda en la sede nacional de camioneros, en el barrio de\u2026","rel":"","context":"En \u00abPol\u00edtica\u00bb","block_context":{"text":"Pol\u00edtica","link":"http:\/\/www.24baires.com\/?cat=51"},"img":{"alt_text":"barrionuevo moyano","src":"https:\/\/i0.wp.com\/www.24baires.com\/wp-content\/uploads\/2014\/08\/barrionuevo-moyano.jpg?resize=350%2C200","width":350,"height":200,"srcset":"https:\/\/i0.wp.com\/www.24baires.com\/wp-content\/uploads\/2014\/08\/barrionuevo-moyano.jpg?resize=350%2C200 1x, https:\/\/i0.wp.com\/www.24baires.com\/wp-content\/uploads\/2014\/08\/barrionuevo-moyano.jpg?resize=525%2C300 1.5x"},"classes":[]}],"jetpack_sharing_enabled":true,"jetpack_likes_enabled":true,"jetpack_featured_media_url":"","_links":{"self":[{"href":"http:\/\/www.24baires.com\/index.php?rest_route=\/wp\/v2\/posts\/56250","targetHints":{"allow":["GET"]}}],"collection":[{"href":"http:\/\/www.24baires.com\/index.php?rest_route=\/wp\/v2\/posts"}],"about":[{"href":"http:\/\/www.24baires.com\/index.php?rest_route=\/wp\/v2\/types\/post"}],"author":[{"embeddable":true,"href":"http:\/\/www.24baires.com\/index.php?rest_route=\/wp\/v2\/users\/11"}],"replies":[{"embeddable":true,"href":"http:\/\/www.24baires.com\/index.php?rest_route=%2Fwp%2Fv2%2Fcomments&post=56250"}],"version-history":[{"count":1,"href":"http:\/\/www.24baires.com\/index.php?rest_route=\/wp\/v2\/posts\/56250\/revisions"}],"predecessor-version":[{"id":56251,"href":"http:\/\/www.24baires.com\/index.php?rest_route=\/wp\/v2\/posts\/56250\/revisions\/56251"}],"wp:attachment":[{"href":"http:\/\/www.24baires.com\/index.php?rest_route=%2Fwp%2Fv2%2Fmedia&parent=56250"}],"wp:term":[{"taxonomy":"category","embeddable":true,"href":"http:\/\/www.24baires.com\/index.php?rest_route=%2Fwp%2Fv2%2Fcategories&post=56250"},{"taxonomy":"post_tag","embeddable":true,"href":"http:\/\/www.24baires.com\/index.php?rest_route=%2Fwp%2Fv2%2Ftags&post=56250"}],"curies":[{"name":"wp","href":"https:\/\/api.w.org\/{rel}","templated":true}]}}