{"id":56243,"date":"2014-10-29T19:28:49","date_gmt":"2014-10-29T22:28:49","guid":{"rendered":"http:\/\/www.24baires.com\/?p=56243"},"modified":"2014-10-29T19:28:49","modified_gmt":"2014-10-29T22:28:49","slug":"para-urribarri-massa-esta-nervioso-por-ypf","status":"publish","type":"post","link":"http:\/\/www.24baires.com\/?p=56243","title":{"rendered":"Para Urribarri, \u00abMassa est\u00e1 nervioso por YPF\u00bb"},"content":{"rendered":"<p><img data-recalc-dims=\"1\" loading=\"lazy\" decoding=\"async\" class=\"aligncenter size-full wp-image-56244\" src=\"https:\/\/i0.wp.com\/www.24baires.com\/wp-content\/uploads\/2014\/10\/urribarri-massa.jpg?resize=560%2C420\" alt=\"urribarri massa\" width=\"560\" height=\"420\" srcset=\"https:\/\/i0.wp.com\/www.24baires.com\/wp-content\/uploads\/2014\/10\/urribarri-massa.jpg?w=560 560w, https:\/\/i0.wp.com\/www.24baires.com\/wp-content\/uploads\/2014\/10\/urribarri-massa.jpg?resize=300%2C225 300w\" sizes=\"auto, (max-width: 560px) 100vw, 560px\" \/>El gobernador de Entre R\u00edos cuestion\u00f3 al l\u00edder del Frente Renovador quien dijo que, de resultar electo presidente, cambiar\u00e1 al CEO de YPF.<!--more--><\/p>\n<p>El gobernador de Entre R\u00edos, Sergio Urribarri, cuestion\u00f3 las declaraciones del l\u00edder del Frente Renovador, Sergio Massa, quien hab\u00eda anticipado que, de resultar electo presidente, designar\u00e1 a Oscar Vicente, actual CEO de Petrolera Entre Lomas, al frente de la petrolera estatal, y asegur\u00f3 que el ex intendente de Tigre \u201cest\u00e1 nervioso por el avance de acuerdos e inversiones\u201d que viene logrando YPF.<\/p>\n<p>Vicente es uno de los hombres m\u00e1s influyentes de la actividad petrolera de los \u00faltimos 30 a\u00f1os, y estuvo a cargo de la direcci\u00f3n de Pecom Energ\u00eda, la petrolera de la familia Perez Companc, entre otras.<\/p>\n<p>Urribarri cuestion\u00f3 las declaraciones de Sergio Massa respecto de la petrolera estatal y lo acus\u00f3 de asumir una actitud de \u201cboicot\u201d a los planes de inversi\u00f3n que gestiona hoy YPF.<\/p>\n<p>\u00abLo que en realidad pone nervioso a este dirigente es el avance en t\u00e9rminos de acuerdos e inversiones que viene logrando la empresa\u201d, asegur\u00f3 el gobernador entrerriano y destac\u00f3 que \u201ccuanto m\u00e1s avanza YPF, hay menos margen para el proyecto privatizador de Massa\u201d.<\/p>\n<p>En este sentido, declar\u00f3 que \u201chay una enorme expectativa en el \u00e1mbito petrolero mundial\u201d por la explotaci\u00f3n del yacimiento de Vaca Muerta y rechaz\u00f3 la posibilidad de detener las tareas que apuntan al autoabastecimiento energ\u00e9tico de la mano de \u201cla empresa que m\u00e1s valoran los argentinos, recuperada por la f\u00e9rrea voluntad de nuestra Presidenta\u201d.<\/p>\n<p>&nbsp;<\/p>\n<p>&nbsp;<\/p>\n<p>&nbsp;<\/p>\n","protected":false},"excerpt":{"rendered":"<p>El gobernador de Entre R\u00edos cuestion\u00f3 al l\u00edder del Frente Renovador quien dijo que, de resultar electo presidente, cambiar\u00e1 al CEO de YPF.<\/p>\n","protected":false},"author":11,"featured_media":0,"comment_status":"open","ping_status":"open","sticky":false,"template":"","format":"standard","meta":{"_jetpack_newsletter_access":"","_jetpack_dont_email_post_to_subs":false,"_jetpack_newsletter_tier_id":0,"_jetpack_memberships_contains_paywalled_content":false,"_jetpack_memberships_contains_paid_content":false,"footnotes":""},"categories":[51],"tags":[],"class_list":["post-56243","post","type-post","status-publish","format-standard","hentry","category-politica"],"jetpack_shortlink":"https:\/\/wp.me\/p2JWE0-eD9","jetpack-related-posts":[{"id":50845,"url":"http:\/\/www.24baires.com\/?p=50845","url_meta":{"origin":56243,"position":0},"title":"Urribarri cuestion\u00f3 duramente a Massa por YPF","author":"Grupo Sierra","date":"30\/07\/2014","format":false,"excerpt":"El gobernador de Entre R\u00edos sali\u00f3 al cruce del diputado, quien cuestion\u00f3 a Miguel Galuccio al sugerir su despido en caso de acceder a la presidencia de pa\u00eds. \u201cSinceramente no creo que en el improbable caso de que Massa fuera presidente, un ejecutivo y un patriota como Miguel Galuccio quiera\u2026","rel":"","context":"En \u00abPol\u00edtica\u00bb","block_context":{"text":"Pol\u00edtica","link":"http:\/\/www.24baires.com\/?cat=51"},"img":{"alt_text":"","src":"https:\/\/i0.wp.com\/www.24baires.com\/wp-content\/uploads\/2014\/07\/urribarri.jpg?resize=350%2C200","width":350,"height":200,"srcset":"https:\/\/i0.wp.com\/www.24baires.com\/wp-content\/uploads\/2014\/07\/urribarri.jpg?resize=350%2C200 1x, https:\/\/i0.wp.com\/www.24baires.com\/wp-content\/uploads\/2014\/07\/urribarri.jpg?resize=525%2C300 1.5x"},"classes":[]},{"id":119587,"url":"http:\/\/www.24baires.com\/?p=119587","url_meta":{"origin":56243,"position":1},"title":"Sergio Massa incorpora combustibles al Precios Justos","author":"GB","date":"28\/11\/2022","format":false,"excerpt":"Las naftas no podr\u00e1n subir m\u00e1s del 4% durante el pr\u00f3ximo cuatrimestre. Hoy habr\u00e1 una reuni\u00f3n clave para oficializar el acuerdo. El ministro de Econom\u00eda de la Naci\u00f3n, Sergio Massa, acord\u00f3 con empresas petroleras el ingreso de los combustibles al programa Precios Justos. El anuncio formal se realizar\u00e1 este lunes,\u2026","rel":"","context":"En \u00abEconom\u00eda\u00bb","block_context":{"text":"Econom\u00eda","link":"http:\/\/www.24baires.com\/?cat=45"},"img":{"alt_text":"","src":"https:\/\/i0.wp.com\/www.24baires.com\/wp-content\/uploads\/2022\/11\/sergio-massa-precios-justosjpg.jpg?resize=350%2C200","width":350,"height":200,"srcset":"https:\/\/i0.wp.com\/www.24baires.com\/wp-content\/uploads\/2022\/11\/sergio-massa-precios-justosjpg.jpg?resize=350%2C200 1x, https:\/\/i0.wp.com\/www.24baires.com\/wp-content\/uploads\/2022\/11\/sergio-massa-precios-justosjpg.jpg?resize=525%2C300 1.5x, https:\/\/i0.wp.com\/www.24baires.com\/wp-content\/uploads\/2022\/11\/sergio-massa-precios-justosjpg.jpg?resize=700%2C400 2x"},"classes":[]},{"id":57180,"url":"http:\/\/www.24baires.com\/?p=57180","url_meta":{"origin":56243,"position":2},"title":"Scioli, Urribarri y Rossi homenajearon juntos a N\u00e9stor Kirchner en La Matanza","author":"AF","date":"15\/11\/2014","format":false,"excerpt":"Los precandidatos a presidente del Frente para la Victoria Daniel Scioli, Sergio Urribarri y Agust\u00edn Rossi homenajearon al ex presidente N\u00e9stor Kirchner en el acto por el D\u00eda del Militante Peronista que compartieron en La Matanza. Convocados por el titular del PJ Bonaerense, Fernando Espinoza, Scioli, Urribarri y Rossi recordaron\u2026","rel":"","context":"En \u00abPol\u00edtica\u00bb","block_context":{"text":"Pol\u00edtica","link":"http:\/\/www.24baires.com\/?cat=51"},"img":{"alt_text":"peronismo","src":"https:\/\/i0.wp.com\/www.24baires.com\/wp-content\/uploads\/2014\/11\/peronismo-300x199.jpg?resize=350%2C200","width":350,"height":200},"classes":[]},{"id":118936,"url":"http:\/\/www.24baires.com\/?p=118936","url_meta":{"origin":56243,"position":3},"title":"Alberto y Cristina encabezar\u00e1n el acto por los 100 a\u00f1os de YPF","author":"AF","date":"02\/06\/2022","format":false,"excerpt":"El encuentro ser\u00e1 este viernes a las 17 en el predio de Tecn\u00f3polis. La petrolera celebrar\u00e1 tambi\u00e9n los 10 a\u00f1os de su expropiaci\u00f3n. El presidente Alberto Fern\u00e1ndez y la vicepresidenta Cristina Fern\u00e1ndez de Kirchner encabezar\u00e1n ma\u00f1ana el acto por el centenario de la empresa estatal de energ\u00eda Yacimientos Petrol\u00edferos Fiscales\u2026","rel":"","context":"En \u00abLocales\u00bb","block_context":{"text":"Locales","link":"http:\/\/www.24baires.com\/?cat=38"},"img":{"alt_text":"","src":"https:\/\/i0.wp.com\/www.24baires.com\/wp-content\/uploads\/2019\/10\/alberto-y-cristina.jpg?resize=350%2C200","width":350,"height":200,"srcset":"https:\/\/i0.wp.com\/www.24baires.com\/wp-content\/uploads\/2019\/10\/alberto-y-cristina.jpg?resize=350%2C200 1x, https:\/\/i0.wp.com\/www.24baires.com\/wp-content\/uploads\/2019\/10\/alberto-y-cristina.jpg?resize=525%2C300 1.5x, https:\/\/i0.wp.com\/www.24baires.com\/wp-content\/uploads\/2019\/10\/alberto-y-cristina.jpg?resize=700%2C400 2x"},"classes":[]},{"id":43558,"url":"http:\/\/www.24baires.com\/?p=43558","url_meta":{"origin":56243,"position":4},"title":"\u00abLos que acompa\u00f1an a Massa son la sinf\u00f3nica del fracaso\u00bb","author":"GB","date":"09\/04\/2014","format":false,"excerpt":"El gobernador de Entre R\u00edos afirm\u00f3 que los que acompa\u00f1an al l\u00edder del Frente Renovador, Sergio Massa, \"son la sinf\u00f3nica del fracaso\" y advirti\u00f3 que si el ex intendente de Tigre y actual diputado nacional llega a la Presidencia de la Naci\u00f3n, \"la Asignaci\u00f3n Universal por Hijo y el PROCREAR\u2026","rel":"","context":"En \u00abPol\u00edtica\u00bb","block_context":{"text":"Pol\u00edtica","link":"http:\/\/www.24baires.com\/?cat=51"},"img":{"alt_text":"urribarri_afeitado","src":"https:\/\/i0.wp.com\/www.24baires.com\/wp-content\/uploads\/2013\/11\/urribarri_afeitado-300x200.jpg?resize=350%2C200","width":350,"height":200},"classes":[]},{"id":58650,"url":"http:\/\/www.24baires.com\/?p=58650","url_meta":{"origin":56243,"position":5},"title":"Urribarri: \u00abMassa no conoce la historia y no tiene valores\u00bb","author":"AF","date":"15\/12\/2014","format":false,"excerpt":"El gobernador de Entre R\u00edos, Sergio Urribarri, acus\u00f3 al diputado nacional Sergio Massa, de carecer de \"valores\" y consider\u00f3 que las declaraciones relacionadas con los derechos humanos son producto del \"desmoronamiento de su candidatura\". \"Massa est\u00e1 percibiendo c\u00f3mo se desmorona su candidatura y sus posibilidades en estas \u00faltimas semanas. Argentina\u2026","rel":"","context":"En \u00abPol\u00edtica\u00bb","block_context":{"text":"Pol\u00edtica","link":"http:\/\/www.24baires.com\/?cat=51"},"img":{"alt_text":"urribarri massa","src":"https:\/\/i0.wp.com\/www.24baires.com\/wp-content\/uploads\/2014\/10\/urribarri-massa.jpg?resize=350%2C200","width":350,"height":200,"srcset":"https:\/\/i0.wp.com\/www.24baires.com\/wp-content\/uploads\/2014\/10\/urribarri-massa.jpg?resize=350%2C200 1x, https:\/\/i0.wp.com\/www.24baires.com\/wp-content\/uploads\/2014\/10\/urribarri-massa.jpg?resize=525%2C300 1.5x"},"classes":[]}],"jetpack_sharing_enabled":true,"jetpack_likes_enabled":true,"jetpack_featured_media_url":"","_links":{"self":[{"href":"http:\/\/www.24baires.com\/index.php?rest_route=\/wp\/v2\/posts\/56243","targetHints":{"allow":["GET"]}}],"collection":[{"href":"http:\/\/www.24baires.com\/index.php?rest_route=\/wp\/v2\/posts"}],"about":[{"href":"http:\/\/www.24baires.com\/index.php?rest_route=\/wp\/v2\/types\/post"}],"author":[{"embeddable":true,"href":"http:\/\/www.24baires.com\/index.php?rest_route=\/wp\/v2\/users\/11"}],"replies":[{"embeddable":true,"href":"http:\/\/www.24baires.com\/index.php?rest_route=%2Fwp%2Fv2%2Fcomments&post=56243"}],"version-history":[{"count":1,"href":"http:\/\/www.24baires.com\/index.php?rest_route=\/wp\/v2\/posts\/56243\/revisions"}],"predecessor-version":[{"id":56245,"href":"http:\/\/www.24baires.com\/index.php?rest_route=\/wp\/v2\/posts\/56243\/revisions\/56245"}],"wp:attachment":[{"href":"http:\/\/www.24baires.com\/index.php?rest_route=%2Fwp%2Fv2%2Fmedia&parent=56243"}],"wp:term":[{"taxonomy":"category","embeddable":true,"href":"http:\/\/www.24baires.com\/index.php?rest_route=%2Fwp%2Fv2%2Fcategories&post=56243"},{"taxonomy":"post_tag","embeddable":true,"href":"http:\/\/www.24baires.com\/index.php?rest_route=%2Fwp%2Fv2%2Ftags&post=56243"}],"curies":[{"name":"wp","href":"https:\/\/api.w.org\/{rel}","templated":true}]}}