{"id":51678,"date":"2014-08-12T19:44:02","date_gmt":"2014-08-12T22:44:02","guid":{"rendered":"http:\/\/www.24baires.com\/?p=51678"},"modified":"2014-08-12T19:44:49","modified_gmt":"2014-08-12T22:44:49","slug":"carrio-no-me-enoje-con-fernando-solo-fui-a-comer-pizza","status":"publish","type":"post","link":"http:\/\/www.24baires.com\/?p=51678","title":{"rendered":"Carri\u00f3: \u00abNo me enoj\u00e9 con Fernando, s\u00f3lo fui a comer pizza\u00bb"},"content":{"rendered":"<p><img data-recalc-dims=\"1\" loading=\"lazy\" decoding=\"async\" class=\"aligncenter size-full wp-image-24573\" src=\"https:\/\/i0.wp.com\/www.24baires.com\/wp-content\/uploads\/2013\/05\/CARRIO.jpg?resize=560%2C370\" alt=\"CARRIO\" width=\"560\" height=\"370\" srcset=\"https:\/\/i0.wp.com\/www.24baires.com\/wp-content\/uploads\/2013\/05\/CARRIO.jpg?w=560 560w, https:\/\/i0.wp.com\/www.24baires.com\/wp-content\/uploads\/2013\/05\/CARRIO.jpg?resize=300%2C198 300w\" sizes=\"auto, (max-width: 560px) 100vw, 560px\" \/>La diputada y l\u00edder de la Coalici\u00f3n C\u00edvica-ARI, Elisa Carri\u00f3, asegur\u00f3 que no se enoj\u00f3 con Fernando \u00abPino\u00bb Solanas y que s\u00f3lo se fue \u00aba comer pizza\u00bb porque \u00abno estaba de acuerdo\u00bb con el tono antimacrista del discurso del senador durante el lanzamiento del FAU porte\u00f1o.<!--more--><\/p>\n<p>\u00abMe retir\u00e9 respetuosa y silenciosamente; hay gestos que valen mil palabras\u00bb, respondi\u00f3 a radio Continental Carri\u00f3, consultada sobre el contrapunto que protagoniz\u00f3 ayer con Solanas, a partir de sus diferencias por la posibilidad de sumar al PRO al armado del frente.<\/p>\n<p>La chaque\u00f1a argument\u00f3 que se retir\u00f3 del sal\u00f3n donde anoche se desarroll\u00f3 el acto para no \u00abconvalidar\u00bb con su presencia \u00abagravios gratuitos a gente que piensa diferente\u00bb, en alusi\u00f3n a los dichos de Solanas, quien sostuvo que en el frente Unen no hay lugar para la \u00abderecha moderna\u00bb.<\/p>\n<p>\u00abNo soy de izquierda, pero estuve con Pino; no soy de derecha, pero adem\u00e1s no creo en las ideolog\u00edas; creo en la libertad, creo en la conducta, creo en la Rep\u00fablica\u00bb, justific\u00f3 Carri\u00f3 y consider\u00f3 que \u00abno hay que ofender a una sociedad que acompa\u00f1\u00f3 y que hizo senador\u00bb a Solanas con su voto en los \u00faltimos comicios.<\/p>\n<p>Carri\u00f3 juzg\u00f3 que Pino \u00abdiscrimin\u00f3\u00bb a \u00abmucha gente de centro y centroderecha independiente que lo vot\u00f3, no porque pensara igual, sino porque quer\u00eda que los tres senadores (por la ciudad) fueran de la oposici\u00f3n\u00bb.<\/p>\n<p>\u00abMe pareci\u00f3 que no estaba de acuerdo y me fui a comer pizza, no es que me enoj\u00e9, estaba comiendo pizza en Los Inmortales, que estaba riqu\u00edsima\u00bb, insisti\u00f3.<\/p>\n<p>Adem\u00e1s, Carri\u00f3 defendi\u00f3 su cercan\u00eda con dirigentes del PRO, como la senadora Gabriela Michetti, y se pregunt\u00f3 por qu\u00e9 deber\u00eda pelearse con ella \u00absi es buena gente\u00bb.<\/p>\n","protected":false},"excerpt":{"rendered":"<p>La diputada y l\u00edder de la Coalici\u00f3n C\u00edvica-ARI, Elisa Carri\u00f3, asegur\u00f3 que no se enoj\u00f3 con Fernando \u00abPino\u00bb Solanas y que s\u00f3lo se fue \u00aba comer pizza\u00bb porque \u00abno estaba de acuerdo\u00bb con el tono antimacrista del discurso del senador durante el lanzamiento del FAU porte\u00f1o.<\/p>\n","protected":false},"author":11,"featured_media":0,"comment_status":"open","ping_status":"open","sticky":false,"template":"","format":"standard","meta":{"_jetpack_newsletter_access":"","_jetpack_dont_email_post_to_subs":false,"_jetpack_newsletter_tier_id":0,"_jetpack_memberships_contains_paywalled_content":false,"_jetpack_memberships_contains_paid_content":false,"footnotes":""},"categories":[51],"tags":[],"class_list":["post-51678","post","type-post","status-publish","format-standard","hentry","category-politica"],"jetpack_shortlink":"https:\/\/wp.me\/p2JWE0-drw","jetpack-related-posts":[{"id":29281,"url":"http:\/\/www.24baires.com\/?p=29281","url_meta":{"origin":51678,"position":0},"title":"Solanas dice que el electorado \u00abse siente equivocadamente defraudado\u00bb por aliarse con Carri\u00f3","author":"AF","date":"31\/07\/2013","format":false,"excerpt":"Pese a la autocr\u00edtica, a pocos d\u00edas de las PASO, Pino sostuvo que esa parte del electorado \"se siente equivocadamente defraudada\". Sin embargo dijo: \"Elisa Carri\u00f3 tiene mucho que ver conmigo\". El precandidato a senador nacional por la Coalici\u00f3n Sur del frente Unen Fernando \"Pino\" Solanas reconoci\u00f3 que \"una parte\u2026","rel":"","context":"En \u00abPol\u00edtica\u00bb","block_context":{"text":"Pol\u00edtica","link":"http:\/\/www.24baires.com\/?cat=51"},"img":{"alt_text":"","src":"","width":0,"height":0},"classes":[]},{"id":51666,"url":"http:\/\/www.24baires.com\/?p=51666","url_meta":{"origin":51678,"position":1},"title":"El Frente Unen volvi\u00f3 a asegurar que seguir\u00e1 unido","author":"GB","date":"12\/08\/2014","format":false,"excerpt":"A trav\u00e9s de un comunicado, habl\u00f3 sobre las diferencias en torno a la inclusi\u00f3n del macrismo y asegur\u00f3 que dirimir\u00e1 esa disidencia \"democr\u00e1ticamente. En un intento por poner pa\u00f1os fr\u00edos, la mesa nacional de UNEN ratific\u00f3 este martes la decisi\u00f3n de continuar \"juntos\" con un debate \"entre honestos, sin hipocres\u00edas\"\u2026","rel":"","context":"En \u00abPol\u00edtica\u00bb","block_context":{"text":"Pol\u00edtica","link":"http:\/\/www.24baires.com\/?cat=51"},"img":{"alt_text":"","src":"https:\/\/i0.wp.com\/www.24baires.com\/wp-content\/uploads\/2014\/08\/unen-1.jpg?resize=350%2C200","width":350,"height":200,"srcset":"https:\/\/i0.wp.com\/www.24baires.com\/wp-content\/uploads\/2014\/08\/unen-1.jpg?resize=350%2C200 1x, https:\/\/i0.wp.com\/www.24baires.com\/wp-content\/uploads\/2014\/08\/unen-1.jpg?resize=525%2C300 1.5x"},"classes":[]},{"id":61132,"url":"http:\/\/www.24baires.com\/?p=61132","url_meta":{"origin":51678,"position":2},"title":"Fernando \u00abPino\u00bb Solanas asegur\u00f3 que Carri\u00f3 \u00abten\u00eda buena relaci\u00f3n\u00bb con Stiusso","author":"GB","date":"02\/02\/2015","format":false,"excerpt":"El cineasta y senador de UNEN no dud\u00f3 en sacar \"los trapitos al sol\" luego de dar por terminado su relaci\u00f3n pol\u00edtica con Elisa Carri\u00f3. \"Ten\u00eda buena relaci\u00f3n con el esp\u00eda\" asegur\u00f3 Fernando \"Pino\" Solanas para referirse a Elisa Carri\u00f3 y Jaime Stiuso, exesp\u00eda de la exSIDE. \"Jaime Stiusso ten\u00eda\u2026","rel":"","context":"En \u00abPol\u00edtica\u00bb","block_context":{"text":"Pol\u00edtica","link":"http:\/\/www.24baires.com\/?cat=51"},"img":{"alt_text":"carri\u00f3","src":"https:\/\/i0.wp.com\/www.24baires.com\/wp-content\/uploads\/2013\/12\/carri%C3%B3.jpg?resize=350%2C200","width":350,"height":200,"srcset":"https:\/\/i0.wp.com\/www.24baires.com\/wp-content\/uploads\/2013\/12\/carri%C3%B3.jpg?resize=350%2C200 1x, https:\/\/i0.wp.com\/www.24baires.com\/wp-content\/uploads\/2013\/12\/carri%C3%B3.jpg?resize=525%2C300 1.5x"},"classes":[]},{"id":41909,"url":"http:\/\/www.24baires.com\/?p=41909","url_meta":{"origin":51678,"position":3},"title":"Cantado: peligra la uni\u00f3n entre Solanas, Carri\u00f3, Macri y Juez","author":"Grupo Sierra","date":"11\/03\/2014","format":false,"excerpt":"Si bien los sectores del panradicalismo, el socialismo y Proyecto Sur aspiran a aglutinar todas las alianzas distritales en un frente nacional, las diferencias est\u00e1n haciendo peligrar el acuerdo. Por un ladro Elisa Carri\u00f3 viene realiz\u00e1ndole gui\u00f1os a Mauricio Macri, pero Fernando \"Pino\" Solanas rechaz\u00f3 sumar al PRO. Por otro\u2026","rel":"","context":"En \u00abPol\u00edtica\u00bb","block_context":{"text":"Pol\u00edtica","link":"http:\/\/www.24baires.com\/?cat=51"},"img":{"alt_text":"","src":"https:\/\/i0.wp.com\/www.24baires.com\/wp-content\/uploads\/2014\/03\/pino.jpg?resize=350%2C200","width":350,"height":200,"srcset":"https:\/\/i0.wp.com\/www.24baires.com\/wp-content\/uploads\/2014\/03\/pino.jpg?resize=350%2C200 1x, https:\/\/i0.wp.com\/www.24baires.com\/wp-content\/uploads\/2014\/03\/pino.jpg?resize=525%2C300 1.5x"},"classes":[]},{"id":51638,"url":"http:\/\/www.24baires.com\/?p=51638","url_meta":{"origin":51678,"position":4},"title":"Pino Solanas calific\u00f3 de \u00abgroser\u00eda\u00bb el desplante de Carri\u00f3","author":"AF","date":"12\/08\/2014","format":false,"excerpt":"El senador nacional dijo estar \"sorprendido\" por la actitud de la diputada quien se retir\u00f3 del acto de esa fuerza pol\u00edtica celebrado ayer cuando el cineasta hac\u00eda uso de la palabra para fustigar un posible acuerdo con el PRO. Para Solanas, Carri\u00f3 \"sorprendi\u00f3 a todo el mundo\" con una \"groser\u00eda\"\u2026","rel":"","context":"En \u00abPol\u00edtica\u00bb","block_context":{"text":"Pol\u00edtica","link":"http:\/\/www.24baires.com\/?cat=51"},"img":{"alt_text":"pino solanas","src":"https:\/\/i0.wp.com\/www.24baires.com\/wp-content\/uploads\/2014\/05\/pino-solanas.jpg?resize=350%2C200","width":350,"height":200,"srcset":"https:\/\/i0.wp.com\/www.24baires.com\/wp-content\/uploads\/2014\/05\/pino-solanas.jpg?resize=350%2C200 1x, https:\/\/i0.wp.com\/www.24baires.com\/wp-content\/uploads\/2014\/05\/pino-solanas.jpg?resize=525%2C300 1.5x"},"classes":[]},{"id":44504,"url":"http:\/\/www.24baires.com\/?p=44504","url_meta":{"origin":51678,"position":5},"title":"La nueva Alianza ya es realidad: presentaron el Frente Amplio Unen","author":"Grupo Sierra","date":"22\/04\/2014","format":false,"excerpt":"El FAP y UNEN realizaron la presentaci\u00f3n formal del nuevo espacio conformado por referentes de ambos frentes, en un acto que reuni\u00f3 en un mismo escenario a los cinco presidenciables del espacio. Con esta alianza, buscar\u00e1n constituirse como una alternativa de poder en el 2015. La foto de Hermes Binner\u2026","rel":"","context":"En \u00abPol\u00edtica\u00bb","block_context":{"text":"Pol\u00edtica","link":"http:\/\/www.24baires.com\/?cat=51"},"img":{"alt_text":"","src":"https:\/\/i0.wp.com\/www.24baires.com\/wp-content\/uploads\/2014\/04\/UNEN-2.jpg?resize=350%2C200","width":350,"height":200,"srcset":"https:\/\/i0.wp.com\/www.24baires.com\/wp-content\/uploads\/2014\/04\/UNEN-2.jpg?resize=350%2C200 1x, https:\/\/i0.wp.com\/www.24baires.com\/wp-content\/uploads\/2014\/04\/UNEN-2.jpg?resize=525%2C300 1.5x"},"classes":[]}],"jetpack_sharing_enabled":true,"jetpack_likes_enabled":true,"jetpack_featured_media_url":"","_links":{"self":[{"href":"http:\/\/www.24baires.com\/index.php?rest_route=\/wp\/v2\/posts\/51678","targetHints":{"allow":["GET"]}}],"collection":[{"href":"http:\/\/www.24baires.com\/index.php?rest_route=\/wp\/v2\/posts"}],"about":[{"href":"http:\/\/www.24baires.com\/index.php?rest_route=\/wp\/v2\/types\/post"}],"author":[{"embeddable":true,"href":"http:\/\/www.24baires.com\/index.php?rest_route=\/wp\/v2\/users\/11"}],"replies":[{"embeddable":true,"href":"http:\/\/www.24baires.com\/index.php?rest_route=%2Fwp%2Fv2%2Fcomments&post=51678"}],"version-history":[{"count":1,"href":"http:\/\/www.24baires.com\/index.php?rest_route=\/wp\/v2\/posts\/51678\/revisions"}],"predecessor-version":[{"id":51679,"href":"http:\/\/www.24baires.com\/index.php?rest_route=\/wp\/v2\/posts\/51678\/revisions\/51679"}],"wp:attachment":[{"href":"http:\/\/www.24baires.com\/index.php?rest_route=%2Fwp%2Fv2%2Fmedia&parent=51678"}],"wp:term":[{"taxonomy":"category","embeddable":true,"href":"http:\/\/www.24baires.com\/index.php?rest_route=%2Fwp%2Fv2%2Fcategories&post=51678"},{"taxonomy":"post_tag","embeddable":true,"href":"http:\/\/www.24baires.com\/index.php?rest_route=%2Fwp%2Fv2%2Ftags&post=51678"}],"curies":[{"name":"wp","href":"https:\/\/api.w.org\/{rel}","templated":true}]}}