{"id":51666,"date":"2014-08-12T17:38:59","date_gmt":"2014-08-12T20:38:59","guid":{"rendered":"http:\/\/www.24baires.com\/?p=51666"},"modified":"2014-08-12T17:38:59","modified_gmt":"2014-08-12T20:38:59","slug":"el-frente-unen-volvio-a-asegurar-que-seguira-unido","status":"publish","type":"post","link":"http:\/\/www.24baires.com\/?p=51666","title":{"rendered":"El Frente Unen volvi\u00f3 a asegurar que seguir\u00e1 unido"},"content":{"rendered":"<p><img data-recalc-dims=\"1\" loading=\"lazy\" decoding=\"async\" class=\"aligncenter size-full wp-image-51667\" src=\"https:\/\/i0.wp.com\/www.24baires.com\/wp-content\/uploads\/2014\/08\/unen-1.jpg?resize=560%2C333\" alt=\"unen 1\" width=\"560\" height=\"333\" srcset=\"https:\/\/i0.wp.com\/www.24baires.com\/wp-content\/uploads\/2014\/08\/unen-1.jpg?w=560 560w, https:\/\/i0.wp.com\/www.24baires.com\/wp-content\/uploads\/2014\/08\/unen-1.jpg?resize=300%2C178 300w\" sizes=\"auto, (max-width: 560px) 100vw, 560px\" \/>A trav\u00e9s de un comunicado, habl\u00f3 sobre las diferencias en torno a la inclusi\u00f3n del macrismo y asegur\u00f3 que dirimir\u00e1 esa disidencia \u00abdemocr\u00e1ticamente.<!--more--><\/p>\n<p>En un intento por poner pa\u00f1os fr\u00edos, la mesa nacional de UNEN ratific\u00f3 este martes la decisi\u00f3n de continuar \u00abjuntos\u00bb con un debate \u00abentre honestos, sin hipocres\u00edas\u00bb y anticip\u00f3 que dirimir\u00e1 las diferencias \u00abdemocr\u00e1ticamente, como ya lo hemos hecho\u00bb.<\/p>\n<p>Como conclusi\u00f3n de una reuni\u00f3n a la que asistieron los ocho partidos que conforman el frente, se emiti\u00f3 un documento tras el esc\u00e1ndalo que gener\u00f3 el cruce entre la diputada Elisa Carri\u00f3 y el senador Fernando \u00abPino\u00bb Solanas sobre la conveniencia de sellar un acuerdo con el PRO de Mauricio Macri. \u00abDebatiendo entre honestos, sin hipocres\u00edas\u00bb, se\u00f1ala el mensaje, en el que subraya que \u00abnuestro espacio se construye con transparencia, a la luz del d\u00eda, como nuestra sociedad construye la decisi\u00f3n de terminar con la corrupci\u00f3n y la injusticia\u00bb.<\/p>\n<p>Las fuertes divergencias internas del espacio de centro izquierda, incluso desde antes de su presentaci\u00f3n oficial en sociedad, siempre pusieron en duda la viabilidad a largo plazo de un espacio muy heterog\u00e9neo al punto de que no faltaron quienes r\u00e1pidamente asociaron esa fuerza con la Alianza que encabez\u00f3 Fernando De la R\u00faa.<\/p>\n<p>\u00abSeguimos avanzando en la definici\u00f3n de nuestros acuerdos program\u00e1ticos, sobre econom\u00eda, educaci\u00f3n, seguridad, salud, energ\u00eda y pol\u00edticas sociales y con la agenda de recorridas por todo el pa\u00eds\u00bb advierte el comunicado que busca contener las inevitables repercusiones de este nueva pelea p\u00fablica. Y sigue: \u00abPara nosotros los debates internos son parte del compromiso principal de construir una alternativa de gobierno\u00bb.<\/p>\n<p>\u00abUn frente incluye partidos pol\u00edticos y liderazgos fuertes, pero que los personeros de la decadencia no se ilusionen. Unidos, dirimiendo nuestras diferencias democr\u00e1ticamente como ya lo hemos hecho, vamos a cambiar definitivamente la Argentina\u00bb concluye el comunicado del espacio que integran la Uni\u00f3n C\u00edvica Radical, el Partido Socialista, la Coalici\u00f3n C\u00edvica ARI, Gen, Proyecto Sur, Partido Socialista Aut\u00e9ntico, Libres del Sur y el Frente C\u00edvico de C\u00f3rdoba.<\/p>\n<p>El nuevo esc\u00e1ndalo estall\u00f3 cuando Carri\u00f3 decidiera abandonar intempestivamente el acto de lanzamiento de ese espacio en la ciudad de Buenos Aires a ra\u00edz de las cr\u00edticas de Solanas a la posibilidad de que se avance en un acuerdo electoral con el macrismo.<\/p>\n<p>Este martes Carri\u00f3 utiliz\u00f3 su cuenta en Twitter para dar cuenta de su rechazo a la posici\u00f3n de Solanas y defender su acercamiento al macrismo. \u00abCuando la miseria llega, no pregunta si es radical o macrista, llega y llega para quedarse\u00bb escribi\u00f3 la diputada y advirti\u00f3 que busca \u00abla unidad de la Rep\u00fablica, con el espacio m\u00e1s amplio posible. La Rep\u00fablica es decencia\u00bb.<\/p>\n<p>Carri\u00f3 dej\u00f3 as\u00ed en evidencia las m\u00e1s que profundas divergencias que siempre amenazan con quebrar al todav\u00eda joven FAUnen. \u00abSoy solo una diputada de la Naci\u00f3n que quiere defender al Pueblo de la Naci\u00f3n, cualquiera sea su ideolog\u00eda\u00bb sigui\u00f3 Carri\u00f3 en su cuenta de Twitter. \u00abLa Rep\u00fablica, la Patria y la Libertad es de todos. No es de derecha ni de izquierda\u00bb se\u00f1al\u00f3 y advirti\u00f3 para intentar ahuyentar el halo de anunciada disoluci\u00f3n que sobrevuela al FAUnen desde su nacimiento que \u00abUNEN naci\u00f3 para Recuperar la Rep\u00fablica, Recuperar lo Robado, Recuperar la Dignidad\u00bb.<\/p>\n<p>Por su parte Solanas se mostr\u00f3 muy molesto con la actitud de Carri\u00f3 y admiti\u00f3 que \u00absorprendi\u00f3 a todos su salida, fue un groser\u00eda. No habl\u00e9 con ella despu\u00e9s de que se fue, porque estaba cerrando mi discurso. Nosotros festejamos ayer un a\u00f1o de las Pasos en donde le ganamos al PRO\u00bb.<\/p>\n<p>Denunci\u00f3 que \u00abcuando nos lanzamos en el Teatro Broadway ella estaba arreglando una alianza sin consultar con nadie\u00bb y advirti\u00f3 que \u00abno se puede ser incoherente haciendo una alianza con nuestro competidor\u00bb.<\/p>\n<p>&nbsp;<\/p>\n<p>&nbsp;<\/p>\n<p>&nbsp;<\/p>\n<p>&nbsp;<\/p>\n<p>&nbsp;<\/p>\n<p>&nbsp;<\/p>\n<p>&nbsp;<\/p>\n<p>&nbsp;<\/p>\n<p>&nbsp;<\/p>\n<p>&nbsp;<\/p>\n<p>&nbsp;<\/p>\n<p>&nbsp;<\/p>\n<p>&nbsp;<\/p>\n<p>&nbsp;<\/p>\n<p>&nbsp;<\/p>\n<p>&nbsp;<\/p>\n<p>&nbsp;<\/p>\n<p>&nbsp;<\/p>\n<p>&nbsp;<\/p>\n<p>&nbsp;<\/p>\n<p>&nbsp;<\/p>\n<p>&nbsp;<\/p>\n<p>&nbsp;<\/p>\n<p>&nbsp;<\/p>\n<p>&nbsp;<\/p>\n","protected":false},"excerpt":{"rendered":"<p>A trav\u00e9s de un comunicado, habl\u00f3 sobre las diferencias en torno a la inclusi\u00f3n del macrismo y asegur\u00f3 que dirimir\u00e1 esa disidencia \u00abdemocr\u00e1ticamente.<\/p>\n","protected":false},"author":8,"featured_media":0,"comment_status":"open","ping_status":"open","sticky":false,"template":"","format":"standard","meta":{"_jetpack_newsletter_access":"","_jetpack_dont_email_post_to_subs":false,"_jetpack_newsletter_tier_id":0,"_jetpack_memberships_contains_paywalled_content":false,"_jetpack_memberships_contains_paid_content":false,"footnotes":""},"categories":[51],"tags":[],"class_list":["post-51666","post","type-post","status-publish","format-standard","hentry","category-politica"],"jetpack_shortlink":"https:\/\/wp.me\/p2JWE0-drk","jetpack-related-posts":[{"id":74005,"url":"http:\/\/www.24baires.com\/?p=74005","url_meta":{"origin":51666,"position":0},"title":"Comenz\u00f3 la veda electoral","author":"AF","date":"23\/10\/2015","format":false,"excerpt":"Comenz\u00f3 a las 8 en todo el pa\u00eds con miras a los comicios generales del domingo, en los que se elegir\u00e1n presidente y vice, gobernadores en algunas provincias, autoridades legislativas y miembros del Parlasur. Seg\u00fan la normativa vigente, la veda implica que est\u00e1 prohibido hacer actos de proselitismo, por lo\u2026","rel":"","context":"En \u00abElecciones 2015\u00bb","block_context":{"text":"Elecciones 2015","link":"http:\/\/www.24baires.com\/?cat=74"},"img":{"alt_text":"","src":"","width":0,"height":0},"classes":[]},{"id":62130,"url":"http:\/\/www.24baires.com\/?p=62130","url_meta":{"origin":51666,"position":1},"title":"El 10 de marzo se realizar\u00e1 el primer juicio por jurados de la Provincia","author":"AF","date":"23\/02\/2015","format":false,"excerpt":"Los juicios por jurados en la provincia de Buenos Aires comenzar\u00e1n a instrumentarse el pr\u00f3ximo 10 de marzo en el departamento judicial de San Mart\u00edn, con un debate oral en el que 12 ciudadanos resolver\u00e1n la suerte de un acusado de homicidio en el marco de un caso de violencia\u2026","rel":"","context":"En \u00abJUDICIALES\u00bb","block_context":{"text":"JUDICIALES","link":"http:\/\/www.24baires.com\/?cat=68"},"img":{"alt_text":"juicio","src":"https:\/\/i0.wp.com\/www.24baires.com\/wp-content\/uploads\/2014\/05\/juicio-300x226.jpg?resize=350%2C200","width":350,"height":200},"classes":[]},{"id":57913,"url":"http:\/\/www.24baires.com\/?p=57913","url_meta":{"origin":51666,"position":2},"title":"\u00abYo no estoy en Unen, ni estoy en el PRO; ambas cosas son mentiras\u00bb, dijo Carri\u00f3","author":"GB","date":"30\/11\/2014","format":false,"excerpt":"La diputada insisti\u00f3 en que \"o se juntan todas las fuerzas de la oposici\u00f3n o le dan el triunfo al PJ\" que, dijo, \"est\u00e1 a cinco puntos de ganar\" en primera vuelta con Scioli, como el elegido, estim\u00f3. Asegur\u00f3 que su meta es \"tender un puente\" entre el frente y\u2026","rel":"","context":"En \u00abPol\u00edtica\u00bb","block_context":{"text":"Pol\u00edtica","link":"http:\/\/www.24baires.com\/?cat=51"},"img":{"alt_text":"carri\u00f3","src":"https:\/\/i0.wp.com\/www.24baires.com\/wp-content\/uploads\/2013\/12\/carri%C3%B3.jpg?resize=350%2C200","width":350,"height":200,"srcset":"https:\/\/i0.wp.com\/www.24baires.com\/wp-content\/uploads\/2013\/12\/carri%C3%B3.jpg?resize=350%2C200 1x, https:\/\/i0.wp.com\/www.24baires.com\/wp-content\/uploads\/2013\/12\/carri%C3%B3.jpg?resize=525%2C300 1.5x"},"classes":[]},{"id":96432,"url":"http:\/\/www.24baires.com\/?p=96432","url_meta":{"origin":51666,"position":3},"title":"En estas elecciones \u201chay solamente dos veredas\u201d asegur\u00f3 Moreau","author":"Grupo Sierra","date":"03\/08\/2017","format":false,"excerpt":"El precandidato a diputado nacional de Unidad Ciudadana por Buenos Aires, Leopoldo Moreau, asegur\u00f3 que en las elecciones legislativas de este a\u00f1o \u201chay solamente dos veredas\u201d, y sostuvo que en el proceso electoral se dirimir\u00e1n el futuro de varias reformas que quiere encarar el Gobierno para \u201cdestruir todos los derechos\u2026","rel":"","context":"En \u00abELECCIONES 2017\u00bb","block_context":{"text":"ELECCIONES 2017","link":"http:\/\/www.24baires.com\/?cat=325"},"img":{"alt_text":"","src":"https:\/\/i0.wp.com\/www.dib.com.ar\/gestion\/images\/blogmanagement\/noticias\/thumb\/598312666d7101501762150.jpg?resize=350%2C200","width":350,"height":200,"srcset":"https:\/\/i0.wp.com\/www.dib.com.ar\/gestion\/images\/blogmanagement\/noticias\/thumb\/598312666d7101501762150.jpg?resize=350%2C200 1x, https:\/\/i0.wp.com\/www.dib.com.ar\/gestion\/images\/blogmanagement\/noticias\/thumb\/598312666d7101501762150.jpg?resize=525%2C300 1.5x"},"classes":[]},{"id":56428,"url":"http:\/\/www.24baires.com\/?p=56428","url_meta":{"origin":51666,"position":4},"title":"En UNEN ya no aguantan a Carri\u00f3","author":"Grupo Sierra","date":"02\/11\/2014","format":false,"excerpt":"Tumini expres\u00f3: \"La l\u00edder de la Coalici\u00f3n C\u00edvica debe ser coherente y marcharse para conformar un frente con Macri\". Humberto Tumini, dirigente de Unen, le pidi\u00f3 hoy a la diputada nacional Elisa Carri\u00f3 que abandone el espacio pol\u00edtico que ambos integran. De esta manera, el secretario general de Libres del\u2026","rel":"","context":"En \u00abElecciones 2015\u00bb","block_context":{"text":"Elecciones 2015","link":"http:\/\/www.24baires.com\/?cat=74"},"img":{"alt_text":"carri\u00f3","src":"https:\/\/i0.wp.com\/www.24baires.com\/wp-content\/uploads\/2014\/04\/carri%C3%B3.jpg?resize=350%2C200","width":350,"height":200,"srcset":"https:\/\/i0.wp.com\/www.24baires.com\/wp-content\/uploads\/2014\/04\/carri%C3%B3.jpg?resize=350%2C200 1x, https:\/\/i0.wp.com\/www.24baires.com\/wp-content\/uploads\/2014\/04\/carri%C3%B3.jpg?resize=525%2C300 1.5x"},"classes":[]},{"id":51029,"url":"http:\/\/www.24baires.com\/?p=51029","url_meta":{"origin":51666,"position":5},"title":"\u00abMassa baja en las encuestas porque es m\u00e1s de lo mismo, forma parte de los sanateros de primera\u00bb","author":"AF","date":"02\/08\/2014","format":false,"excerpt":"El jefe de gobierno porte\u00f1o Mauricio Macri, afirm\u00f3 que Sergio Massa baja en las encuestas \"porque es m\u00e1s de lo mismo\" y forma parte \"de los sanateros de primera\" que hay en la pol\u00edtica, en tanto revel\u00f3 que \"en noviembre\" definir\u00e1 si unifica para 2015 la elecci\u00f3n porte\u00f1a con la\u2026","rel":"","context":"En \u00abPol\u00edtica\u00bb","block_context":{"text":"Pol\u00edtica","link":"http:\/\/www.24baires.com\/?cat=51"},"img":{"alt_text":"macri","src":"https:\/\/i0.wp.com\/www.24baires.com\/wp-content\/uploads\/2014\/04\/macri.jpg?resize=350%2C200","width":350,"height":200,"srcset":"https:\/\/i0.wp.com\/www.24baires.com\/wp-content\/uploads\/2014\/04\/macri.jpg?resize=350%2C200 1x, https:\/\/i0.wp.com\/www.24baires.com\/wp-content\/uploads\/2014\/04\/macri.jpg?resize=525%2C300 1.5x"},"classes":[]}],"jetpack_sharing_enabled":true,"jetpack_likes_enabled":true,"jetpack_featured_media_url":"","_links":{"self":[{"href":"http:\/\/www.24baires.com\/index.php?rest_route=\/wp\/v2\/posts\/51666","targetHints":{"allow":["GET"]}}],"collection":[{"href":"http:\/\/www.24baires.com\/index.php?rest_route=\/wp\/v2\/posts"}],"about":[{"href":"http:\/\/www.24baires.com\/index.php?rest_route=\/wp\/v2\/types\/post"}],"author":[{"embeddable":true,"href":"http:\/\/www.24baires.com\/index.php?rest_route=\/wp\/v2\/users\/8"}],"replies":[{"embeddable":true,"href":"http:\/\/www.24baires.com\/index.php?rest_route=%2Fwp%2Fv2%2Fcomments&post=51666"}],"version-history":[{"count":1,"href":"http:\/\/www.24baires.com\/index.php?rest_route=\/wp\/v2\/posts\/51666\/revisions"}],"predecessor-version":[{"id":51668,"href":"http:\/\/www.24baires.com\/index.php?rest_route=\/wp\/v2\/posts\/51666\/revisions\/51668"}],"wp:attachment":[{"href":"http:\/\/www.24baires.com\/index.php?rest_route=%2Fwp%2Fv2%2Fmedia&parent=51666"}],"wp:term":[{"taxonomy":"category","embeddable":true,"href":"http:\/\/www.24baires.com\/index.php?rest_route=%2Fwp%2Fv2%2Fcategories&post=51666"},{"taxonomy":"post_tag","embeddable":true,"href":"http:\/\/www.24baires.com\/index.php?rest_route=%2Fwp%2Fv2%2Ftags&post=51666"}],"curies":[{"name":"wp","href":"https:\/\/api.w.org\/{rel}","templated":true}]}}