{"id":51649,"date":"2014-08-12T14:00:55","date_gmt":"2014-08-12T17:00:55","guid":{"rendered":"http:\/\/www.24baires.com\/?p=51649"},"modified":"2014-08-12T13:50:05","modified_gmt":"2014-08-12T16:50:05","slug":"cristina-destaco-la-renovacion-de-las-formaciones-del-sarmiento-y-el-mitre","status":"publish","type":"post","link":"http:\/\/www.24baires.com\/?p=51649","title":{"rendered":"Cristina destac\u00f3 la renovaci\u00f3n de las formaciones del Sarmiento y el Mitre"},"content":{"rendered":"<p><img data-recalc-dims=\"1\" loading=\"lazy\" decoding=\"async\" class=\"aligncenter size-full wp-image-32258\" src=\"https:\/\/i0.wp.com\/www.24baires.com\/wp-content\/uploads\/2013\/09\/cristina-twitter-2013.jpg?resize=560%2C342\" alt=\"cristina twitter 2013\" width=\"560\" height=\"342\" srcset=\"https:\/\/i0.wp.com\/www.24baires.com\/wp-content\/uploads\/2013\/09\/cristina-twitter-2013.jpg?w=560 560w, https:\/\/i0.wp.com\/www.24baires.com\/wp-content\/uploads\/2013\/09\/cristina-twitter-2013.jpg?resize=300%2C183 300w\" sizes=\"auto, (max-width: 560px) 100vw, 560px\" \/>Cristina Fern\u00e1ndez de Kirchner destac\u00f3 hoy la renovaci\u00f3n de formaciones que el gobierno nacional realiza en las l\u00edneas e inst\u00f3 a \u00abseguir trabajando, en un pa\u00eds que estaba tan conectado ferroviariamente, todo hacia el puerto de Buenos Aires, en forma radial\u00bb.<!--more--><\/p>\n<p>\u00abRecibimos las \u00faltimas ocho formaciones que completan la nueva flota de la L\u00ednea Sarmiento. A mediados de septiembre van a estar funcionando la totalidad de las 25 formaciones nuevas\u00bb, escribi\u00f3 hoy la mandataria en su cuenta de Twitter, en la que public\u00f3 fotos del acto que comparti\u00f3 ayer en el puerto con el ministro de Interior y Transporte, Florencio Randazzo.<\/p>\n<p>En tanto, la jefa de Estado anunci\u00f3 que dentro de 20 d\u00edas se recibir\u00e1n las primeras formaciones del Mitre; un total de 180 coches.<br \/>\n\u00abY en noviembre, diciembre, tendr\u00edamos que tener terminado Tigre-Retiro con todas las formaciones nuevas\u00bb, explic\u00f3.<\/p>\n<p>En una serie de `tuits`, la jefa de Estado dijo: \u00abTambi\u00e9n tenemos que acordarnos de los hermanos del pa\u00eds profundo que no tienen todav\u00eda estos ferrocarriles\u00bb e inst\u00f3 a \u00abseguir trabajando, en un pa\u00eds que estaba tan conectado ferroviariamente, todo hacia el puerto de Buenos Aires, en forma radial\u00bb.<\/p>\n<p>\u00abNo hab\u00eda interconexi\u00f3n entre las provincias porque era pensado para una econom\u00eda de car\u00e1cter extractivo de nuestros recursos primarios\u00bb, se\u00f1al\u00f3 y record\u00f3 que \u00ablos ingleses hab\u00edan pensado un ferrocarril que ven\u00eda de todos los puntos del pa\u00eds, converg\u00eda en el puerto de Buenos Aires, con la materia prima para ser procesada, elaborada y agregarle valor en Inglaterra\u00bb.<\/p>\n<p>\u00abAs\u00ed fueron pensados los ferrocarriles argentinos. Y tambi\u00e9n los gasoductos. Todo era pensado as\u00ed\u00bb, a\u00f1adi\u00f3 la mandataria.<\/p>\n<p>La Presidenta se\u00f1al\u00f3 asimismo que \u00abtodas las capitales de la Am\u00e9rica del Sur y en general de las que fueron colonias, siempre ten\u00edan sus ciudades principales al lado de los puertos, al lado del oc\u00e9ano para poder llevarse todo\u00bb.<\/p>\n<p>En cambio, pa\u00edses industriales y desarrollados \u00abtienen sus capitales en el centro de cada pa\u00eds\u00bb.<\/p>\n<p>&nbsp;<\/p>\n<p>&nbsp;<\/p>\n<p>&nbsp;<\/p>\n","protected":false},"excerpt":{"rendered":"<p>Cristina Fern\u00e1ndez de Kirchner destac\u00f3 hoy la renovaci\u00f3n de formaciones que el gobierno nacional realiza en las l\u00edneas e inst\u00f3 a \u00abseguir trabajando, en un pa\u00eds que estaba tan conectado ferroviariamente, todo hacia el puerto de Buenos Aires, en forma radial\u00bb.<\/p>\n","protected":false},"author":8,"featured_media":0,"comment_status":"open","ping_status":"open","sticky":false,"template":"","format":"standard","meta":{"_jetpack_newsletter_access":"","_jetpack_dont_email_post_to_subs":false,"_jetpack_newsletter_tier_id":0,"_jetpack_memberships_contains_paywalled_content":false,"_jetpack_memberships_contains_paid_content":false,"footnotes":""},"categories":[51],"tags":[],"class_list":["post-51649","post","type-post","status-publish","format-standard","hentry","category-politica"],"jetpack_shortlink":"https:\/\/wp.me\/p2JWE0-dr3","jetpack-related-posts":[{"id":61503,"url":"http:\/\/www.24baires.com\/?p=61503","url_meta":{"origin":51649,"position":0},"title":"\u00abEs la transformaci\u00f3n m\u00e1s importante que ha vivido la l\u00ednea Mitre en su historia\u00bb","author":"Grupo Sierra","date":"09\/02\/2015","format":false,"excerpt":"A trav\u00e9s de su muro en la red social Facebook, la presidenta de la Naci\u00f3n manifest\u00f3 su satisfacci\u00f3n por la renovaci\u00f3n total de la l\u00ednea. La presidenta Cristina Fern\u00e1ndez de Kirchner destac\u00f3 esta tarde la renovaci\u00f3n de las formaciones del ferrocarril Mitre, que complet\u00f3 la puesta a nuevo de todo\u2026","rel":"","context":"En \u00abSociedad\u00bb","block_context":{"text":"Sociedad","link":"http:\/\/www.24baires.com\/?cat=1"},"img":{"alt_text":"","src":"https:\/\/i0.wp.com\/www.24baires.com\/wp-content\/uploads\/2015\/02\/cristina-y-randazzo-tren-mitre.jpg?resize=350%2C200","width":350,"height":200,"srcset":"https:\/\/i0.wp.com\/www.24baires.com\/wp-content\/uploads\/2015\/02\/cristina-y-randazzo-tren-mitre.jpg?resize=350%2C200 1x, https:\/\/i0.wp.com\/www.24baires.com\/wp-content\/uploads\/2015\/02\/cristina-y-randazzo-tren-mitre.jpg?resize=525%2C300 1.5x"},"classes":[]},{"id":53256,"url":"http:\/\/www.24baires.com\/?p=53256","url_meta":{"origin":51649,"position":1},"title":"Cristina con los trenes del Mitre: \u00abEs la inversi\u00f3n m\u00e1s importante de los \u00faltimos 60 a\u00f1os\u00bb","author":"AF","date":"08\/09\/2014","format":false,"excerpt":"La Presidenta encabez\u00f3 un acto en el Puerto de Buenos Aires, durante el cual se recibieron cinco nuevas formaciones de trenes provenientes de China. La Presidenta enumer\u00f3 esta tarde las medidas implementadas para renovar el sistema ferroviario nacional y destac\u00f3 que \u201cpara el primer trimestre de 2015 comenzar\u00e1 la renovaci\u00f3n\u2026","rel":"","context":"En \u00abSociedad\u00bb","block_context":{"text":"Sociedad","link":"http:\/\/www.24baires.com\/?cat=1"},"img":{"alt_text":"","src":"https:\/\/i0.wp.com\/www.24baires.com\/wp-content\/uploads\/2014\/09\/cristina-trenes.jpg?resize=350%2C200","width":350,"height":200,"srcset":"https:\/\/i0.wp.com\/www.24baires.com\/wp-content\/uploads\/2014\/09\/cristina-trenes.jpg?resize=350%2C200 1x, https:\/\/i0.wp.com\/www.24baires.com\/wp-content\/uploads\/2014\/09\/cristina-trenes.jpg?resize=525%2C300 1.5x"},"classes":[]},{"id":59356,"url":"http:\/\/www.24baires.com\/?p=59356","url_meta":{"origin":51649,"position":2},"title":"Randazzo recibi\u00f3 los trenes que completan la flota de la l\u00ednea Mitre","author":"GB","date":"30\/12\/2014","format":false,"excerpt":"El ministro del Interior y Transporte, Florencio Randazzo, recibi\u00f3 esta ma\u00f1ana en el puerto de Buenos Aires los \u00faltimos 30 coches cero kil\u00f3metro que completar\u00e1n la renovaci\u00f3n integral del ferrocarril Mitre y anunci\u00f3 que, de esta manera, se duplicar\u00e1 la capacidad ya que los tres ramales pasar\u00e1n de tener 87\u2026","rel":"","context":"En \u00abSociedad\u00bb","block_context":{"text":"Sociedad","link":"http:\/\/www.24baires.com\/?cat=1"},"img":{"alt_text":"randazzo trenes\u00e7","src":"https:\/\/i0.wp.com\/www.24baires.com\/wp-content\/uploads\/2013\/11\/randazzo-trenes%C3%A7.jpg?resize=350%2C200","width":350,"height":200,"srcset":"https:\/\/i0.wp.com\/www.24baires.com\/wp-content\/uploads\/2013\/11\/randazzo-trenes%C3%A7.jpg?resize=350%2C200 1x, https:\/\/i0.wp.com\/www.24baires.com\/wp-content\/uploads\/2013\/11\/randazzo-trenes%C3%A7.jpg?resize=525%2C300 1.5x"},"classes":[]},{"id":38080,"url":"http:\/\/www.24baires.com\/?p=38080","url_meta":{"origin":51649,"position":3},"title":"Randazzo anunci\u00f3 que ya est\u00e1 en camino la primera formaci\u00f3n para el Sarmiento","author":"GB","date":"07\/01\/2014","format":false,"excerpt":"La primera de las 25 formaciones ferroviarias chinas para la l\u00ednea Sarmiento, compradas por el gobierno nacional, embarc\u00f3 y llegar\u00e1 a la Argentina a mediados del mes pr\u00f3ximo, mientras se espera que para junio de este a\u00f1o est\u00e9n en funcionamiento las 24 restantes, con lo que se duplicar\u00e1 la capacidad\u2026","rel":"","context":"En \u00abSociedad\u00bb","block_context":{"text":"Sociedad","link":"http:\/\/www.24baires.com\/?cat=1"},"img":{"alt_text":"","src":"","width":0,"height":0},"classes":[]},{"id":11772,"url":"http:\/\/www.24baires.com\/?p=11772","url_meta":{"origin":51649,"position":4},"title":"Cristina anunci\u00f3 un plan para renovar 409 vagones de las l\u00edneas Mitre y Sarmiento","author":"Grupo Sierra","date":"10\/01\/2013","format":false,"excerpt":"La medida anunciada por la presidenta Cristina Fern\u00e1ndez de Kirchner en un acto en la Casa de Gobierno beneficia a m\u00e1s de ocho millones de argentinos que utilizan las formaciones. La Presidenta se\u00f1al\u00f3 que \"m\u00e1s de ocho millones de argentinos viajan en estas formaciones\" y revel\u00f3 que se realizar\u00e1n \u201c62\u2026","rel":"","context":"En \u00abPol\u00edtica\u00bb","block_context":{"text":"Pol\u00edtica","link":"http:\/\/www.24baires.com\/?cat=51"},"img":{"alt_text":"","src":"https:\/\/i0.wp.com\/www.24baires.com\/wp-content\/uploads\/2013\/01\/cristina_vagones.jpg?resize=350%2C200","width":350,"height":200,"srcset":"https:\/\/i0.wp.com\/www.24baires.com\/wp-content\/uploads\/2013\/01\/cristina_vagones.jpg?resize=350%2C200 1x, https:\/\/i0.wp.com\/www.24baires.com\/wp-content\/uploads\/2013\/01\/cristina_vagones.jpg?resize=525%2C300 1.5x"},"classes":[]},{"id":25301,"url":"http:\/\/www.24baires.com\/?p=25301","url_meta":{"origin":51649,"position":5},"title":"Despu\u00e9s de m\u00e1s de medio siglo, rodaron trenes nuevos sobre las v\u00edas de la l\u00ednea Mitre","author":"AF","date":"07\/06\/2013","format":false,"excerpt":"El ministro de Interior y Transporte, Florencio Randazzo, anunci\u00f3 la incorporaci\u00f3n de tres nuevas formaciones en la l\u00ednea Mitre al ramal que conecta las terminales Retiro y Tigre. Hac\u00eda 52 a\u00f1os que no se renovaba material rodante. La \u00faltima vez fue en el a\u00f1o 1961 cuando llegaron los coches Toshiba\u2026","rel":"","context":"En \u00abSociedad\u00bb","block_context":{"text":"Sociedad","link":"http:\/\/www.24baires.com\/?cat=1"},"img":{"alt_text":"","src":"","width":0,"height":0},"classes":[]}],"jetpack_sharing_enabled":true,"jetpack_likes_enabled":true,"jetpack_featured_media_url":"","_links":{"self":[{"href":"http:\/\/www.24baires.com\/index.php?rest_route=\/wp\/v2\/posts\/51649","targetHints":{"allow":["GET"]}}],"collection":[{"href":"http:\/\/www.24baires.com\/index.php?rest_route=\/wp\/v2\/posts"}],"about":[{"href":"http:\/\/www.24baires.com\/index.php?rest_route=\/wp\/v2\/types\/post"}],"author":[{"embeddable":true,"href":"http:\/\/www.24baires.com\/index.php?rest_route=\/wp\/v2\/users\/8"}],"replies":[{"embeddable":true,"href":"http:\/\/www.24baires.com\/index.php?rest_route=%2Fwp%2Fv2%2Fcomments&post=51649"}],"version-history":[{"count":1,"href":"http:\/\/www.24baires.com\/index.php?rest_route=\/wp\/v2\/posts\/51649\/revisions"}],"predecessor-version":[{"id":51650,"href":"http:\/\/www.24baires.com\/index.php?rest_route=\/wp\/v2\/posts\/51649\/revisions\/51650"}],"wp:attachment":[{"href":"http:\/\/www.24baires.com\/index.php?rest_route=%2Fwp%2Fv2%2Fmedia&parent=51649"}],"wp:term":[{"taxonomy":"category","embeddable":true,"href":"http:\/\/www.24baires.com\/index.php?rest_route=%2Fwp%2Fv2%2Fcategories&post=51649"},{"taxonomy":"post_tag","embeddable":true,"href":"http:\/\/www.24baires.com\/index.php?rest_route=%2Fwp%2Fv2%2Ftags&post=51649"}],"curies":[{"name":"wp","href":"https:\/\/api.w.org\/{rel}","templated":true}]}}