{"id":51490,"date":"2014-08-09T18:00:52","date_gmt":"2014-08-09T21:00:52","guid":{"rendered":"http:\/\/www.24baires.com\/?p=51490"},"modified":"2014-08-09T17:47:54","modified_gmt":"2014-08-09T20:47:54","slug":"scioli-critico-a-los-que-siguen-dilatando-la-adhesion-a-la-policia-municipal","status":"publish","type":"post","link":"http:\/\/www.24baires.com\/?p=51490","title":{"rendered":"Scioli critic\u00f3 a los que \u00absiguen dilatando\u00bb la adhesi\u00f3n a la Polic\u00eda Municipal"},"content":{"rendered":"<p><img data-recalc-dims=\"1\" loading=\"lazy\" decoding=\"async\" class=\"aligncenter size-full wp-image-35996\" src=\"https:\/\/i0.wp.com\/www.24baires.com\/wp-content\/uploads\/2013\/11\/scioli-prensa.jpg?resize=560%2C329\" alt=\"scioli prensa\" width=\"560\" height=\"329\" srcset=\"https:\/\/i0.wp.com\/www.24baires.com\/wp-content\/uploads\/2013\/11\/scioli-prensa.jpg?w=560 560w, https:\/\/i0.wp.com\/www.24baires.com\/wp-content\/uploads\/2013\/11\/scioli-prensa.jpg?resize=300%2C176 300w\" sizes=\"auto, (max-width: 560px) 100vw, 560px\" \/><strong>Z\u00c1RATE-<\/strong>El gobernador bonaerense asegur\u00f3 que \u00abhay quienes por una raz\u00f3n u otra siguen poni\u00e9ndole trabajas a la posibilidad de duplicar el n\u00famero de polic\u00edas en los municipios\u00bb<!--more--><\/p>\n<p>El gobernador Daniel Scioli particip\u00f3 este s\u00e1bado de la firma del municipio de Z\u00e1rate al Convenio de Adhsesi\u00f3n a la Polic\u00eda Local junto con el intendente local, Osvaldo C\u00e1ffaro.<\/p>\n<p>\u00abVienen firmando de distintos partidos pol\u00edticos, menos los de un Frente que por una raz\u00f3n u otra siguen dilatando esto\u00bb, expres\u00f3 Scioli y remarc\u00f3 que \u00absignifica en t\u00e9rminos pr\u00e1cticos dilatar la posibilidad de duplicar los n\u00fameros de polic\u00edas en los distintos municipios\u00bb.<\/p>\n<p>En este marco, el Gobernador asegur\u00f3 que \u00abnunca voy a estar conforme mientras haya un ciudadano que sufra un flagelo\u00bb, y explic\u00f3 que \u00abestamos profundizando medidas de seguridad y avanzando en un tema sensible como es cuidar la vida de nuestras familias\u00bb, acompa\u00f1ado por los subsecretarios Fernando Jantus (Planificaci\u00f3n del Ministerio de Seguridad) y Francisco Cafiero (Gesti\u00f3n y Articulaci\u00f3n Institucional del Ministerio de Gobierno).<\/p>\n<p>\u00abHoy la prioridad de nuestro Gobierno es que ustedes puedan vivir m\u00e1s tranquilos y seguros\u00bb, insisti\u00f3 Scioli y pidi\u00f3 el \u00abacompa\u00f1amiento y esfuerzo de todos para alcanzar una Provincia y pa\u00eds seguro, con una visi\u00f3n profunda de inclusi\u00f3n y educaci\u00f3n para bajar niveles de violencia\u00bb.<\/p>\n<p>El Gobernador inform\u00f3 que a partir de la adhesi\u00f3n a la Polic\u00eda Local, \u00abZ\u00e1rate tendr\u00e1 190 efectivos m\u00e1s\u00bb, y destac\u00f3 tambi\u00e9n que el municipio \u00abtrabaje firmemente junto al secretario de Seguridad de la Naci\u00f3n, Sergio Berni, reforzando con las Fuerzas Federales, y teniendo reuniones operativas diarias para tomar inquietudes de la sociedad\u00bb.<\/p>\n<p>Participaron adem\u00e1s el intendente de Baradero, Aldo Carossi, y el diputado provincial, Marcelo Torres.<\/p>\n<p>&nbsp;<\/p>\n<p>&nbsp;<\/p>\n<p>&nbsp;<\/p>\n<p>&nbsp;<\/p>\n<p>&nbsp;<\/p>\n<p>&nbsp;<\/p>\n<p>&nbsp;<\/p>\n<p>&nbsp;<\/p>\n<p>&nbsp;<\/p>\n<p>&nbsp;<\/p>\n<p>&nbsp;<\/p>\n<p>&nbsp;<\/p>\n<p>&nbsp;<\/p>\n<p>&nbsp;<\/p>\n<p>&nbsp;<\/p>\n<p>&nbsp;<\/p>\n<p>&nbsp;<\/p>\n<p>&nbsp;<\/p>\n","protected":false},"excerpt":{"rendered":"<p>Z\u00c1RATE-El gobernador bonaerense asegur\u00f3 que \u00abhay quienes por una raz\u00f3n u otra siguen poni\u00e9ndole trabajas a la posibilidad de duplicar el n\u00famero de polic\u00edas en los municipios\u00bb<\/p>\n","protected":false},"author":8,"featured_media":0,"comment_status":"open","ping_status":"open","sticky":false,"template":"","format":"standard","meta":{"_jetpack_newsletter_access":"","_jetpack_dont_email_post_to_subs":false,"_jetpack_newsletter_tier_id":0,"_jetpack_memberships_contains_paywalled_content":false,"_jetpack_memberships_contains_paid_content":false,"footnotes":""},"categories":[51],"tags":[],"class_list":["post-51490","post","type-post","status-publish","format-standard","hentry","category-politica"],"jetpack_shortlink":"https:\/\/wp.me\/p2JWE0-dou","jetpack-related-posts":[{"id":103162,"url":"http:\/\/www.24baires.com\/?p=103162","url_meta":{"origin":51490,"position":0},"title":"Berisso es el primer municipio en eliminar la Polic\u00eda Local","author":"AF","date":"04\/07\/2018","format":false,"excerpt":"La municipalidad de Berisso se convirti\u00f3 en la primera comuna de la provincia en fusionar la Polic\u00eda Local con la bonaerense, siguiendo los planes del Gobierno provincial para eliminar la fuerza creada durante la gesti\u00f3n de Daniel Scioli. El intendente de Berisso, Jorge Nedela, firm\u00f3 ayer un convenio con el\u2026","rel":"","context":"En \u00abLocales\u00bb","block_context":{"text":"Locales","link":"http:\/\/www.24baires.com\/?cat=38"},"img":{"alt_text":"","src":"https:\/\/i0.wp.com\/www.24baires.com\/wp-content\/uploads\/2015\/10\/policia-local-mdp.jpg?resize=350%2C200","width":350,"height":200,"srcset":"https:\/\/i0.wp.com\/www.24baires.com\/wp-content\/uploads\/2015\/10\/policia-local-mdp.jpg?resize=350%2C200 1x, https:\/\/i0.wp.com\/www.24baires.com\/wp-content\/uploads\/2015\/10\/policia-local-mdp.jpg?resize=525%2C300 1.5x"},"classes":[]},{"id":54982,"url":"http:\/\/www.24baires.com\/?p=54982","url_meta":{"origin":51490,"position":1},"title":"Daniel Scioli, Jorge Macri, y el abrazo comprometedor","author":"Grupo Sierra","date":"07\/10\/2014","format":false,"excerpt":"El Gobernador se mostr\u00f3 junto al intendente macrista en la firma del acuerdo por la Polic\u00eda Municipal. \"Trabajamos en forma conjunta por la seguridad\", declararon. El Gobernador bonaerense, Daniel Scioli, firm\u00f3 este mediod\u00eda con el intendente de Vicente L\u00f3pez, Jorge Macri, la adhesi\u00f3n del municipio a la polic\u00eda local. \"Los\u2026","rel":"","context":"En \u00abPol\u00edtica\u00bb","block_context":{"text":"Pol\u00edtica","link":"http:\/\/www.24baires.com\/?cat=51"},"img":{"alt_text":"","src":"https:\/\/i0.wp.com\/www.24baires.com\/wp-content\/uploads\/2014\/10\/macri-scioli.jpg?resize=350%2C200","width":350,"height":200,"srcset":"https:\/\/i0.wp.com\/www.24baires.com\/wp-content\/uploads\/2014\/10\/macri-scioli.jpg?resize=350%2C200 1x, https:\/\/i0.wp.com\/www.24baires.com\/wp-content\/uploads\/2014\/10\/macri-scioli.jpg?resize=525%2C300 1.5x"},"classes":[]},{"id":54140,"url":"http:\/\/www.24baires.com\/?p=54140","url_meta":{"origin":51490,"position":2},"title":"La Polic\u00eda Local de Scioli ya tiene 17 mil inscriptos","author":"GB","date":"23\/09\/2014","format":false,"excerpt":"El ministro Alejandro Granados inform\u00f3 que son 17 mil las personas que se inscribieron para formar parte de esa fuerza de seguridad, decretada por el gobernador Daniel Scioli. El ministro de Seguridad bonaerense, Alejandro Granados, inform\u00f3 este martes que ya son 17 mil las personas que se inscribieron para formar\u2026","rel":"","context":"En \u00abProvincia\u00bb","block_context":{"text":"Provincia","link":"http:\/\/www.24baires.com\/?cat=40"},"img":{"alt_text":"","src":"https:\/\/i0.wp.com\/www.24baires.com\/wp-content\/uploads\/2014\/09\/granados-y-polic%C3%ADas.jpg?resize=350%2C200","width":350,"height":200,"srcset":"https:\/\/i0.wp.com\/www.24baires.com\/wp-content\/uploads\/2014\/09\/granados-y-polic%C3%ADas.jpg?resize=350%2C200 1x, https:\/\/i0.wp.com\/www.24baires.com\/wp-content\/uploads\/2014\/09\/granados-y-polic%C3%ADas.jpg?resize=525%2C300 1.5x"},"classes":[]},{"id":51567,"url":"http:\/\/www.24baires.com\/?p=51567","url_meta":{"origin":51490,"position":3},"title":"San Vicente se suma a la Polic\u00eda Local","author":"AF","date":"11\/08\/2014","format":false,"excerpt":"El gobernador Daniel Scioli firmar\u00e1 este lunes, a las 11, el Convenio de Adhesi\u00f3n de la Polic\u00eda Local con el municipio de San Vicente, que se suma a la implementaci\u00f3n de esta fuerza de prevenci\u00f3n decretada en el marco de la Emergencia en materia de seguridad. Scioli junto al intendente\u2026","rel":"","context":"En \u00abLocales\u00bb","block_context":{"text":"Locales","link":"http:\/\/www.24baires.com\/?cat=38"},"img":{"alt_text":"polic\u00eda municipal","src":"https:\/\/i0.wp.com\/www.24baires.com\/wp-content\/uploads\/2014\/07\/polic%C3%ADa-municipal.jpg?resize=350%2C200","width":350,"height":200,"srcset":"https:\/\/i0.wp.com\/www.24baires.com\/wp-content\/uploads\/2014\/07\/polic%C3%ADa-municipal.jpg?resize=350%2C200 1x, https:\/\/i0.wp.com\/www.24baires.com\/wp-content\/uploads\/2014\/07\/polic%C3%ADa-municipal.jpg?resize=525%2C300 1.5x"},"classes":[]},{"id":101122,"url":"http:\/\/www.24baires.com\/?p=101122","url_meta":{"origin":51490,"position":4},"title":"Indagar\u00e1n a Scioli por irregularidades en la construcci\u00f3n de las UPA 24","author":"AF","date":"17\/03\/2018","format":false,"excerpt":"El ex gobernador Daniel Scioli y quien fuera su ministro de Salud, Alejandro Collia, fueron imputados y citados a prestar declaraci\u00f3n indagatoria en el marco de una causa que investiga presuntas irregularidades en la adjudicaci\u00f3n de ocho Unidades de Pronta Atenci\u00f3n (UPA 24) para las que se destinaron m\u00e1s de\u2026","rel":"","context":"En \u00abJUDICIALES\u00bb","block_context":{"text":"JUDICIALES","link":"http:\/\/www.24baires.com\/?cat=68"},"img":{"alt_text":"","src":"https:\/\/i0.wp.com\/www.24baires.com\/wp-content\/uploads\/2014\/05\/Daniel-Scioli.jpg?resize=350%2C200","width":350,"height":200,"srcset":"https:\/\/i0.wp.com\/www.24baires.com\/wp-content\/uploads\/2014\/05\/Daniel-Scioli.jpg?resize=350%2C200 1x, https:\/\/i0.wp.com\/www.24baires.com\/wp-content\/uploads\/2014\/05\/Daniel-Scioli.jpg?resize=525%2C300 1.5x"},"classes":[]},{"id":65525,"url":"http:\/\/www.24baires.com\/?p=65525","url_meta":{"origin":51490,"position":5},"title":"\u00abNo estamos para comentar los problemas, sino para solucionarlos\u00bb, enfatiz\u00f3 Scioli","author":"GB","date":"07\/05\/2015","format":false,"excerpt":"Lo afirm\u00f3 el gobernador de la provincia de Buenos Aires, Daniel Scioli, al entregar en Moreno 40 nuevos m\u00f3viles policiales. Scioli salud\u00f3 a medio centenar de aspirantes a formar parte de la polic\u00eda local que comienzan con los cursos. \"Quiero agradecer a los j\u00f3venes que han tenido la vocaci\u00f3n de\u2026","rel":"","context":"En \u00abProvincia\u00bb","block_context":{"text":"Provincia","link":"http:\/\/www.24baires.com\/?cat=40"},"img":{"alt_text":"poli local lp","src":"https:\/\/i0.wp.com\/www.24baires.com\/wp-content\/uploads\/2015\/03\/poli-local-lp.jpg?resize=350%2C200","width":350,"height":200,"srcset":"https:\/\/i0.wp.com\/www.24baires.com\/wp-content\/uploads\/2015\/03\/poli-local-lp.jpg?resize=350%2C200 1x, https:\/\/i0.wp.com\/www.24baires.com\/wp-content\/uploads\/2015\/03\/poli-local-lp.jpg?resize=525%2C300 1.5x"},"classes":[]}],"jetpack_sharing_enabled":true,"jetpack_likes_enabled":true,"jetpack_featured_media_url":"","_links":{"self":[{"href":"http:\/\/www.24baires.com\/index.php?rest_route=\/wp\/v2\/posts\/51490","targetHints":{"allow":["GET"]}}],"collection":[{"href":"http:\/\/www.24baires.com\/index.php?rest_route=\/wp\/v2\/posts"}],"about":[{"href":"http:\/\/www.24baires.com\/index.php?rest_route=\/wp\/v2\/types\/post"}],"author":[{"embeddable":true,"href":"http:\/\/www.24baires.com\/index.php?rest_route=\/wp\/v2\/users\/8"}],"replies":[{"embeddable":true,"href":"http:\/\/www.24baires.com\/index.php?rest_route=%2Fwp%2Fv2%2Fcomments&post=51490"}],"version-history":[{"count":1,"href":"http:\/\/www.24baires.com\/index.php?rest_route=\/wp\/v2\/posts\/51490\/revisions"}],"predecessor-version":[{"id":51491,"href":"http:\/\/www.24baires.com\/index.php?rest_route=\/wp\/v2\/posts\/51490\/revisions\/51491"}],"wp:attachment":[{"href":"http:\/\/www.24baires.com\/index.php?rest_route=%2Fwp%2Fv2%2Fmedia&parent=51490"}],"wp:term":[{"taxonomy":"category","embeddable":true,"href":"http:\/\/www.24baires.com\/index.php?rest_route=%2Fwp%2Fv2%2Fcategories&post=51490"},{"taxonomy":"post_tag","embeddable":true,"href":"http:\/\/www.24baires.com\/index.php?rest_route=%2Fwp%2Fv2%2Ftags&post=51490"}],"curies":[{"name":"wp","href":"https:\/\/api.w.org\/{rel}","templated":true}]}}