{"id":51464,"date":"2014-08-09T11:00:01","date_gmt":"2014-08-09T14:00:01","guid":{"rendered":"http:\/\/www.24baires.com\/?p=51464"},"modified":"2014-08-09T10:15:24","modified_gmt":"2014-08-09T13:15:24","slug":"roque-perez-vuelve-a-reunirse-hoy-el-justicialismo-bonaerense","status":"publish","type":"post","link":"http:\/\/www.24baires.com\/?p=51464","title":{"rendered":"Roque P\u00e9rez: vuelve a reunirse hoy el Justicialismo bonaerense"},"content":{"rendered":"<p><img data-recalc-dims=\"1\" loading=\"lazy\" decoding=\"async\" class=\"aligncenter size-full wp-image-40908\" src=\"https:\/\/i0.wp.com\/www.24baires.com\/wp-content\/uploads\/2014\/02\/pj-b-1.jpg?resize=560%2C333\" alt=\"pj b 1\" width=\"560\" height=\"333\" srcset=\"https:\/\/i0.wp.com\/www.24baires.com\/wp-content\/uploads\/2014\/02\/pj-b-1.jpg?w=560 560w, https:\/\/i0.wp.com\/www.24baires.com\/wp-content\/uploads\/2014\/02\/pj-b-1.jpg?resize=300%2C178 300w\" sizes=\"auto, (max-width: 560px) 100vw, 560px\" \/>Con Fernando Espinoza a la cabeza, este s\u00e1bado discutir\u00e1n proyectos e ideas que competen al PJ y a la Provincia en su conjunto.<!--more--><\/p>\n<p>Bajo la presidencia de Fernando Espinoza, el peronismo bonaerense llevar\u00e1 a cabo este s\u00e1bado su tercera reuni\u00f3n de trabajo, esta vez en la localidad de Roque Perez, S\u00e9ptima Secci\u00f3n Electoral.<\/p>\n<p>La reuni\u00f3n se llevar\u00e1 a cabo a en la intersecci\u00f3n de las calles Berro y Alsina, y en la oportunidad, los integrantes del PJ provincial sesionar\u00e1n en distintas comisiones de trabajo donde discutir\u00e1n proyectos e ideas que competen al partido justicialista y a la provincia en su conjunto.<\/p>\n<p>El peronismo ya realiz\u00f3 reuniones de esta caracter\u00edstica en los distritos de Santa Teresita y Los Toldos, donde se realiz\u00f3 un homenaje a Eva Per\u00f3n.<\/p>\n<p>Las tem\u00e1ticas que se abordar\u00e1n en el plenario ser\u00e1n: juventud, econom\u00eda, desarrollo e inclusi\u00f3n social, educaci\u00f3n, seguridad, trabajo y producci\u00f3n y pol\u00edticas agropecuarias, al tiempo que se descuenta que de la reuni\u00f3n participar\u00e1n los principales dirigentes del partido.<\/p>\n<p>&nbsp;<\/p>\n<p>&nbsp;<\/p>\n<p>&nbsp;<\/p>\n<p>&nbsp;<\/p>\n<p>&nbsp;<\/p>\n<p>&nbsp;<\/p>\n<p>&nbsp;<\/p>\n<p>&nbsp;<\/p>\n<p>&nbsp;<\/p>\n<p>&nbsp;<\/p>\n<p>&nbsp;<\/p>\n<p>&nbsp;<\/p>\n<p>&nbsp;<\/p>\n<p>&nbsp;<\/p>\n<p>&nbsp;<\/p>\n<p>&nbsp;<\/p>\n<p>&nbsp;<\/p>\n<p>&nbsp;<\/p>\n","protected":false},"excerpt":{"rendered":"<p>Con Fernando Espinoza a la cabeza, este s\u00e1bado discutir\u00e1n proyectos e ideas que competen al PJ y a la Provincia en su conjunto.<\/p>\n","protected":false},"author":11,"featured_media":0,"comment_status":"open","ping_status":"open","sticky":false,"template":"","format":"standard","meta":{"_jetpack_newsletter_access":"","_jetpack_dont_email_post_to_subs":false,"_jetpack_newsletter_tier_id":0,"_jetpack_memberships_contains_paywalled_content":false,"_jetpack_memberships_contains_paid_content":false,"footnotes":""},"categories":[51],"tags":[],"class_list":["post-51464","post","type-post","status-publish","format-standard","hentry","category-politica"],"jetpack_shortlink":"https:\/\/wp.me\/p2JWE0-do4","jetpack-related-posts":[{"id":52304,"url":"http:\/\/www.24baires.com\/?p=52304","url_meta":{"origin":51464,"position":0},"title":"El PJ bonaerense se reunir\u00e1 en Coronel Rosales","author":"GB","date":"23\/08\/2014","format":false,"excerpt":"Ser\u00e1 el pr\u00f3ximo 30 de agosto, en la localidad de Punta Alta. Estar\u00e1 encabezado por el Presidente del partido e Intendente de La Matanza, Fernando Espinoza. Esta semana hubo una reuni\u00f3n para ultimar detalles y evaluar las realidades de cada municipio, de cara a 2015. El pr\u00f3ximo s\u00e1bado 30 de\u2026","rel":"","context":"En \u00abLocales\u00bb","block_context":{"text":"Locales","link":"http:\/\/www.24baires.com\/?cat=38"},"img":{"alt_text":"pj bonaerense","src":"https:\/\/i0.wp.com\/www.24baires.com\/wp-content\/uploads\/2013\/12\/pj-bonaerense.jpg?resize=350%2C200","width":350,"height":200,"srcset":"https:\/\/i0.wp.com\/www.24baires.com\/wp-content\/uploads\/2013\/12\/pj-bonaerense.jpg?resize=350%2C200 1x, https:\/\/i0.wp.com\/www.24baires.com\/wp-content\/uploads\/2013\/12\/pj-bonaerense.jpg?resize=525%2C300 1.5x"},"classes":[]},{"id":46646,"url":"http:\/\/www.24baires.com\/?p=46646","url_meta":{"origin":51464,"position":1},"title":"Reuni\u00f3n cumbre del Justicialismo en Los Toldos","author":"Grupo Sierra","date":"24\/05\/2014","format":false,"excerpt":"El Partido Justicialista (PJ) bonaerense se reunir\u00e1 en Los Toldos para debatir los principales temas que preocupan a los habitantes de la provincia de Buenos Aires y adem\u00e1s ratificar\u00e1n el respaldo a las pol\u00edticas p\u00fablicas de la presidenta Cristina Fern\u00e1ndez de Kirchner y del gobernador Daniel Scioli. En el marco\u2026","rel":"","context":"En \u00abPol\u00edtica\u00bb","block_context":{"text":"Pol\u00edtica","link":"http:\/\/www.24baires.com\/?cat=51"},"img":{"alt_text":"pj","src":"https:\/\/i0.wp.com\/www.24baires.com\/wp-content\/uploads\/2014\/04\/pj-300x190.jpg?resize=350%2C200","width":350,"height":200},"classes":[]},{"id":51494,"url":"http:\/\/www.24baires.com\/?p=51494","url_meta":{"origin":51464,"position":2},"title":"Roque P\u00e9rez: El PJ bonaerense llam\u00f3 a \u201cdefender la soberan\u00eda\u201d desde el partido","author":"GB","date":"09\/08\/2014","format":false,"excerpt":"El Partido Justicialista de la provincia de Buenos Aires realiz\u00f3 un congreso en la localidad de Roque P\u00e9rez, donde sus dirigentes destacaron el rol del partido en la defensa de la soberan\u00eda y ratificaron el apoyo a la presidenta Cristina Fern\u00e1ndez de Kirchner. El \u201cEncuentro de Reflexi\u00f3n y Debate\u201d tuvo\u2026","rel":"","context":"En \u00abPol\u00edtica\u00bb","block_context":{"text":"Pol\u00edtica","link":"http:\/\/www.24baires.com\/?cat=51"},"img":{"alt_text":"","src":"","width":0,"height":0},"classes":[]},{"id":82384,"url":"http:\/\/www.24baires.com\/?p=82384","url_meta":{"origin":51464,"position":3},"title":"El PJ bonaerense se re\u00fane este s\u00e1bado en Los Toldos","author":"AF","date":"06\/05\/2016","format":false,"excerpt":"El Partido Justicialista bonaerense se reunir\u00e1 este s\u00e1bado en la localidad de Los Toldos para conmemorar el 92\u00b0 aniversario del nacimiento de Eva Per\u00f3n. En medio de un contexto de fuertes peleas internas a ra\u00edz del quiebre del bloque de senadores provincial, el titular del PJ bonaerense, Fernando Espinoza, convoc\u00f3\u2026","rel":"","context":"En \u00abPol\u00edtica\u00bb","block_context":{"text":"Pol\u00edtica","link":"http:\/\/www.24baires.com\/?cat=51"},"img":{"alt_text":"espinoza","src":"https:\/\/i0.wp.com\/www.24baires.com\/wp-content\/uploads\/2013\/10\/espinoza.jpg?resize=350%2C200","width":350,"height":200,"srcset":"https:\/\/i0.wp.com\/www.24baires.com\/wp-content\/uploads\/2013\/10\/espinoza.jpg?resize=350%2C200 1x, https:\/\/i0.wp.com\/www.24baires.com\/wp-content\/uploads\/2013\/10\/espinoza.jpg?resize=525%2C300 1.5x"},"classes":[]},{"id":40514,"url":"http:\/\/www.24baires.com\/?p=40514","url_meta":{"origin":51464,"position":4},"title":"Espinoza confirm\u00f3 la Cumbre del PJ el pr\u00f3ximo s\u00e1bado en Santa Teresita","author":"Grupo Sierra","date":"15\/02\/2014","format":false,"excerpt":"El titular del Partido Justicialista (PJ) Bonaerense, Fernando Espinoza, confirm\u00f3 la realizaci\u00f3n de la cumbre partidaria que se realizar\u00e1 el pr\u00f3ximo s\u00e1bado 22 en Santa Teresita, donde, asegur\u00f3, \u201cnacer\u00e1 una nueva etapa por la unidad peronista\u201d. Espinoza, intendente de La Matanza, explic\u00f3 a T\u00e9lam que \u201cen este primer gran congreso\u201d\u2026","rel":"","context":"En \u00abPol\u00edtica\u00bb","block_context":{"text":"Pol\u00edtica","link":"http:\/\/www.24baires.com\/?cat=51"},"img":{"alt_text":"espinoza","src":"https:\/\/i0.wp.com\/www.24baires.com\/wp-content\/uploads\/2013\/10\/espinoza-300x168.jpg?resize=350%2C200","width":350,"height":200},"classes":[]},{"id":105962,"url":"http:\/\/www.24baires.com\/?p=105962","url_meta":{"origin":51464,"position":5},"title":"Gray asume la presidencia del PJ bonaerense","author":"GB","date":"17\/12\/2018","format":false,"excerpt":"Reemplazar\u00e1 a Men\u00e9ndez en virtud del acuerdo de unidad alcanzado por los intendentes de la Primera y de la Tercera. El intendente de Esteban Echeverr\u00eda, Fernando Gray, asumir\u00e1 esta tarde la presidencia del Partido Justicialista (PJ) bonaerense en reemplazo del jefe comunal de Merlo, Gustavo Men\u00e9ndez. El \"enroque\" de autoridades\u2026","rel":"","context":"En \u00abProvincia\u00bb","block_context":{"text":"Provincia","link":"http:\/\/www.24baires.com\/?cat=40"},"img":{"alt_text":"","src":"https:\/\/i0.wp.com\/www.24baires.com\/wp-content\/uploads\/2018\/12\/gray-pj-bonaerense.jpg?resize=350%2C200","width":350,"height":200,"srcset":"https:\/\/i0.wp.com\/www.24baires.com\/wp-content\/uploads\/2018\/12\/gray-pj-bonaerense.jpg?resize=350%2C200 1x, https:\/\/i0.wp.com\/www.24baires.com\/wp-content\/uploads\/2018\/12\/gray-pj-bonaerense.jpg?resize=525%2C300 1.5x"},"classes":[]}],"jetpack_sharing_enabled":true,"jetpack_likes_enabled":true,"jetpack_featured_media_url":"","_links":{"self":[{"href":"http:\/\/www.24baires.com\/index.php?rest_route=\/wp\/v2\/posts\/51464","targetHints":{"allow":["GET"]}}],"collection":[{"href":"http:\/\/www.24baires.com\/index.php?rest_route=\/wp\/v2\/posts"}],"about":[{"href":"http:\/\/www.24baires.com\/index.php?rest_route=\/wp\/v2\/types\/post"}],"author":[{"embeddable":true,"href":"http:\/\/www.24baires.com\/index.php?rest_route=\/wp\/v2\/users\/11"}],"replies":[{"embeddable":true,"href":"http:\/\/www.24baires.com\/index.php?rest_route=%2Fwp%2Fv2%2Fcomments&post=51464"}],"version-history":[{"count":1,"href":"http:\/\/www.24baires.com\/index.php?rest_route=\/wp\/v2\/posts\/51464\/revisions"}],"predecessor-version":[{"id":51465,"href":"http:\/\/www.24baires.com\/index.php?rest_route=\/wp\/v2\/posts\/51464\/revisions\/51465"}],"wp:attachment":[{"href":"http:\/\/www.24baires.com\/index.php?rest_route=%2Fwp%2Fv2%2Fmedia&parent=51464"}],"wp:term":[{"taxonomy":"category","embeddable":true,"href":"http:\/\/www.24baires.com\/index.php?rest_route=%2Fwp%2Fv2%2Fcategories&post=51464"},{"taxonomy":"post_tag","embeddable":true,"href":"http:\/\/www.24baires.com\/index.php?rest_route=%2Fwp%2Fv2%2Ftags&post=51464"}],"curies":[{"name":"wp","href":"https:\/\/api.w.org\/{rel}","templated":true}]}}