{"id":51401,"date":"2014-08-08T11:00:41","date_gmt":"2014-08-08T14:00:41","guid":{"rendered":"http:\/\/www.24baires.com\/?p=51401"},"modified":"2014-08-08T11:03:21","modified_gmt":"2014-08-08T14:03:21","slug":"sergio-massa-pidio-a-sus-intendentes-que-adhieran-a-la-policia-comunal","status":"publish","type":"post","link":"http:\/\/www.24baires.com\/?p=51401","title":{"rendered":"Sergio Massa pidi\u00f3 a sus Intendentes que adhieran a la Polic\u00eda Comunal"},"content":{"rendered":"<p><img data-recalc-dims=\"1\" loading=\"lazy\" decoding=\"async\" class=\"alignleft size-medium wp-image-13874\" src=\"https:\/\/i0.wp.com\/www.24baires.com\/wp-content\/uploads\/2013\/01\/massa-candidaturas.jpg?resize=300%2C179\" alt=\"massa candidaturas\" width=\"300\" height=\"179\" srcset=\"https:\/\/i0.wp.com\/www.24baires.com\/wp-content\/uploads\/2013\/01\/massa-candidaturas.jpg?resize=300%2C179 300w, https:\/\/i0.wp.com\/www.24baires.com\/wp-content\/uploads\/2013\/01\/massa-candidaturas.jpg?w=560 560w\" sizes=\"auto, (max-width: 300px) 100vw, 300px\" \/>Realiz\u00f3 un acto en <strong>Magdalena<\/strong> junto a parte de su tropa, incluyendo al grueso de sus jefes comunales, y pidi\u00f3 que apoyen la iniciativa de Daniel Scioli. \u201cNosotros no tenemos que ser un obst\u00e1culo para su implementaci\u00f3n\u201d, manifest\u00f3 la cara visible del Frente Renovador. El recuerdo de su contradictoria postura durante el debate parlamentario.<!--more--><\/p>\n<p>El diputado nacional y l\u00edder de esa fuerza, Sergio Massa, hizo un desembarco en el distrito de Magdalena y baj\u00f3 un importante mensaje a los alcaldes de su tropa que estaban presentes y los que no tambi\u00e9n. En una importante postal junto a 15 jefes comunales, concejales, legisladores y dirigentes, el ex Intendente de Tigre pidi\u00f3 a los suyos que acompa\u00f1en la Polic\u00eda Comunal impulsada desde la Gobernaci\u00f3n tras el fallido debate en la Legislatura y la cambiante posici\u00f3n de su espacio en los dos \u00faltimos meses.<\/p>\n<p>\u201cNuestra l\u00f3gica es que si hay cosas que le sirven a los vecinos, nosotros no tenemos que ser un obst\u00e1culo para su implementaci\u00f3n\u201d, destac\u00f3 ante sus interlocutores.<\/p>\n<p>Entre esos \u00faltimos sobresal\u00edan, por caso, los intendentes Daniel Bolettieri (Almirante Brown), Daniel Bolinaga (Arrecifes), Joaqu\u00edn De La Torre (San Miguel), Marcela Passo (General Lavalle), Jos\u00e9 Eseverri (Olavarr\u00eda), Ra\u00fal Feito (Tranque Lauquen), Gabriel Katopodis (San Mart\u00edn), Mario Meoni (Jun\u00edn), Carlos Oreste (Coronel Pringles), Gustavo Posse (San Isidro), Carlos Puglelli (San Andr\u00e9s de Giles), Carlos Selva (Mercedes), Mart\u00edn Caso (Rojas), Julio Zamora (Tigre) y el local Fernando Carballo.<\/p>\n<p>Tambi\u00e9n cant\u00f3 presente el diputado nacional Dar\u00edo Giustozzi, quien volvi\u00f3 a mostrarse con Massa luego de los rumores de salida. Y otros como Juan Jos\u00e9 Amondarain, Jos\u00e9 Luis Pallares, Nicol\u00e1s Russo, Diego Molea y Walter Queijeiro.<\/p>\n<p>Con todo, las autoridades municipales estar\u00edan listas para firmar, algunas a rega\u00f1adientes, su adhesi\u00f3n a la Polic\u00eda Comunal. Aunque todo indica que la suscripci\u00f3n de cada uno ser\u00e1 en forma conjunta con el ministro de Seguridad, Alejandro Granados, y no en la modalidad individual como hasta ahora prefiri\u00f3 el funcionario de la provincia.<\/p>\n<p>Esta semana cabe recordar que Zamora -interino en Tigre- hab\u00eda empezado a marcar el camino anunciando que \u00e9l pondr\u00eda el gancho desde la comuna de zona norte, no sin marcar algunos reparos contra la fuerza policial en ciernes. Era un anticipo de lo que ven\u00eda: el delegado de Massa en esa Municipalidad no hace nada sin consultarlo con \u00e9ste antes.<\/p>\n<p>La postura del massismo en el Parlamento provincial no deja de contrastar con esta decisi\u00f3n, acaso motorizada por lo que se\u00f1alan las encuestas y sondeos de opini\u00f3n. Sucede que en los \u00faltimos meses, desde que Daniel Scioli decret\u00f3 la emergencia en materia de seguridad y empuj\u00f3 el armado de estas Polic\u00edas Municipales, los n\u00fameros comenzaron a mejorar para el Gobernador bonaerense: es probable que en el Delta hayan tomado nota.<\/p>\n<p>El posicionamiento legislativo de su frente, indudablemente, rest\u00f3 m\u00e1s de lo que sum\u00f3. Principalmente por la contradicci\u00f3n que signific\u00f3 el haber dado la venia en la C\u00e1mara de Diputados para luego bajarla en el Senado, donde los miembros de su tira resist\u00edan los cambios introducidos en el otro cuerpo y trabaron la discusi\u00f3n en el recinto.<\/p>\n<p>&nbsp;<\/p>\n<p>&nbsp;<\/p>\n<p>&nbsp;<\/p>\n<p>&nbsp;<\/p>\n<p>&nbsp;<\/p>\n<p>&nbsp;<\/p>\n<p>&nbsp;<\/p>\n<p>&nbsp;<\/p>\n<p>&nbsp;<\/p>\n<p>&nbsp;<\/p>\n<p>&nbsp;<\/p>\n<p>&nbsp;<\/p>\n<p>&nbsp;<\/p>\n<p>&nbsp;<\/p>\n<p>&nbsp;<\/p>\n<p>&nbsp;<\/p>\n<p>&nbsp;<\/p>\n<p>&nbsp;<\/p>\n<p>&nbsp;<\/p>\n<p>&nbsp;<\/p>\n<p>&nbsp;<\/p>\n","protected":false},"excerpt":{"rendered":"<p>Realiz\u00f3 un acto en Magdalena junto a parte de su tropa, incluyendo al grueso de sus jefes comunales, y pidi\u00f3 que apoyen la iniciativa de Daniel Scioli. \u201cNosotros no tenemos que ser un obst\u00e1culo para su implementaci\u00f3n\u201d, manifest\u00f3 la cara visible del Frente Renovador. El recuerdo de su contradictoria postura durante el debate parlamentario.<\/p>\n","protected":false},"author":8,"featured_media":0,"comment_status":"open","ping_status":"open","sticky":false,"template":"","format":"standard","meta":{"_jetpack_newsletter_access":"","_jetpack_dont_email_post_to_subs":false,"_jetpack_newsletter_tier_id":0,"_jetpack_memberships_contains_paywalled_content":false,"_jetpack_memberships_contains_paid_content":false,"footnotes":""},"categories":[51],"tags":[],"class_list":["post-51401","post","type-post","status-publish","format-standard","hentry","category-politica"],"jetpack_shortlink":"https:\/\/wp.me\/p2JWE0-dn3","jetpack-related-posts":[{"id":120591,"url":"http:\/\/www.24baires.com\/?p=120591","url_meta":{"origin":51401,"position":0},"title":"Massa y Kicillof pidieron a los intendentes redoblar esfuerzos para ganar el balotaje","author":"AF","date":"25\/10\/2023","format":false,"excerpt":"El candidato y el gobernador reelecto se mostraron en la primera foto juntos tras el triunfo del domingo. M\u00e1s de 80 intendentes comunales participaron del encuentro. Contraste con el conflicto en Juntos por el Cambio. El ministro de Econom\u00eda y candidato a presidente de Uni\u00f3n por la Patria (UxP), Sergio\u2026","rel":"","context":"En \u00abPol\u00edtica\u00bb","block_context":{"text":"Pol\u00edtica","link":"http:\/\/www.24baires.com\/?cat=51"},"img":{"alt_text":"","src":"https:\/\/i0.wp.com\/www.24baires.com\/wp-content\/uploads\/2023\/10\/massa-kici.jpg?resize=350%2C200","width":350,"height":200,"srcset":"https:\/\/i0.wp.com\/www.24baires.com\/wp-content\/uploads\/2023\/10\/massa-kici.jpg?resize=350%2C200 1x, https:\/\/i0.wp.com\/www.24baires.com\/wp-content\/uploads\/2023\/10\/massa-kici.jpg?resize=525%2C300 1.5x, https:\/\/i0.wp.com\/www.24baires.com\/wp-content\/uploads\/2023\/10\/massa-kici.jpg?resize=700%2C400 2x"},"classes":[]},{"id":100697,"url":"http:\/\/www.24baires.com\/?p=100697","url_meta":{"origin":51401,"position":1},"title":"Sol\u00e1: \u00abMassa va a tener que sumarse a la unidad del peronismo\u00bb","author":"GB","date":"23\/02\/2018","format":false,"excerpt":"El diputado nacional del FR sostuvo que \"lo importante es la unidad para enfrentar al neoliberalismo\". En medio de la discusi\u00f3n por la unidad del PJ de cara al 2019, el diputado nacional Felipe Sol\u00e1 presion\u00f3 a su actual jefe pol\u00edtico Sergio Massa para que haga a un lado sus\u2026","rel":"","context":"En \u00abPol\u00edtica\u00bb","block_context":{"text":"Pol\u00edtica","link":"http:\/\/www.24baires.com\/?cat=51"},"img":{"alt_text":"","src":"https:\/\/i0.wp.com\/www.24baires.com\/wp-content\/uploads\/2014\/07\/felipe-sol%C3%A1.jpg?resize=350%2C200","width":350,"height":200,"srcset":"https:\/\/i0.wp.com\/www.24baires.com\/wp-content\/uploads\/2014\/07\/felipe-sol%C3%A1.jpg?resize=350%2C200 1x, https:\/\/i0.wp.com\/www.24baires.com\/wp-content\/uploads\/2014\/07\/felipe-sol%C3%A1.jpg?resize=525%2C300 1.5x"},"classes":[]},{"id":101772,"url":"http:\/\/www.24baires.com\/?p=101772","url_meta":{"origin":51401,"position":2},"title":"El intendente de Florencio Varela critic\u00f3 a Patricia Bullrich y pidi\u00f3 seguridad","author":"GB","date":"24\/04\/2018","format":false,"excerpt":"El jefe comunal mantuvo una reuni\u00f3n con la polic\u00eda de ese distrito y funcionarios municipales ante la preocupaci\u00f3n de los vecinos. En ese marco apunt\u00f3 contra la Ministra de Seguridad de la Naci\u00f3n. El Intendente de Florencio Varela, Andr\u00e9s Watson, se reuni\u00f3 ayer por la tarde con las fuerzas de\u2026","rel":"","context":"En \u00abMunicipios\u00bb","block_context":{"text":"Municipios","link":"http:\/\/www.24baires.com\/?cat=44"},"img":{"alt_text":"","src":"https:\/\/i0.wp.com\/www.24baires.com\/wp-content\/uploads\/2018\/04\/int-florencio-varela.jpg?resize=350%2C200","width":350,"height":200,"srcset":"https:\/\/i0.wp.com\/www.24baires.com\/wp-content\/uploads\/2018\/04\/int-florencio-varela.jpg?resize=350%2C200 1x, https:\/\/i0.wp.com\/www.24baires.com\/wp-content\/uploads\/2018\/04\/int-florencio-varela.jpg?resize=525%2C300 1.5x"},"classes":[]},{"id":105173,"url":"http:\/\/www.24baires.com\/?p=105173","url_meta":{"origin":51401,"position":3},"title":"\u00abSer\u00eda aberrante formar un frente opositor sin el kirchnerismo\u00bb","author":"GB","date":"30\/10\/2018","format":false,"excerpt":"El intendente de Tigre afirm\u00f3 que CFK y Massa tienen \"ideas en com\u00fan\" y pidi\u00f3 que confluyan en un mismo frente. Larroque le abri\u00f3 las puertas al exdiputado y dijo que \"el \u00fanico l\u00edmite es Macri\". El intendente de Tigre, Julio Zamora, opin\u00f3 que ser\u00eda \"aberrante\" excluir al kirchnerismo del\u2026","rel":"","context":"En \u00abPol\u00edtica\u00bb","block_context":{"text":"Pol\u00edtica","link":"http:\/\/www.24baires.com\/?cat=51"},"img":{"alt_text":"","src":"https:\/\/i0.wp.com\/www.24baires.com\/wp-content\/uploads\/2018\/10\/massa-zamora.jpg?resize=350%2C200","width":350,"height":200,"srcset":"https:\/\/i0.wp.com\/www.24baires.com\/wp-content\/uploads\/2018\/10\/massa-zamora.jpg?resize=350%2C200 1x, https:\/\/i0.wp.com\/www.24baires.com\/wp-content\/uploads\/2018\/10\/massa-zamora.jpg?resize=525%2C300 1.5x"},"classes":[]},{"id":106251,"url":"http:\/\/www.24baires.com\/?p=106251","url_meta":{"origin":51401,"position":4},"title":"El intendente de Magdalena ech\u00f3 al funcionario que reclutaba m\u00e9dicos \u00abpro vida\u00bb","author":"GB","date":"08\/01\/2019","format":false,"excerpt":"El radical Gonzalo Peluso desplaz\u00f3 al Secretario de Salud del municipio por publicar una convocatoria informal en un grupo de Facebook para contratar a m\u00e9dicos que se opusieran a la legalizaci\u00f3n del aborto. El intendente de Magdalena, Gonzalo Peluso, ech\u00f3 a su secretario de Salud, Julio C\u00e9sar Romero, por reclutar\u2026","rel":"","context":"En \u00abMunicipios\u00bb","block_context":{"text":"Municipios","link":"http:\/\/www.24baires.com\/?cat=44"},"img":{"alt_text":"","src":"https:\/\/i0.wp.com\/www.24baires.com\/wp-content\/uploads\/2019\/01\/intendente-magdalena.jpg?resize=350%2C200","width":350,"height":200,"srcset":"https:\/\/i0.wp.com\/www.24baires.com\/wp-content\/uploads\/2019\/01\/intendente-magdalena.jpg?resize=350%2C200 1x, https:\/\/i0.wp.com\/www.24baires.com\/wp-content\/uploads\/2019\/01\/intendente-magdalena.jpg?resize=525%2C300 1.5x"},"classes":[]},{"id":112749,"url":"http:\/\/www.24baires.com\/?p=112749","url_meta":{"origin":51401,"position":5},"title":"Malvinas Argentinas: Nardini fue el intendente m\u00e1s votado del Conurbano con el 70%","author":"AF","date":"28\/10\/2019","format":false,"excerpt":"El jefe comunal fue electo por una importante diferencia y tendr\u00e1 un periodo m\u00e1s al frente de Malvinas Argentinas. El intendente de Malvinas Argentinas, Leo Nardini, logr\u00f3 la reeleci\u00f3n con casi el 70% de los votos y se convirti\u00f3 en el jefe comunal m\u00e1s votado de todo el Conurbano bonaerense.\u2026","rel":"","context":"En \u00abELECCIONES 2019\u00bb","block_context":{"text":"ELECCIONES 2019","link":"http:\/\/www.24baires.com\/?cat=329"},"img":{"alt_text":"","src":"https:\/\/i0.wp.com\/www.24baires.com\/wp-content\/uploads\/2019\/10\/nardini.jpg?resize=350%2C200","width":350,"height":200,"srcset":"https:\/\/i0.wp.com\/www.24baires.com\/wp-content\/uploads\/2019\/10\/nardini.jpg?resize=350%2C200 1x, https:\/\/i0.wp.com\/www.24baires.com\/wp-content\/uploads\/2019\/10\/nardini.jpg?resize=525%2C300 1.5x"},"classes":[]}],"jetpack_sharing_enabled":true,"jetpack_likes_enabled":true,"jetpack_featured_media_url":"","_links":{"self":[{"href":"http:\/\/www.24baires.com\/index.php?rest_route=\/wp\/v2\/posts\/51401","targetHints":{"allow":["GET"]}}],"collection":[{"href":"http:\/\/www.24baires.com\/index.php?rest_route=\/wp\/v2\/posts"}],"about":[{"href":"http:\/\/www.24baires.com\/index.php?rest_route=\/wp\/v2\/types\/post"}],"author":[{"embeddable":true,"href":"http:\/\/www.24baires.com\/index.php?rest_route=\/wp\/v2\/users\/8"}],"replies":[{"embeddable":true,"href":"http:\/\/www.24baires.com\/index.php?rest_route=%2Fwp%2Fv2%2Fcomments&post=51401"}],"version-history":[{"count":2,"href":"http:\/\/www.24baires.com\/index.php?rest_route=\/wp\/v2\/posts\/51401\/revisions"}],"predecessor-version":[{"id":51403,"href":"http:\/\/www.24baires.com\/index.php?rest_route=\/wp\/v2\/posts\/51401\/revisions\/51403"}],"wp:attachment":[{"href":"http:\/\/www.24baires.com\/index.php?rest_route=%2Fwp%2Fv2%2Fmedia&parent=51401"}],"wp:term":[{"taxonomy":"category","embeddable":true,"href":"http:\/\/www.24baires.com\/index.php?rest_route=%2Fwp%2Fv2%2Fcategories&post=51401"},{"taxonomy":"post_tag","embeddable":true,"href":"http:\/\/www.24baires.com\/index.php?rest_route=%2Fwp%2Fv2%2Ftags&post=51401"}],"curies":[{"name":"wp","href":"https:\/\/api.w.org\/{rel}","templated":true}]}}